{"id":432113,"date":"2025-10-01T21:49:13","date_gmt":"2025-10-01T21:49:13","guid":{"rendered":"https:\/\/www.europesays.com\/fr\/432113\/"},"modified":"2025-10-01T21:49:13","modified_gmt":"2025-10-01T21:49:13","slug":"antoine-de-saint-exupery-terre-des-hommes-illustrations-de-riad-sattouf","status":"publish","type":"post","link":"https:\/\/www.europesays.com\/fr\/432113\/","title":{"rendered":"Antoine de Saint-Exup\u00e9ry, Terre des Hommes (Illustrations de Riad Sattouf)"},"content":{"rendered":"<p>Terre des hommes est pour Riad Sattouf un texte fondateur qu\u2019il ne cesse de relire depuis l\u2019adolescence. L\u2019auteur de L\u2019Arabe du futur y a trouv\u00e9 la grande m\u00e9taphore de l\u2019\u00e2ge adulte \u00e0 venir\u00a0; il y puise une force vitale, un \u00e9lan vers le monde qu\u2019il ch\u00e9rit.<\/p>\n<p>En l\u2019enrichissant aujourd\u2019hui de cent cinquante illustrations, il nous invite \u00e0 red\u00e9couvrir ce chef-d\u2019\u0153uvre, o\u00f9 Antoine de Saint-Exup\u00e9ry raconte son exp\u00e9rience de jeune pilote dans l\u2019aviation postale\u00a0: \u00e9motions puissantes face \u00e0 la nature, vol de nuit perdu au-dessus de la mer, solitude du d\u00e9sert africain, p\u00e9rils dans les Andes, fraternit\u00e9 entre pilotes, rencontres des civilisations&#8230;<\/p>\n<p>Au-del\u00e0 de la force graphique, de la synth\u00e8se visuelle et de l\u2019humour discret des images, le langage du dessinateur sublime le lien qu\u2019\u00e9tablit Saint-Exup\u00e9ry entre la grande aventure et ce qui constitue notre humanit\u00e9.<\/p>\n<p><strong><a href=\"https:\/\/r.cantook.com\/eden\/sample\/aHR0cHM6Ly93d3cuZWRlbmxpdnJlcy5mci9zYW1wbGUvODE2MzY4L3dlYl9yZWFkZXJfbWFuaWZlc3Q_Zm9ybWF0X25hdHVyZT1wZGYmc2lnaWQ9MTcyNjMxNjUzNiZzaWduYXR1cmU9MjAyMTAyZmJmZDM0ZjA5M2M3YWRmZmRlNGYxYWQ0YmFkZjA1Y2NhMjk5NjBiNTg4MjRlODNkZGFiNjVjYjZkZg\" target=\"_blank\" rel=\"noopener\">Feuilleter l&rsquo;ouvrage\u2026<\/a><\/strong><\/p>\n<p><strong>L&rsquo;ouvrage fait l&rsquo;objet d&rsquo;une <a href=\"https:\/\/www.galeriegallimard.com\/blogs\/expositions\/terre-des-hommes-riad-sattouf-illustre-antoine-de-saint-exupery\" target=\"_blank\" rel=\"noopener\">exposition \u00e0 la Galerie Gallimard<\/a> du 3 oct. au 13 d\u00e9c. 2025.<\/strong><\/p>\n","protected":false},"excerpt":{"rendered":"Terre des hommes est pour Riad Sattouf un texte fondateur qu\u2019il ne cesse de relire depuis l\u2019adolescence. L\u2019auteur&hellip;\n","protected":false},"author":2,"featured_media":432114,"comment_status":"","ping_status":"","sticky":false,"template":"","format":"standard","meta":{"footnotes":""},"categories":[1357],"tags":[1379,58,59,1011,27,1380],"class_list":{"0":"post-432113","1":"post","2":"type-post","3":"status-publish","4":"format-standard","5":"has-post-thumbnail","7":"category-livres","8":"tag-books","9":"tag-divertissement","10":"tag-entertainment","11":"tag-fr","12":"tag-france","13":"tag-livres"},"share_on_mastodon":{"url":"https:\/\/pubeurope.com\/@fr\/115301119734883902","error":""},"_links":{"self":[{"href":"https:\/\/www.europesays.com\/fr\/wp-json\/wp\/v2\/posts\/432113","targetHints":{"allow":["GET"]}}],"collection":[{"href":"https:\/\/www.europesays.com\/fr\/wp-json\/wp\/v2\/posts"}],"about":[{"href":"https:\/\/www.europesays.com\/fr\/wp-json\/wp\/v2\/types\/post"}],"author":[{"embeddable":true,"href":"https:\/\/www.europesays.com\/fr\/wp-json\/wp\/v2\/users\/2"}],"replies":[{"embeddable":true,"href":"https:\/\/www.europesays.com\/fr\/wp-json\/wp\/v2\/comments?post=432113"}],"version-history":[{"count":0,"href":"https:\/\/www.europesays.com\/fr\/wp-json\/wp\/v2\/posts\/432113\/revisions"}],"wp:featuredmedia":[{"embeddable":true,"href":"https:\/\/www.europesays.com\/fr\/wp-json\/wp\/v2\/media\/432114"}],"wp:attachment":[{"href":"https:\/\/www.europesays.com\/fr\/wp-json\/wp\/v2\/media?parent=432113"}],"wp:term":[{"taxonomy":"category","embeddable":true,"href":"https:\/\/www.europesays.com\/fr\/wp-json\/wp\/v2\/categories?post=432113"},{"taxonomy":"post_tag","embeddable":true,"href":"https:\/\/www.europesays.com\/fr\/wp-json\/wp\/v2\/tags?post=432113"}],"curies":[{"name":"wp","href":"https:\/\/api.w.org\/{rel}","templated":true}]}}