{"id":432115,"date":"2025-10-01T21:50:19","date_gmt":"2025-10-01T21:50:19","guid":{"rendered":"https:\/\/www.europesays.com\/fr\/432115\/"},"modified":"2025-10-01T21:50:19","modified_gmt":"2025-10-01T21:50:19","slug":"il-a-fallu-attendre-8-minutes-avant-la-fin-pour-que-les-fans-aient-droit-a-ce-moment-quils-attendaient-depuis-3-ans","status":"publish","type":"post","link":"https:\/\/www.europesays.com\/fr\/432115\/","title":{"rendered":"Il a fallu attendre 8 minutes avant la fin pour que les fans aient droit \u00e0 ce moment qu\u2019ils attendaient depuis 3 ans"},"content":{"rendered":"<p>Depuis le 25 septembre, les abonn\u00e9s Netflix peuvent d\u00e9couvrir la saison 3 d\u2019Alice in Borderland, qui arrive pr\u00e8s de trois ans apr\u00e8s la saison 2. Leur patience a \u00e9t\u00e9 r\u00e9compens\u00e9e \u00e0 plus d\u2019un titre, notamment \u00e0 travers cette sc\u00e8ne qu\u2019ils attendaient particuli\u00e8rement, et qui est pr\u00e9sente dans les derniers moments de la saison. <\/p>\n<p>Avec la saison 2, les fans d\u2019Alice in Borderland pensaient conna\u00eetre la fin de l\u2019histoire, mais <a href=\"https:\/\/www.programme-tv.net\/news\/series-tv\/317099-alice-in-borderland-netflix-quelle-est-la-signification-de-la-carte-joker-a-la-fin-de-la-saison-2\/\" data-api-deeplink=\"teleloisirs:\/\/news\/317099\" target=\"_blank\" rel=\"noopener\">la pr\u00e9sence d\u2019une carte Joker<\/a> a vite sem\u00e9 le doute. Elle n\u2019\u00e9tait pas pr\u00e9sente par hasard puisque Netflix a ensuite confirm\u00e9 la production d\u2019<a href=\"https:\/\/www.programme-tv.net\/news\/series-tv\/336921-alice-in-borderland-saison-3-netflix-casting-intrigues-les-premieres-infos-sur-la-suite-de-la-serie\/\" data-api-deeplink=\"teleloisirs:\/\/news\/336921\" target=\"_blank\" rel=\"noopener\">une saison 3<\/a>, arriv\u00e9e le 25 septembre dernier, pr\u00e8s de trois ans apr\u00e8s la sortie de la deuxi\u00e8me salve. Dans ces nouveaux \u00e9pisodes, Kento Yamazaki et Tao Tsuchiya ont repris leurs r\u00f4les d\u2019Arisu et Usagi, mais d\u2019autres personnages principaux \u00e9taient aux abonn\u00e9s absents, remplac\u00e9s par des nouveaux visages. Une chose qui a beaucoup fait parler, les internautes se demandant notamment si <a href=\"https:\/\/www.programme-tv.net\/news\/series-tv\/383003-alice-in-borderland-chishiya-de-retour-dans-la-saison-3-cet-indice-qui-en-dit-long\/\" data-api-deeplink=\"teleloisirs:\/\/news\/383003\" target=\"_blank\" rel=\"noopener\">Chishiya et Kuina, deux des personnages les plus appr\u00e9ci\u00e9s d\u2019Alice in Borderland, feraient une apparition<\/a> dans cette troisi\u00e8me saison. La r\u00e9ponse est arriv\u00e9e \u00e0 8 minutes de la fin de la saison 3.<\/p>\n<p>                        Alice in Borderland : cette sc\u00e8ne de l\u2019\u00e9pisode 6 de la saison 3 a combl\u00e9 les fans<\/p>\n<p>Dans <a href=\"https:\/\/www.programme-tv.net\/news\/series-tv\/388435-alice-in-borderland-la-fin-de-la-saison-3-expliquee\/\" data-api-deeplink=\"teleloisirs:\/\/news\/388435\" target=\"_blank\" rel=\"noopener\">l\u2019ultime \u00e9pisode de la troisi\u00e8me saison<\/a>, Arisu et Usagi r\u00e9ussissaient \u00e0 quitter Borderland et \u00e0 revenir en vie dans le monde r\u00e9el. Arisu reprenait donc son travail dans une clinique psychiatrique, et c\u2019est l\u00e0 que les fans ont \u00e9t\u00e9 combl\u00e9s. En effet, ils ont ainsi pu retrouver plusieurs personnages phares de la s\u00e9rie. \u00c0 commencer par Kuina (Aya Asahina). Se sont ensuite succ\u00e9d\u00e9 Aguni (Sho Aoyagi), Niragi (Sho Aoyagi) et enfin Chishiya (Nijir\u014d Murakami). Une sc\u00e8ne qui a mis du baume au coeur des fans de la s\u00e9rie, qui attendaient l\u2019apparition de Chishiya depuis la premi\u00e8re minute de la saison 3 !<\/p>\n<p>Kento Yamazaki (Arisu) r\u00e9agit \u00e0 ses retrouvailles avec les anciens acteurs dans la saison 3 d\u2019Alice in Borderland<\/p>\n<p>Interrog\u00e9 par le site TVGuide, Kento Yamazaki a r\u00e9agi \u00e0 cette sc\u00e8ne qui lui a autant plu qu\u2019elle a \u00e9t\u00e9 appr\u00e9ci\u00e9e par les fans d\u2019Alice in Borderland. \u00ab\u00a0Cela faisait longtemps que je ne les avais pas vus. Ces retrouvailles m\u2019ont rendu tr\u00e8s heureux. En tant que fan de la s\u00e9rie, c\u2019\u00e9tait g\u00e9nial de voir que ces personnages allaient faire une apparition. C\u2019\u00e9tait une sc\u00e8ne tr\u00e8s \u00e9mouvante pour moi. C\u2019\u00e9tait rempli de joie, j\u2019ai beaucoup aim\u00e9 la tourner\u00a0\u00bb, a d\u00e9clar\u00e9 l\u2019acteur.<\/p>\n<p>Dans une autre interview, l\u2019interpr\u00e8te d\u2019Arisu a aussi donn\u00e9 son avis sur <a href=\"https:\/\/www.programme-tv.net\/news\/series-tv\/388417-alice-in-borderland-bientot-une-saison-4-ou-un-spin-off-lequipe-de-la-serie-prend-position\/\" data-api-deeplink=\"teleloisirs:\/\/news\/388417\" target=\"_blank\" rel=\"noopener\">une possible saison 4 d\u2019Alice in Borderland<\/a>.<\/p>\n<p>https:\/\/www.programme-tv.net\/news\/series-tv\/388546-alice-in-borderland-netflix-pour-les-vrais-fans-le-premier-jeu-de-la-saison-3-est-une-grosse-incoherence\/<\/p>\n","protected":false},"excerpt":{"rendered":"Depuis le 25 septembre, les abonn\u00e9s Netflix peuvent d\u00e9couvrir la saison 3 d\u2019Alice in Borderland, qui arrive pr\u00e8s&hellip;\n","protected":false},"author":2,"featured_media":432116,"comment_status":"","ping_status":"","sticky":false,"template":"","format":"standard","meta":{"footnotes":""},"categories":[1356],"tags":[50618,55997,55998,244,58,59,1011,27,127,1722,1721,129,252,1364],"class_list":{"0":"post-432115","1":"post","2":"type-post","3":"status-publish","4":"format-standard","5":"has-post-thumbnail","7":"category-television","8":"tag-alice-in-borderland","9":"tag-alice-in-borderland-saison-3-52192334","10":"tag-alice-in-borderland-46502331","11":"tag-commentaire","12":"tag-divertissement","13":"tag-entertainment","14":"tag-fr","15":"tag-france","16":"tag-netflix","17":"tag-pub-streaming-netflix","18":"tag-su00e9rie-netflix","19":"tag-svod","20":"tag-television","21":"tag-tv"},"share_on_mastodon":{"url":"https:\/\/pubeurope.com\/@fr\/115301123799550498","error":""},"_links":{"self":[{"href":"https:\/\/www.europesays.com\/fr\/wp-json\/wp\/v2\/posts\/432115","targetHints":{"allow":["GET"]}}],"collection":[{"href":"https:\/\/www.europesays.com\/fr\/wp-json\/wp\/v2\/posts"}],"about":[{"href":"https:\/\/www.europesays.com\/fr\/wp-json\/wp\/v2\/types\/post"}],"author":[{"embeddable":true,"href":"https:\/\/www.europesays.com\/fr\/wp-json\/wp\/v2\/users\/2"}],"replies":[{"embeddable":true,"href":"https:\/\/www.europesays.com\/fr\/wp-json\/wp\/v2\/comments?post=432115"}],"version-history":[{"count":0,"href":"https:\/\/www.europesays.com\/fr\/wp-json\/wp\/v2\/posts\/432115\/revisions"}],"wp:featuredmedia":[{"embeddable":true,"href":"https:\/\/www.europesays.com\/fr\/wp-json\/wp\/v2\/media\/432116"}],"wp:attachment":[{"href":"https:\/\/www.europesays.com\/fr\/wp-json\/wp\/v2\/media?parent=432115"}],"wp:term":[{"taxonomy":"category","embeddable":true,"href":"https:\/\/www.europesays.com\/fr\/wp-json\/wp\/v2\/categories?post=432115"},{"taxonomy":"post_tag","embeddable":true,"href":"https:\/\/www.europesays.com\/fr\/wp-json\/wp\/v2\/tags?post=432115"}],"curies":[{"name":"wp","href":"https:\/\/api.w.org\/{rel}","templated":true}]}}