{"id":43212,"date":"2025-04-22T05:39:20","date_gmt":"2025-04-22T05:39:20","guid":{"rendered":"https:\/\/www.europesays.com\/fr\/43212\/"},"modified":"2025-04-22T05:39:20","modified_gmt":"2025-04-22T05:39:20","slug":"la-municipalite-jette-500-000e-par-la-fenetre","status":"publish","type":"post","link":"https:\/\/www.europesays.com\/fr\/43212\/","title":{"rendered":"LA MUNICIPALIT\u00c9 JETTE 500 000\u20ac PAR LA FEN\u00caTRE&#8230;"},"content":{"rendered":"<p>Posted On 22 avril 2025 <\/p>\n<p>\u00a0\u00bb Ou va notre argent ?\u00a0\u00bb\u00a0 Souvent <a href=\"https:\/\/grenoble-le-changement.fr\/2024\/11\/01\/grenoble-une-ville-financierement-asphyxiee-premiere-pour-limpot\/\" target=\"_blank\" rel=\"noopener\">les grenoblois \u00e9cras\u00e9s d&rsquo;imp\u00f4ts<\/a> qui <a href=\"https:\/\/grenoble-le-changement.fr\/2025\/02\/06\/gilles-namur-verts-lfi-laffirme-grenoble-nest-pas-plus-sale-quailleurs\/\" target=\"_blank\" rel=\"noopener\">vivent dans une ville sale<\/a>, mal entretenue, avec des trottoirs et une chauss\u00e9e d\u00e9fonc\u00e9e, sans police suffisante et arm\u00e9e pour les d\u00e9fendre, sans cam\u00e9ras, se posent cette question.\u00a0<\/p>\n<p>Le groupe d&rsquo;opposition qui pr\u00e9pare un projet pour r\u00e9pondre aux probl\u00e9matiques de la ville, donne sans cesse des exemples des dysfonctionnements ville\/M\u00e9tropole, des d\u00e9penses de fonctionnement empil\u00e9es, des folies dites \u00ab\u00a0\u00e9colo\u00a0\u00bb qui vont<a href=\"https:\/\/grenoble-le-changement.fr\/2024\/06\/22\/presquile-les-scandales-de-la-folie-verte-eclatent\/\" target=\"_blank\" rel=\"noopener\"> de \u00ab\u00a0la for\u00eat de panneaux photovolta\u00efques \u00ab\u00a0sur l&rsquo;immeuble ABC (2, 4 Millions d&rsquo;\u20ac )<\/a> \u00e0 la presqu&rsquo;ile , qui ne fonctionneront jamais, ou les 230 000 \u20ac engag\u00e9s cette ann\u00e9e pour \u00e9tudier la cr\u00e9ation de la s\u00e9curit\u00e9 sociale alimentaire.<\/p>\n<p><a href=\"https:\/\/i1.wp.com\/grenoble-le-changement.fr\/wp-content\/uploads\/2025\/04\/arbres-Gambetta-.jpg?ssl=1\" rel=\"lightbox[81475] noopener\" target=\"_blank\"><img decoding=\"async\" data-id=\"81476\" src=\"https:\/\/i1.wp.com\/grenoble-le-changement.fr\/wp-content\/uploads\/2025\/04\/arbres-Gambetta-.jpg?w=678&amp;ssl=1\" alt=\"\" class=\"wp-image-81476 jetpack-lazy-image\" data-recalc-dims=\"1\" data-lazy-src=\"https:\/\/www.europesays.com\/fr\/wp-content\/uploads\/2025\/04\/arbres-Gambetta-.jpg\" \/><\/a><br \/>\n2020 : bd Gambetta, entre l&rsquo;avenue Alsace Lorraine et la rue Vauban, abattage des arbres des deux c\u00f4t\u00e9s du boulevard, pour cr\u00e9er un nouvel arr\u00eat  bus:  400 000 \u20ac\u00a0<\/p>\n<p><strong>Alain CARIGNON CITE CET EXEMPLE AU CONSEIL METROPOLITAIN <\/strong><\/p>\n<p>Alain Carignon a cit\u00e9 lors du dernier Conseil M\u00e9tropolitain ce nouveau cas de gabegie de d\u00e9pense publique: sous l&rsquo;\u00e8re du sous g\u00e9nie des Carpates, Yann Mongaburu ( Verts\/Ades) a la fois Vice Pr\u00e9sident de la M\u00e9tropole , Pr\u00e9sident du Smmag, \u00e9lu Grenoblois , de gros travaux ont \u00e9t\u00e9 engag\u00e9s bd Gambetta entre l&rsquo;avenue Alsace Lorraine et la rue Vauban. 8 arbres, des grands et vieux sujets qui bordent le boulevard ont \u00e9t\u00e9 abattus sans m\u00e9nagement. Personne pour s&rsquo;accrocher et les d\u00e9fendre!\u00a0<\/p>\n<p><strong>UNE DES NOMBREUSES FAUTES DE Y MONGABURU ( Verts\/Ades)\u00a0<\/strong><\/p>\n<p>Le sous phare de l&rsquo;humanit\u00e9 qui r\u00e9gnait alors sur les transports publics en donnant des le\u00e7ons Urbi et Orbi dans une logorrh\u00e9e infernale , comme les Rouge\/Verts en ont l&rsquo;habitude, et <a href=\"https:\/\/grenoble-le-changement.fr\/2024\/05\/26\/transports-les-verts-osent-encore-donner-des-lecons\/\" target=\"_blank\" rel=\"noopener\">dont on connait maintenant le bilan calamiteux,<\/a> avait d\u00e9cid\u00e9 on ne sait quelle modification des circuits de transports qui impliquait un nouvel arr\u00eat imposant. Il n&rsquo;a jamais servi.\u00a0\u00a0<\/p>\n<p><a href=\"https:\/\/grenoble-le-changement.fr\/wp-content\/uploads\/2025\/04\/gambetta-arre\u0302t-bus-supprime\u0301-z-e1508533162859.webp\" target=\"_blank\" rel=\"noopener\"><img decoding=\"async\" data-id=\"81477\" src=\"https:\/\/grenoble-le-changement.fr\/wp-content\/uploads\/2025\/04\/gambetta-arre\u0302t-bus-supprime\u0301-z-e1508533162859.webp\" alt=\"\" class=\"wp-image-81477 jetpack-lazy-image\" data-lazy-src=\"https:\/\/www.europesays.com\/fr\/wp-content\/uploads\/2025\/04\/gambetta-arre\u0302t-bus-supprime\u0301-z-e1508533162859.webp\" \/><\/a><\/p>\n<p><a href=\"https:\/\/i1.wp.com\/grenoble-le-changement.fr\/wp-content\/uploads\/2025\/04\/Capture-de\u0301cran-2025-04-21-a\u0300-16.31.15.png?ssl=1\" rel=\"lightbox[81475] noopener\" target=\"_blank\"><img decoding=\"async\" data-id=\"81479\" src=\"https:\/\/i1.wp.com\/grenoble-le-changement.fr\/wp-content\/uploads\/2025\/04\/Capture-de\u0301cran-2025-04-21-a\u0300-16.31.15.png?resize=678%2C890&amp;ssl=1\" alt=\"\" class=\"wp-image-81479 jetpack-lazy-image\" data-recalc-dims=\"1\" data-lazy-src=\"https:\/\/i1.wp.com\/grenoble-le-changement.fr\/wp-content\/uploads\/2025\/04\/Capture-de\u0301cran-2025-04-21-a\u0300-16.31.15.png?resize=678%2C890&amp;is-pending-load=1#038;ssl=1\" \/><\/a><br \/>\nLes arr\u00eats de bus cr\u00e9\u00e9s bd Gambetta \u00e0 grands frais ( 400 000 \u20ac) viennent d&rsquo;\u00eatre d\u00e9molis ( 100 000 \u20ac) : les arbres grands sujets abattus ne reviendront pas avant longtemps <\/p>\n<p><strong>AUCUNE EXCUSE DE NOS \u00c9MINENCES LOCALES<\/strong><\/p>\n<p>Son successeur, Sylvain Laval , ne pouvait probablement pas faire autre chose que les d\u00e9truire. Une op\u00e9ration autour de 100 000 \u20ac. Voici un exemple concret au milieu de tant d&rsquo;autres. Comment 500 000 \u20ac sont jet\u00e9s par la fen\u00eatre. Croyez vous recevoir des excuses? Que Nenni . <a target=\"_blank\" href=\"https:\/\/www.tiktok.com\/@guizmaths\" rel=\"noopener\">Le c\u00e9l\u00e8bre Guizmaths<\/a> en a fait une vid\u00e9o \u00e0 succ\u00e8s sur Tik Tok.<\/p>\n<p><strong>AU CONTRAIRE, L.RUFFIN DONNE ENCORE DES LECONS &#8230;<\/strong><\/p>\n<p>Au contraire, <a href=\"https:\/\/grenoble-le-changement.fr\/2025\/03\/21\/metrocable-bastille-conflits-cet-argent-gaspille-par-la-municipalite\/\" target=\"_blank\" rel=\"noopener\">forte de cette gestion<\/a> qui donne une le\u00e7on au monde, <a href=\"https:\/\/grenoble-le-changement.fr\/2025\/02\/02\/laurence-ruffin-margot-belair-et-lucille-lheureux-veulent-succeder-a-piolle\/\" target=\"_blank\" rel=\"noopener\">Laurence Ruffin,<\/a> la candidate de Piolle, d\u00e9marre en donnant des le\u00e7ons au PDG de Safran qui a eu l&rsquo;outrecuidance de cr\u00e9er 500 emplois \u00e0 Rennes en respectant toutes les normes environnementales et toutes les contraintes fran\u00e7aises. <a href=\"https:\/\/grenoble-le-changement.fr\/2025\/04\/19\/municipales-la-candidate-de-piolle-confirme-son-dogmatisme\/\" target=\"_blank\" rel=\"noopener\">Elle s&rsquo;est align\u00e9e sur la frange extr\u00e9miste des Verts<\/a> &#8211; les seuls \u00e0 s&rsquo;opposer \u00e0 cette implantation- en expliquant \u00a0\u00ab\u00a0comment on produit de l\u2019\u00e9conomie en prenant en compte les crit\u00e8res sociaux et environnementaux\u00a0\u00bb .\u00a0 Elle est la seule \u00e0 le savoir!\u00a0<\/p>\n<p><strong>&#8230; ET VA POURSUIVRE LES GRANDES FULGURANCES DU GRAND TIMONIER<\/strong><\/p>\n<p>Personne ne lui demande pourquoi \u00a0\u00bb\u00a0 on produit autant de d\u00e9penses inutiles \u00a0\u00bb dans la gestion Rouge\/Verts?\u00a0 A l&rsquo;entendre on comprend qu&rsquo;elle va retrouver , du haut de sa superbe et de sa suffisance, les m\u00eames fulgurances que le Grand Timonier : les grenoblois se rappellent son ridicule\u00a0 et pr\u00e9tentieux \u00ab\u00a0observatoire du temps pr\u00e9sent\u00a0\u00bb (!) d\u00e9cid\u00e9 par Lui seul.\u00a0 Assemblage de bois <a href=\"https:\/\/grenoble-le-changement.fr\/2020\/04\/11\/esplanade-210-000-e-sont-partis-en-fumee\/\" target=\"_blank\" rel=\"noopener\">dont la cr\u00e9ation et l&rsquo;installation ont co\u00fbt\u00e9 210 000 \u20ac. Il a dur\u00e9 3 mois.<\/a> Son co\u00fbt de d\u00e9montage n&rsquo;a pas \u00e9t\u00e9 r\u00e9v\u00e9l\u00e9. Et le groupe d&rsquo;opposition n&rsquo;a jamais pu obtenir l&#8217;emplacement ou les plaques de bois le composant ont \u00e9t\u00e9 soigneusement empil\u00e9es&#8230;\u00a0<\/p>\n<p><a href=\"https:\/\/grenoble-le-changement.fr\/wp-content\/uploads\/2025\/04\/IMG_1549-1024x768-1.webp\" target=\"_blank\" rel=\"noopener\"><img decoding=\"async\" data-id=\"81481\" src=\"https:\/\/grenoble-le-changement.fr\/wp-content\/uploads\/2025\/04\/IMG_1549-1024x768-1.webp\" alt=\"\" class=\"wp-image-81481 jetpack-lazy-image\" data-lazy-src=\"https:\/\/www.europesays.com\/fr\/wp-content\/uploads\/2025\/04\/IMG_1549-1024x768-1.webp\" \/><\/a><\/p>\n<p><a href=\"https:\/\/grenoble-le-changement.fr\/wp-content\/uploads\/2025\/04\/Esplanade-Temps-pre\u0301sent-.webp\" target=\"_blank\" rel=\"noopener\"><img decoding=\"async\" data-id=\"81480\" src=\"https:\/\/grenoble-le-changement.fr\/wp-content\/uploads\/2025\/04\/Esplanade-Temps-pre\u0301sent-.webp\" alt=\"\" class=\"wp-image-81480 jetpack-lazy-image\" data-lazy-src=\"https:\/\/www.europesays.com\/fr\/wp-content\/uploads\/2025\/04\/Esplanade-Temps-pre\u0301sent-.webp\" \/><\/a><br \/>\nle ridicule et pr\u00e9tentieux \u00a0\u00bb observatoire du temps pr\u00e9sent \u00a0\u00bb (!) install\u00e9 \u00e0 l&rsquo;esplanade, puis soigneusement d\u00e9mont\u00e9 ( \u00e0 droite) : 210 000 \u20ac (hors d\u00e9montage) jet\u00e9s en l&rsquo;air . Plut\u00f4t que de donner des le\u00e7ons , Laurence Ruffin, la candidate de Piolle ne devrait elle pas d&rsquo;abord s&rsquo;excuser ? <\/p>\n<p><strong>AVEC LE PRIX DE TOILETTES \u00c9COLOS ON PEUT ACHETER 5 APPARTEMENTS <\/strong><\/p>\n<p><a href=\"https:\/\/grenoble-le-changement.fr\/2025\/04\/13\/la-comm-et-les-promesses-avant-les-elections-comme-en-2020\/\" target=\"_blank\" rel=\"noopener\">Les grenoblois peuvent craindre le pire<\/a>. Ils ont sous leurs yeux ces toilettes s\u00e8ches et ces WC \u00e0 \u00e9olienne qui doivent sauver la plan\u00e8te et ne fonctionnent pas: 50 000 \u20ac pour les premi\u00e8res,<a href=\"https:\/\/grenoble-le-changement.fr\/2021\/11\/16\/parc-mistral-110-000-e-pour-des-wc-a-eoliennes-inutilisables\/\" target=\"_blank\" rel=\"noopener\"> 110 000\u00a0 pour les seconds.<\/a> Avec le prix de deux toilettes s\u00e8ches et deux WC \u00e0 \u00e9oliennes vous pouvez acqu\u00e9rir 5 ou 6\u00a0 appartements dans certains quartiers de Grenoble.\u00a0<\/p>\n<p><strong>L.RUFFIN S&rsquo;EST PAY\u00c9 UNE ANN\u00c9E EN AFRIQUE ET 6 MOIS EN ASIE&#8230;<\/strong><\/p>\n<p>L&rsquo;argent public n&rsquo;a pas d&rsquo;odeur pour eux. On imagine, a voir leur niveau de vie et leur patrimoine , qu&rsquo;ils ne g\u00e8rent pas leur propre argent de la m\u00eame fa\u00e7on. Peu de Grenoblois peuvent, comme<a href=\"https:\/\/grenoble-le-changement.fr\/2024\/11\/23\/laurence-ruffin-verts-lfi-petits-mensonges-et-gros-sabots\/\" target=\"_blank\" rel=\"noopener\"> Laurence Ruffin, se payer une ann\u00e9e en Afrique, 6 mois en Asie, une croisi\u00e8re, pour voir la mis\u00e8re de plus pr\u00e9s<\/a> et r\u00e9fl\u00e9chir \u00e0 son destin.\u00a0<\/p>\n<p><strong>G.NAMUR ( Verts\/LFI) A RISQU\u00c9 UNE EXP\u00c9RIENCE ECOLO SUR FONDS PUBLICS &#8230;<\/strong><\/p>\n<p>Est-ce que Gilles Namur Adjoints ( Verts\/LFI) se serait risqu\u00e9 pour lui -m\u00eame \u00e0 une exp\u00e9rience de nouvelle technique de plantation des arbres ,<a href=\"https:\/\/grenoble-le-changement.fr\/2025\/01\/05\/beauvert-les-elucubrations-de-g-namur-vertslfi-60-000-e-jetes-en-lair\/\" target=\"_blank\" rel=\"noopener\"> telle celle qu&rsquo;il lanc\u00e9 \u00e0 Beauvert avec sa grandiloquence habituelle?<\/a> Qui a consist\u00e9 \u00a0\u00bb\u00a0\u00e0 mettre en place une\u00a0d\u00e9marche de g\u00e9nie p\u00e9dologique pour produire des sols avec des d\u00e9chets inertes et organiques, qui poss\u00e8dent des fonctions de fertilit\u00e9 agronomique et sont compatibles avec une production v\u00e9g\u00e9tale urbaine&#8230;\u00a0\u00bb.<\/p>\n<p><strong>&#8230;LES 60 000 \u20ac DE L&rsquo;\u00c9CHEC \u00e0 la CHARGE DU CONTRIBUABLE<\/strong><\/p>\n<p>Il s&rsquo;agissait d&rsquo;incorporer 40 M3 de s\u00e9diments sur 200 M2 sur les 935 d&rsquo;un espace bois\u00e9! Les s\u00e9diments \u00e9taient fournis par EDF, avec laquelle la ville a pass\u00e9 convention, transport\u00e9s depuis la centrale hydro-\u00e9lectrique du Cheylas. Le bilan carbone n&rsquo;\u00e9tait pas int\u00e9gr\u00e9 au projet&#8230; Co\u00fbt de l&rsquo;op\u00e9ration: 60 000 \u20ac.\u00a0 Tout est mort.\u00a0 Faut il \u00e9voquer les 7 millions d&rsquo;\u20ac d\u00e9pens\u00e9s pour le M\u00e9trocable, port\u00e9 sur les fonds baptismaux par les \u00e9lus Rouge\/Verts et abandonn\u00e9 apr\u00e8s leur \u00e9chec \u00e0 la Pr\u00e9sidence de la M\u00e9tropole?\u00a0 En fum\u00e9e.\u00a0<\/p>\n<p><video controls=\"\" src=\"https:\/\/grenoble-le-changement.fr\/2025\/04\/22\/bd-gambetta-la-municipalite-jette-500-000e-par-la-fenetre\/be.com\/shorts\/CGSU6Xl-Ufg\"\/>Alain Carignon, bd Gambetta pour expliquer comment 500 000 \u20ac sont partis en fum\u00e9e et 8 beaux arbres, grands sujets ont \u00e9t\u00e9 abttus pour rien&#8230;. Le groupe d&rsquo;opposition se bat pied \u00e0 pied depuis 5 ans pour d\u00e9fendre les grenoblois<\/p>\n<p style=\"text-align: center;\"><strong>PLUS ILS \u00c9CHOUENT PLUS ILS REDOUBLENT DE FORFANTERIE<\/strong><\/p>\n<p style=\"text-align: center;\">Ils ne s&rsquo;excusent jamais. Bien au contraire. <a href=\"https:\/\/grenoble-le-changement.fr\/2025\/03\/21\/metrocable-bastille-conflits-cet-argent-gaspille-par-la-municipalite\/\" target=\"_blank\" rel=\"noopener\">Les \u00e9lus Rouge\/Verts font l&rsquo;impasse sur tous leurs \u00e9checs<\/a> patents et couteux. Pas un mot. Ils redoublent m\u00eame de forfanterie sur leurs projets suivants, en particulier quand ils se situent en 2040 ou 2050 . On se demande chaque fois pourquoi cette date. Ils font la morale \u00e0 tous les autres: gouvernement, chefs d&rsquo;entreprises, \u00e9lus d&rsquo;opposition&#8230;\u00a0<\/p>\n<p><strong>L.RUFFIN CONDAMNE LES EMPLOIS: COMMENT ON SORT de la PAUVRET\u00c9?\u00a0<\/strong><\/p>\n<p>Laurence Ruffin se situe dans cette triste <a href=\"https:\/\/grenoble-le-changement.fr\/2025\/04\/16\/la-municipalite-enterre-piolle-pour-tenter-de-garder-le-pouvoir\/\" target=\"_blank\" rel=\"noopener\">continuit\u00e9 absolue en cherchant \u00e0 le cacher<\/a>. Sans jamais r\u00e9pondre sur le r\u00e9el. Puisqu&rsquo;elle condamne les 500 emplois de Safran, comment sort-on de la pauvret\u00e9 sans emploi?\u00a0 Ils cumulent \u00e0 la gabegie avec l&rsquo;argent public,\u00a0 la d\u00e9magogie d&rsquo;une \u00e9cologie punitive absurde.<\/p>\n<p>Il faudrait que les grenoblois soient de vrais ben\u00eats pour l&rsquo;avoir constat\u00e9, en \u00eatre les victimes et en redemander pour 18 ans.\u00a0\u00a0<\/p>\n<p>\t\t\t\t\t\t\t\t\t\t\t<script async src=\"\/\/www.tiktok.com\/embed.js\"><\/script><\/p>\n","protected":false},"excerpt":{"rendered":"Posted On 22 avril 2025 \u00a0\u00bb Ou va notre argent ?\u00a0\u00bb\u00a0 Souvent les grenoblois \u00e9cras\u00e9s d&rsquo;imp\u00f4ts qui vivent&hellip;\n","protected":false},"author":2,"featured_media":43213,"comment_status":"","ping_status":"","sticky":false,"template":"","format":"standard","meta":{"footnotes":""},"categories":[9566],"tags":[1111,11,9601,2430,9607,1777,674,1011,27,10230,2731,10136,12,25,13025,13026,13027],"class_list":{"0":"post-43212","1":"post","2":"type-post","3":"status-publish","4":"format-standard","5":"has-post-thumbnail","7":"category-grenoble","8":"tag-actu","9":"tag-actualites","10":"tag-alain-carignon","11":"tag-auvergne-rhone-alpes","12":"tag-eric-piolle","13":"tag-eu","14":"tag-europe","15":"tag-fr","16":"tag-france","17":"tag-gilles-namur","18":"tag-grenoble","19":"tag-laurence-ruffin","20":"tag-news","21":"tag-republique-francaise","22":"tag-smmag","23":"tag-sylvain-laval","24":"tag-yann-mongaburu"},"share_on_mastodon":{"url":"https:\/\/pubeurope.com\/@fr\/114380011170622311","error":""},"_links":{"self":[{"href":"https:\/\/www.europesays.com\/fr\/wp-json\/wp\/v2\/posts\/43212","targetHints":{"allow":["GET"]}}],"collection":[{"href":"https:\/\/www.europesays.com\/fr\/wp-json\/wp\/v2\/posts"}],"about":[{"href":"https:\/\/www.europesays.com\/fr\/wp-json\/wp\/v2\/types\/post"}],"author":[{"embeddable":true,"href":"https:\/\/www.europesays.com\/fr\/wp-json\/wp\/v2\/users\/2"}],"replies":[{"embeddable":true,"href":"https:\/\/www.europesays.com\/fr\/wp-json\/wp\/v2\/comments?post=43212"}],"version-history":[{"count":0,"href":"https:\/\/www.europesays.com\/fr\/wp-json\/wp\/v2\/posts\/43212\/revisions"}],"wp:featuredmedia":[{"embeddable":true,"href":"https:\/\/www.europesays.com\/fr\/wp-json\/wp\/v2\/media\/43213"}],"wp:attachment":[{"href":"https:\/\/www.europesays.com\/fr\/wp-json\/wp\/v2\/media?parent=43212"}],"wp:term":[{"taxonomy":"category","embeddable":true,"href":"https:\/\/www.europesays.com\/fr\/wp-json\/wp\/v2\/categories?post=43212"},{"taxonomy":"post_tag","embeddable":true,"href":"https:\/\/www.europesays.com\/fr\/wp-json\/wp\/v2\/tags?post=43212"}],"curies":[{"name":"wp","href":"https:\/\/api.w.org\/{rel}","templated":true}]}}