{"id":432129,"date":"2025-10-01T21:57:10","date_gmt":"2025-10-01T21:57:10","guid":{"rendered":"https:\/\/www.europesays.com\/fr\/432129\/"},"modified":"2025-10-01T21:57:10","modified_gmt":"2025-10-01T21:57:10","slug":"scaf-m-macron-veut-maintenir-le-cap-au-nom-des-interets-franco-allemands-zone-militaire","status":"publish","type":"post","link":"https:\/\/www.europesays.com\/fr\/432129\/","title":{"rendered":"SCAF : M. Macron veut maintenir le cap au nom des \u00ab int\u00e9r\u00eats franco-allemands \u00bb &#8211; Zone Militaire"},"content":{"rendered":"<ol>\n<li><a href=\"https:\/\/news.google.com\/rss\/articles\/CBMirAFBVV95cUxQZmhxZDlJQzY4SmlDbG1oQU5JS19RanBJTzJPbVlidzJqS0RZZ3piTUJfSU9OUXVkUjZidTE5WmdkTzdBN0FJeWs3OTc5RFZhcFY2eXlMUmVHWW9iNFNBNDU4Q002V3pUNldXRk5iZVJpOFJublB5NFhvMnJyNHd2Y0RIS3B3a2gzcE1tTDl3QnBNR3dIX1FYVFRpNUg2STBvQ2R4X0wzVGxvZERH?oc=5\" target=\"_blank\" rel=\"noopener\">SCAF : M. Macron veut maintenir le cap au nom des \u00ab int\u00e9r\u00eats franco-allemands \u00bb<\/a>&nbsp;&nbsp;Zone Militaire<\/li>\n<li><a href=\"https:\/\/news.google.com\/rss\/articles\/CBMioAJBVV95cUxNYmRwNTQ5V3hqT1JKcThFdzZNTGR1T2NCQ0hJNVZIc3VuZ29LaVN5UW4xeWpOYWNIZlIwQmJSdk9VWTB6SE1KSGVaYVJaUzVPN3ZuY1ZoU1lmVzdveU5rQ0hJYkpmTnY3cmpwU2pQTThUdlpDMDVIN0FkYzYyVDZfVEwwT3BLb1dJZ1pMb2pOVmhZQ2xiYzhLT2llNnZnQ29RR1F4Uk0yd2R2Ynd4dGFQNHhONFlydmxNaXBjYVJHVl83b3pRbHVpdU5JLTl3bDl3d1Y0M3V3RF9wZk85MmRnZGRqNkQ0dVBpUzdkVHZpV2xkSk5Oazd1cURWTll3aGxMQXhScGEtQWJHSGo3QXpYcTR5bnJKR3RaejJldU5QdmE?oc=5\" target=\"_blank\" rel=\"noopener\">Au-del\u00e0 des int\u00e9r\u00eats nationaux et des \u00ab\u00a0emplois dans les circonscriptions\u00a0\u00bb: Emmanuel Macron veut sauver l&rsquo;avion de combat europ\u00e9en Scaf d\u00e9velopp\u00e9 avec l&rsquo;Allemagne<\/a>&nbsp;&nbsp;BFMTV<\/li>\n<li><a href=\"https:\/\/news.google.com\/rss\/articles\/CBMipAJBVV95cUxPZ2pGSEgtc3Y3RVhISDNxNU4xWjd5MEdaX0VFODJ2dS0ta3dEeHdzN0hUbTVPLVJRbXViakdVX0g2Vi1jMjd1OS1rRXZlWHZiYnhKTXBUYnNNdnB1OFVBUnd6anJXeGstdFM3Nmt3SVVPekU5T3YtSUhXOWtCMld5ZnJzMHhHVndCMlo4OHF4THF5MHY5X0oxTGRkTkdqRlotWGJ4YUVVQnJOa3VjdFRXaHZ6OXRUYjFTN05LT2tGTVY3U2p0aElMM21BdUttMEhVdUdveGo1RFctaERjblBYNVZOQTVVNHpnLWtiMWk4M0ZSM0tHWW9Lb3VmMmJMM2tzZDhValBtQjdqRGh6TS1nT28wUDN6d3JXSEFrVlA5ZzVjLXYw0gGqAkFVX3lxTE5QTDJHZ3lpeUZLM0FESm45aG0zejdMaG1mUmE2SjlwMXBLTTBHMHB5Rjk0cG5fTU45WGhXamh1M1pYZ0owSEZ6V19GdjBjSzdMWXBmRlNfd0xoTDBtcTNTdF82Q2ZLMWRnbExST3MwMGU3Mi14MTNJbGpuSktOYWlIbHc3VDFWU3RpZnZjOTVVMk9OU3M1VU9PRG5FbFZ5QmhSZ1FNd25NM2drZlFYOGNKUlhzcHE2SVdyNlN6bnd3eFhNVFVQaEhzWmZLRHdDbUNNSzhqdWI4UG1NcHI5MmozX1FVX29DSEhUelUtRjlhamRBb3QxWFgxSHEtTzhaRVNmVlZsUXZ3N1ZOQTBnSkFBelR0X3ZZZ3lnS1liTU1SQmdUdHE1ZDc4Qmc?oc=5\" target=\"_blank\" rel=\"noopener\">Chasseur europ\u00e9en du futur : Macron appelle \u00e0 \u00ab\u00a0maintenir le cap\u00a0\u00bb du Scaf malgr\u00e9 les tensions franco-allemandes<\/a>&nbsp;&nbsp;Boursorama<\/li>\n<li><a href=\"https:\/\/news.google.com\/rss\/articles\/CBMi6AFBVV95cUxNaEdCeG5iN0xOWWJtcUpVNkwwVmQxR3o5UzJoQkRJR014aWJOUDJ6Yjd6czlwYmxtYVZ5Z3FVVWpkWU02LXdvQ0VBaUhpMlZGS3N6U2E3WndUS3lJSF9EN2dXU3ctejhUZ0UxUHZud1l5TWFUTXF4aHdFOFZaN0xBOGZ4WGQ2V3Fod25tWFhxajBLNlRaZ0xhcHhSWFBlcXhJUVNnckNrRmlxYzJaU3Q1WVZLTUY1ZXU2aWMwU1dnc0Q4OHB6ZkpoMVJ1VHdtclFISXIwVTN3UURpYXJFV1FlRUs5RGw2dG1j?oc=5\" target=\"_blank\" rel=\"noopener\">Atermoiements autour de l\u2019avion du futur : quand l\u2019Europe de la d\u00e9fense se heurte \u00e0 ses contradictions<\/a>&nbsp;&nbsp;Sud Ouest<\/li>\n<li><a href=\"https:\/\/news.google.com\/rss\/articles\/CBMiuwFBVV95cUxOYWh2Ni1zMlBJZWotQW9DTWZraXNlX0I5OWFLQkt4UWtUeW5rd2ZxdkVrSmtEdGRHa0VPNG5mdmEtLXVxY2FSS01yTFVyNGVqLUYtWHZRQlBqVlh0U2FqVHM4cjhsWmtZLWFCbTIyYU9TenhGY2RrRDJfZXpkeFFNeWZ2M3RoQk52aGFFZ0daUkM1dnktakI2cVFNUHNLTTZkTlB5MXQ0cWVrUTRXZmpnTFJLVWFMdHFfV1Q0?oc=5\" target=\"_blank\" rel=\"noopener\">Londres envisage une coop\u00e9ration avec Berlin sur son futur avion de combat<\/a>&nbsp;&nbsp;Valeurs actuelles<\/li>\n<\/ol>\n","protected":false},"excerpt":{"rendered":"SCAF : M. Macron veut maintenir le cap au nom des \u00ab int\u00e9r\u00eats franco-allemands \u00bb&nbsp;&nbsp;Zone Militaire Au-del\u00e0 des&hellip;\n","protected":false},"author":2,"featured_media":416696,"comment_status":"","ping_status":"","sticky":false,"template":"","format":"standard","meta":{"footnotes":""},"categories":[6],"tags":[36,672,10729,35,20286,33,34,1073,1011,27,19249,48478,29284,41062],"class_list":{"0":"post-432129","1":"post","2":"type-post","3":"status-publish","4":"format-standard","5":"has-post-thumbnail","7":"category-economie","8":"tag-airbus","9":"tag-allemagne","10":"tag-aviation-de-combat","11":"tag-business","12":"tag-dassault-aviation","13":"tag-economie","14":"tag-economy","15":"tag-emmanuel-macron","16":"tag-fr","17":"tag-france","18":"tag-interets","19":"tag-ngf","20":"tag-scaf","21":"tag-systeme-de-combat-aerien-du-futur"},"share_on_mastodon":{"url":"https:\/\/pubeurope.com\/@fr\/115301151249010626","error":""},"_links":{"self":[{"href":"https:\/\/www.europesays.com\/fr\/wp-json\/wp\/v2\/posts\/432129","targetHints":{"allow":["GET"]}}],"collection":[{"href":"https:\/\/www.europesays.com\/fr\/wp-json\/wp\/v2\/posts"}],"about":[{"href":"https:\/\/www.europesays.com\/fr\/wp-json\/wp\/v2\/types\/post"}],"author":[{"embeddable":true,"href":"https:\/\/www.europesays.com\/fr\/wp-json\/wp\/v2\/users\/2"}],"replies":[{"embeddable":true,"href":"https:\/\/www.europesays.com\/fr\/wp-json\/wp\/v2\/comments?post=432129"}],"version-history":[{"count":0,"href":"https:\/\/www.europesays.com\/fr\/wp-json\/wp\/v2\/posts\/432129\/revisions"}],"wp:featuredmedia":[{"embeddable":true,"href":"https:\/\/www.europesays.com\/fr\/wp-json\/wp\/v2\/media\/416696"}],"wp:attachment":[{"href":"https:\/\/www.europesays.com\/fr\/wp-json\/wp\/v2\/media?parent=432129"}],"wp:term":[{"taxonomy":"category","embeddable":true,"href":"https:\/\/www.europesays.com\/fr\/wp-json\/wp\/v2\/categories?post=432129"},{"taxonomy":"post_tag","embeddable":true,"href":"https:\/\/www.europesays.com\/fr\/wp-json\/wp\/v2\/tags?post=432129"}],"curies":[{"name":"wp","href":"https:\/\/api.w.org\/{rel}","templated":true}]}}