{"id":432130,"date":"2025-10-01T21:58:11","date_gmt":"2025-10-01T21:58:11","guid":{"rendered":"https:\/\/www.europesays.com\/fr\/432130\/"},"modified":"2025-10-01T21:58:11","modified_gmt":"2025-10-01T21:58:11","slug":"la-celebre-primatologue-britannique-jane-goodall-est-morte-a-91-ans-2","status":"publish","type":"post","link":"https:\/\/www.europesays.com\/fr\/432130\/","title":{"rendered":"La c\u00e9l\u00e8bre primatologue britannique Jane Goodall est morte \u00e0 91 ans"},"content":{"rendered":"<p>Jane Goodall, figure majeure de la recherche sur les <a href=\"https:\/\/www.20minutes.fr\/dossier\/singe\" target=\"_blank\" class=\"c-link c-link--is-underlined\" rel=\"nofollow noopener\">chimpanz\u00e9s<\/a> et ic\u00f4ne mondiale de la d\u00e9fense de l\u2019<a href=\"https:\/\/www.20minutes.fr\/planete\/environnement\/\" target=\"_blank\" class=\"c-link c-link--is-underlined\" rel=\"nofollow noopener\">environnement<\/a>, s\u2019est \u00e9teinte \u00e0 l\u2019\u00e2ge de 91 ans. L\u2019annonce de son d\u00e9c\u00e8s a \u00e9t\u00e9 faite mercredi par son institut, qui pr\u00e9cise qu\u2019elle est morte de causes naturelles alors qu\u2019elle se trouvait en Californie, en pleine tourn\u00e9e de conf\u00e9rences aux <a href=\"https:\/\/www.20minutes.fr\/monde\/etats-unis\/\" target=\"_blank\" class=\"c-link c-link--is-underlined\" rel=\"nofollow noopener\">Etats-Unis<\/a>, rapporte l\u2019AFP.<\/p>\n<p>N\u00e9e au <a href=\"https:\/\/www.20minutes.fr\/monde\/royaume-uni\/\" target=\"_blank\" class=\"c-link c-link--is-underlined\" rel=\"nofollow noopener\">Royaume-Uni<\/a>, Jane Goodall a boulevers\u00e9 dans les ann\u00e9es\u00a01960 la compr\u00e9hension que l\u2019on avait des chimpanz\u00e9s. Ses longues observations men\u00e9es dans la r\u00e9serve de Gombe, en Tanzanie, lui ont permis de d\u00e9montrer que ces primates utilisaient des outils, consommaient de la viande, se livraient \u00e0 des rituels collectifs comme les \u00ab\u00a0danses de pluie\u00a0\u00bb et menaient m\u00eame des conflits organis\u00e9s. Des d\u00e9couvertes qui ont red\u00e9fini la fronti\u00e8re entre l\u2019homme et l\u2019animal et marqu\u00e9 l\u2019histoire des sciences comportementales.<\/p>\n<p>Une pionni\u00e8re de la primatologie<\/p>\n<p>Selon le <a href=\"https:\/\/www.nytimes.com\/2025\/10\/01\/obituaries\/jane-goodall-dead.html\" rel=\"nofollow noopener\" target=\"_blank\" class=\"c-link c-link--is-underlined\">New York Times<\/a>, la publication en\u00a01963, dans National Geographic, de son r\u00e9cit d\u00e9taillant la vie des chimpanz\u00e9s Flo, David Greybeard ou encore Fifi, illustr\u00e9 par les clich\u00e9s du photographe Hugo van Lawick (qu\u2019elle \u00e9pousera plus tard) a consacr\u00e9 son statut de pionni\u00e8re. L\u2019article d\u00e9crivait aussi les \u00e9preuves auxquelles elle avait d\u00fb faire face pour approcher les animaux\u00a0: maladies, pr\u00e9dateurs et isolement dans une station de recherche rudimentaire au bord du lac Tanganyika.<\/p>\n<\/p>\n<p>Les travaux de Jane Goodall ont \u00e9t\u00e9 salu\u00e9s par la communaut\u00e9 scientifique pour avoir ouvert un champ de recherche in\u00e9dit sur les comportements sociaux, les hi\u00e9rarchies et la communication des chimpanz\u00e9s. Le biologiste Stephen Jay Gould voyait dans ses d\u00e9couvertes \u00ab\u00a0l\u2019une des grandes r\u00e9alisations scientifiques du monde occidental\u00a0\u00bb, rappelle le quotidien am\u00e9ricain.<\/p>\n<p>Une voix pour la protection des animaux<\/p>\n<p>Au-del\u00e0 de ses recherches, la primatologue s\u2019\u00e9tait impos\u00e9e comme une voix plan\u00e9taire en faveur de la protection des animaux et de l\u2019environnement. Avec son institut, elle a multipli\u00e9 les programmes \u00e9ducatifs et de conservation, tout en sensibilisant des g\u00e9n\u00e9rations enti\u00e8res aux menaces qui p\u00e8sent sur la biodiversit\u00e9.<\/p>\n<p><a href=\"https:\/\/www.20minutes.fr\/planete\/biodiversite\/\" target=\"_blank\" class=\"c-link c-btn c-btn--primary\" rel=\"nofollow noopener\">Notre dossier sur la biodiversit\u00e9<\/a><\/p>\n<p>A travers son engagement et ses d\u00e9couvertes, Jane Goodall laisse un h\u00e9ritage scientifique et militant qui continue d\u2019inspirer aussi bien les chercheurs que les d\u00e9fenseurs de la plan\u00e8te.<\/p>\n","protected":false},"excerpt":{"rendered":"Jane Goodall, figure majeure de la recherche sur les chimpanz\u00e9s et ic\u00f4ne mondiale de la d\u00e9fense de l\u2019environnement,&hellip;\n","protected":false},"author":2,"featured_media":432131,"comment_status":"","ping_status":"","sticky":false,"template":"","format":"standard","meta":{"footnotes":""},"categories":[5],"tags":[47,11,1867,1130,3983,436,1011,27,14,74,2742,12,6030,4513,8988,28],"class_list":{"0":"post-432130","1":"post","2":"type-post","3":"status-publish","4":"format-standard","5":"has-post-thumbnail","7":"category-international","8":"tag-actualite","9":"tag-actualites","10":"tag-animaux","11":"tag-biodiversite","12":"tag-deces","13":"tag-environnement","14":"tag-fr","15":"tag-france","16":"tag-international","17":"tag-monde","18":"tag-nature","19":"tag-news","20":"tag-protection-des-animaux","21":"tag-scientifiques","22":"tag-singe","23":"tag-world"},"share_on_mastodon":{"url":"https:\/\/pubeurope.com\/@fr\/115301155340920870","error":""},"_links":{"self":[{"href":"https:\/\/www.europesays.com\/fr\/wp-json\/wp\/v2\/posts\/432130","targetHints":{"allow":["GET"]}}],"collection":[{"href":"https:\/\/www.europesays.com\/fr\/wp-json\/wp\/v2\/posts"}],"about":[{"href":"https:\/\/www.europesays.com\/fr\/wp-json\/wp\/v2\/types\/post"}],"author":[{"embeddable":true,"href":"https:\/\/www.europesays.com\/fr\/wp-json\/wp\/v2\/users\/2"}],"replies":[{"embeddable":true,"href":"https:\/\/www.europesays.com\/fr\/wp-json\/wp\/v2\/comments?post=432130"}],"version-history":[{"count":0,"href":"https:\/\/www.europesays.com\/fr\/wp-json\/wp\/v2\/posts\/432130\/revisions"}],"wp:featuredmedia":[{"embeddable":true,"href":"https:\/\/www.europesays.com\/fr\/wp-json\/wp\/v2\/media\/432131"}],"wp:attachment":[{"href":"https:\/\/www.europesays.com\/fr\/wp-json\/wp\/v2\/media?parent=432130"}],"wp:term":[{"taxonomy":"category","embeddable":true,"href":"https:\/\/www.europesays.com\/fr\/wp-json\/wp\/v2\/categories?post=432130"},{"taxonomy":"post_tag","embeddable":true,"href":"https:\/\/www.europesays.com\/fr\/wp-json\/wp\/v2\/tags?post=432130"}],"curies":[{"name":"wp","href":"https:\/\/api.w.org\/{rel}","templated":true}]}}