{"id":432136,"date":"2025-10-01T22:01:29","date_gmt":"2025-10-01T22:01:29","guid":{"rendered":"https:\/\/www.europesays.com\/fr\/432136\/"},"modified":"2025-10-01T22:01:29","modified_gmt":"2025-10-01T22:01:29","slug":"quel-avenir-pour-les-halles-14-et-39-de-novacieries","status":"publish","type":"post","link":"https:\/\/www.europesays.com\/fr\/432136\/","title":{"rendered":"quel avenir pour les halles 14 et 39 de Novaci\u00e9ries\u00a0?"},"content":{"rendered":"<p>C\u2019est \u00e0 l\u2019occasion de deux d\u00e9lib\u00e9rations, pendant la s\u00e9ance du conseil municipal de ce mardi 30\u00a0septembre, que l\u2019avenir de deux friches industrielles a \u00e9t\u00e9 \u00e9voqu\u00e9.<\/p>\n<p>Les halles 14 et 39 de Novaci\u00e9ries, qui avaient fait l\u2019objet d\u2019une convention avec Epora d\u00e9but 2006, attendent toujours d\u2019\u00eatre requalifi\u00e9es, comme l\u2019a \u00e9t\u00e9 la halle 07 qui accueille aujourd\u2019hui le mus\u00e9e d\u2019art urbain, le Mausa.<\/p>\n<p>Des d\u00e9lib\u00e9rations concernant des avenants \u00e0 cette convention ont \u00e9t\u00e9 vot\u00e9es par les \u00e9lus \u00e0 l\u2019unanimit\u00e9, afin notamment de&#8230;<\/p>\n","protected":false},"excerpt":{"rendered":"C\u2019est \u00e0 l\u2019occasion de deux d\u00e9lib\u00e9rations, pendant la s\u00e9ance du conseil municipal de ce mardi 30\u00a0septembre, que l\u2019avenir&hellip;\n","protected":false},"author":2,"featured_media":432137,"comment_status":"","ping_status":"","sticky":false,"template":"","format":"standard","meta":{"footnotes":""},"categories":[9653],"tags":[1111,11,2430,4749,4406,33,7539,436,1777,674,1011,27,9588,693,5015,12,2922,25,9669,9670,4001,801,104,1631],"class_list":{"0":"post-432136","1":"post","2":"type-post","3":"status-publish","4":"format-standard","5":"has-post-thumbnail","7":"category-saint-etienne","8":"tag-actu","9":"tag-actualites","10":"tag-auvergne-rhone-alpes","11":"tag-btp-et-chantiers","12":"tag-commerce-et-services","13":"tag-economie","14":"tag-edition-loire-sud","15":"tag-environnement","16":"tag-eu","17":"tag-europe","18":"tag-fr","19":"tag-france","20":"tag-ici-on-agit","21":"tag-industrie","22":"tag-innovation-et-start-up","23":"tag-news","24":"tag-pouvoir-dachat","25":"tag-republique-francaise","26":"tag-saint-chamond","27":"tag-saint-chamond-ville","28":"tag-saint-etienne","29":"tag-social","30":"tag-societe","31":"tag-vie-associative"},"share_on_mastodon":{"url":"https:\/\/pubeurope.com\/@fr\/115301166900869399","error":""},"_links":{"self":[{"href":"https:\/\/www.europesays.com\/fr\/wp-json\/wp\/v2\/posts\/432136","targetHints":{"allow":["GET"]}}],"collection":[{"href":"https:\/\/www.europesays.com\/fr\/wp-json\/wp\/v2\/posts"}],"about":[{"href":"https:\/\/www.europesays.com\/fr\/wp-json\/wp\/v2\/types\/post"}],"author":[{"embeddable":true,"href":"https:\/\/www.europesays.com\/fr\/wp-json\/wp\/v2\/users\/2"}],"replies":[{"embeddable":true,"href":"https:\/\/www.europesays.com\/fr\/wp-json\/wp\/v2\/comments?post=432136"}],"version-history":[{"count":0,"href":"https:\/\/www.europesays.com\/fr\/wp-json\/wp\/v2\/posts\/432136\/revisions"}],"wp:featuredmedia":[{"embeddable":true,"href":"https:\/\/www.europesays.com\/fr\/wp-json\/wp\/v2\/media\/432137"}],"wp:attachment":[{"href":"https:\/\/www.europesays.com\/fr\/wp-json\/wp\/v2\/media?parent=432136"}],"wp:term":[{"taxonomy":"category","embeddable":true,"href":"https:\/\/www.europesays.com\/fr\/wp-json\/wp\/v2\/categories?post=432136"},{"taxonomy":"post_tag","embeddable":true,"href":"https:\/\/www.europesays.com\/fr\/wp-json\/wp\/v2\/tags?post=432136"}],"curies":[{"name":"wp","href":"https:\/\/api.w.org\/{rel}","templated":true}]}}