{"id":432138,"date":"2025-10-01T22:02:11","date_gmt":"2025-10-01T22:02:11","guid":{"rendered":"https:\/\/www.europesays.com\/fr\/432138\/"},"modified":"2025-10-01T22:02:11","modified_gmt":"2025-10-01T22:02:11","slug":"greve-du-2-octobre-a-saint-etienne-manifestation-et-legeres-perturbations-a-la-stas","status":"publish","type":"post","link":"https:\/\/www.europesays.com\/fr\/432138\/","title":{"rendered":"Gr\u00e8ve du 2 octobre \u00e0 Saint-\u00c9tienne : manifestation et l\u00e9g\u00e8res perturbations \u00e0 la STAS"},"content":{"rendered":"<p>Apr\u00e8s le 10 et le 18 septembre, une nouvelle journ\u00e9e de mobilisation est pr\u00e9vue \u00e0 Saint-\u00c9tienne ce jeudi 2 octobre. Un mouvement qui devrait \u00eatre moins suivi que les deux premiers.<\/p>\n<p>Encore du monde attendu dans les rues st\u00e9phanoises. \u00c0 l&rsquo;appel des syndicats (CFDT, CGT, FO, CFE-CGC, CFTC, Unsa, FSU et Solidaires), une nouvelle gr\u00e8ve est pr\u00e9vue jeudi 2 octobre partout en France.<\/p>\n<p>Manifestations \u00e0 Saint-\u00c9tienne et \u00e0 Roanne<\/p>\n<p>Une manifestation se d\u00e9roulera \u00e0 Saint-\u00c9tienne, comme ce fut le cas les 10 et 18 septembre derniers.<\/p>\n<p>La manifestation partira <b>\u00e0 10h30 de la Bourse du Travail<\/b>. \u00c0 Roanne, les manifestants ont rendez-vous devant le Centre Universitaire \u00e0 10h30 aussi.<\/p>\n<p>\u00c0 quoi s&rsquo;attendre \u00e0 la STAS ?<\/p>\n<p>Tramways<\/p>\n<p>&#8211; Les lignes T1 et T3 auront des horaires de passage adapt\u00e9s.<br \/>\u00a0<\/p>\n<p>&#8211; La ligne T2 circulera avec des horaires de passage adapt\u00e9s et finira plus t\u00f4t.<br \/>\u00a0<\/p>\n<p>Lignes de bus M\u00e9tropoles<\/p>\n<p>&#8211; Les lignes M1, M3, M4, M6, M7 et M9 circuleront avec des horaires de passage adapt\u00e9s.<br \/>\u00a0<\/p>\n<p>&#8211; Les lignes M2 et M5 circuleront normalement.<br \/>\u00a0<\/p>\n<p>Autres lignes de bus<\/p>\n<p>&#8211; Les lignes 8, 10, 12, 13, 15, 16, 17, 21, 22, 23 et 24 circuleront avec des horaires de passage adapt\u00e9s.<img loading=\"lazy\" decoding=\"async\" src=\"https:\/\/www.europesays.com\/fr\/wp-content\/uploads\/2025\/10\/1759356131_746_img\" width=\"350\" height=\"200\" border=\"0\" title=\"Le maire de Saint-Etienne, Ga\u00c3\u00abl Perdriau.\"\/><\/p>\n<p>\u25baPolitique<\/p>\n<p style=\"font-size: 22px;\"><b>Chantage \u00e0 la mairie de Saint-\u00c9tienne : Ga\u00ebl Perdriau prend la parole apr\u00e8s le proc\u00e8s<\/b><\/p>\n<p>Au lendemain de la mise en d\u00e9lib\u00e9r\u00e9 de son jugement,&#8230;<\/p>\n<p><\/p>\n","protected":false},"excerpt":{"rendered":"Apr\u00e8s le 10 et le 18 septembre, une nouvelle journ\u00e9e de mobilisation est pr\u00e9vue \u00e0 Saint-\u00c9tienne ce jeudi&hellip;\n","protected":false},"author":2,"featured_media":432139,"comment_status":"","ping_status":"","sticky":false,"template":"","format":"standard","meta":{"footnotes":""},"categories":[9653],"tags":[55999,1111,11,2430,1777,674,1011,27,10956,2088,12,25,9838,9920,4001,24434,800],"class_list":{"0":"post-432138","1":"post","2":"type-post","3":"status-publish","4":"format-standard","5":"has-post-thumbnail","7":"category-saint-etienne","8":"tag-2-octobre","9":"tag-actu","10":"tag-actualites","11":"tag-auvergne-rhone-alpes","12":"tag-eu","13":"tag-europe","14":"tag-fr","15":"tag-france","16":"tag-grve","17":"tag-manifestation","18":"tag-news","19":"tag-republique-francaise","20":"tag-roanne","21":"tag-saint-tienne","22":"tag-saint-etienne","23":"tag-stas","24":"tag-transports"},"share_on_mastodon":{"url":"https:\/\/pubeurope.com\/@fr\/115301171223675415","error":""},"_links":{"self":[{"href":"https:\/\/www.europesays.com\/fr\/wp-json\/wp\/v2\/posts\/432138","targetHints":{"allow":["GET"]}}],"collection":[{"href":"https:\/\/www.europesays.com\/fr\/wp-json\/wp\/v2\/posts"}],"about":[{"href":"https:\/\/www.europesays.com\/fr\/wp-json\/wp\/v2\/types\/post"}],"author":[{"embeddable":true,"href":"https:\/\/www.europesays.com\/fr\/wp-json\/wp\/v2\/users\/2"}],"replies":[{"embeddable":true,"href":"https:\/\/www.europesays.com\/fr\/wp-json\/wp\/v2\/comments?post=432138"}],"version-history":[{"count":0,"href":"https:\/\/www.europesays.com\/fr\/wp-json\/wp\/v2\/posts\/432138\/revisions"}],"wp:featuredmedia":[{"embeddable":true,"href":"https:\/\/www.europesays.com\/fr\/wp-json\/wp\/v2\/media\/432139"}],"wp:attachment":[{"href":"https:\/\/www.europesays.com\/fr\/wp-json\/wp\/v2\/media?parent=432138"}],"wp:term":[{"taxonomy":"category","embeddable":true,"href":"https:\/\/www.europesays.com\/fr\/wp-json\/wp\/v2\/categories?post=432138"},{"taxonomy":"post_tag","embeddable":true,"href":"https:\/\/www.europesays.com\/fr\/wp-json\/wp\/v2\/tags?post=432138"}],"curies":[{"name":"wp","href":"https:\/\/api.w.org\/{rel}","templated":true}]}}