{"id":432140,"date":"2025-10-01T22:03:23","date_gmt":"2025-10-01T22:03:23","guid":{"rendered":"https:\/\/www.europesays.com\/fr\/432140\/"},"modified":"2025-10-01T22:03:23","modified_gmt":"2025-10-01T22:03:23","slug":"un-festival-pour-changer-les-regards-sur-la-sante-mentale","status":"publish","type":"post","link":"https:\/\/www.europesays.com\/fr\/432140\/","title":{"rendered":"un festival pour changer les regards sur la sant\u00e9 mentale"},"content":{"rendered":"<p>Pr\u00e9jug\u00e9s persistants, tabous \u00e9crasants, r\u00e9cits de vie invisibles\u2026 La sant\u00e9 mentale peine \u00e0 se faire entendre. Et si le cin\u00e9ma devenait un outil pour changer les regards\u00a0? C\u2019est le pari du festival <strong>Cin\u00e9ma \u00e0 la folie<\/strong>. Une s\u00e9lection de films est propos\u00e9e au Cam\u00e9o Commanderie pour aborder les troubles psychiques avec justesse, loin des clich\u00e9s. Les s\u00e9ances, enti\u00e8rement gratuites, seront suivies de d\u00e9bats r\u00e9unissant \u00e9quipes de films, experts, personnes concern\u00e9es, associations locales et public pour lib\u00e9rer la parole.<\/p>\n<p><strong>La programmation\u00a0<\/strong> :<\/p>\n<p><strong> \u25b6 \u2002 Vendredi 10\u00a0octobre\u00a0<\/strong> : <strong> \u00e0 18\u00a0h, La Machine \u00e0 \u00e9crire et autres sources de tracas <\/strong> de Nicolas Philibert (th\u00e8mes\u00a0: lien aux soignants, psychiatrie de secteur). Rencontre apr\u00e8s la projection avec Nicolas Philibert, r\u00e9alisateur du film et David Masson, psychiatre et responsable m\u00e9dical du centre de r\u00e9habilitation psychosociale CURe Grand-Est Lorraine.<\/p>\n<p><strong> \u25b6 \u2002 Samedi 11\u00a0octobre<\/strong> \u00a0: <strong>\u00e0 13\u00a0h\u00a045<\/strong> ,  Mange-moi  d\u2019\u00c9l\u00e9onore Greif (th\u00e8mes\u00a0: TCA, anorexie mentale, sant\u00e9 mentale des jeunes). Rencontre apr\u00e8s la projection avec \u00c9l\u00e9onore Greif, r\u00e9alisatrice du film, le Dr Arnaud Moujenot, psychiatre unit\u00e9 sp\u00e9cialis\u00e9e r\u00e9gionale TCA et Delphine Chapon, di\u00e9t\u00e9ticienne nutritionniste, chef de projet au r\u00e9seau Lorrain Anorexie Boulimie.<\/p>\n<p><strong>\u00c0 20\u00a0h<\/strong> , <strong> Diff\u00e9rente <\/strong> de Lola Doillon (th\u00e8mes\u00a0: autisme, diagnostic tardif, neurodiversit\u00e9)<\/p>\n<p>Une rencontre-d\u00e9bat est pr\u00e9vue apr\u00e8s la projection avec diff\u00e9rents intervenants.<\/p>\n<p><strong> \u25b6 \u2002 Dimanche 12\u00a0octobre\u00a0<\/strong> : <strong>\u00e0 11\u00a0h<\/strong> , <strong> La Vie de ma m\u00e8re <\/strong> de Julien Carpentier (th\u00e8mes\u00a0: bipolarit\u00e9, arr\u00eat de traitement, aidant). Rencontre apr\u00e8s la projection avec Olivia Desmazi\u00e8res, conf\u00e9renci\u00e8re exp\u00e9rientielle et sensibilisation au trouble bipolaire dont elle est elle-m\u00eame atteinte, Aurore Legoux-Pierre, psychologue, centre expert troubles bipolaires de Nancy et Jessica Ickowski, infirmi\u00e8re, centre expert troubles bipolaires de Nancy.<\/p>\n<p><strong>\u00c0 19\u00a0h\u00a030<\/strong> \u00a0: <strong> Langue \u00e9trang\u00e8re <\/strong> de Claire Burger (th\u00e8mes\u00a0: sant\u00e9 mentale des jeunes, pr\u00e9vention du suicide). Rencontre post-projection avec Jeanne Franchet, infirmi\u00e8re au Centre psychoth\u00e9rapique de Nancy et \u00e0 l\u2019\u00e9quipe mobile psy pour ados et Philippe Merkling, infirmier \u00e0 la Maison des adolescents de Nancy.<\/p>\n<p><strong> \u25b6 \u2002 Lundi 13\u00a0octobre\u00a0<\/strong> : (s\u00e9ance pour les scolaires) <strong>\u00e0 9\u00a0h<\/strong> \u00a0: <strong> Golo &amp; Ritchie <\/strong> d\u2019Ahmed Hamidi et Martin Fougerol (th\u00e8mes\u00a0: inclusion, autisme). Rencontre apr\u00e8s la projection avec Vincent Petit, vice-pr\u00e9sident de l\u2019association Vivre avec l\u2019autisme, p\u00e8re d\u2019un jeune adulte autiste.<\/p>\n","protected":false},"excerpt":{"rendered":"Pr\u00e9jug\u00e9s persistants, tabous \u00e9crasants, r\u00e9cits de vie invisibles\u2026 La sant\u00e9 mentale peine \u00e0 se faire entendre. Et si&hellip;\n","protected":false},"author":2,"featured_media":432141,"comment_status":"","ping_status":"","sticky":false,"template":"","format":"standard","meta":{"footnotes":""},"categories":[9635],"tags":[1111,11,650,1687,1704,1777,674,1011,27,775,1702,1703,12,25],"class_list":{"0":"post-432140","1":"post","2":"type-post","3":"status-publish","4":"format-standard","5":"has-post-thumbnail","7":"category-nancy","8":"tag-actu","9":"tag-actualites","10":"tag-cinema","11":"tag-culture-loisirs","12":"tag-edition-nancy-et-agglomeration","13":"tag-eu","14":"tag-europe","15":"tag-fr","16":"tag-france","17":"tag-grand-est","18":"tag-nancy","19":"tag-nancy-ville-54b","20":"tag-news","21":"tag-republique-francaise"},"share_on_mastodon":{"url":"https:\/\/pubeurope.com\/@fr\/115301174793038170","error":""},"_links":{"self":[{"href":"https:\/\/www.europesays.com\/fr\/wp-json\/wp\/v2\/posts\/432140","targetHints":{"allow":["GET"]}}],"collection":[{"href":"https:\/\/www.europesays.com\/fr\/wp-json\/wp\/v2\/posts"}],"about":[{"href":"https:\/\/www.europesays.com\/fr\/wp-json\/wp\/v2\/types\/post"}],"author":[{"embeddable":true,"href":"https:\/\/www.europesays.com\/fr\/wp-json\/wp\/v2\/users\/2"}],"replies":[{"embeddable":true,"href":"https:\/\/www.europesays.com\/fr\/wp-json\/wp\/v2\/comments?post=432140"}],"version-history":[{"count":0,"href":"https:\/\/www.europesays.com\/fr\/wp-json\/wp\/v2\/posts\/432140\/revisions"}],"wp:featuredmedia":[{"embeddable":true,"href":"https:\/\/www.europesays.com\/fr\/wp-json\/wp\/v2\/media\/432141"}],"wp:attachment":[{"href":"https:\/\/www.europesays.com\/fr\/wp-json\/wp\/v2\/media?parent=432140"}],"wp:term":[{"taxonomy":"category","embeddable":true,"href":"https:\/\/www.europesays.com\/fr\/wp-json\/wp\/v2\/categories?post=432140"},{"taxonomy":"post_tag","embeddable":true,"href":"https:\/\/www.europesays.com\/fr\/wp-json\/wp\/v2\/tags?post=432140"}],"curies":[{"name":"wp","href":"https:\/\/api.w.org\/{rel}","templated":true}]}}