{"id":432146,"date":"2025-10-01T22:07:14","date_gmt":"2025-10-01T22:07:14","guid":{"rendered":"https:\/\/www.europesays.com\/fr\/432146\/"},"modified":"2025-10-01T22:07:14","modified_gmt":"2025-10-01T22:07:14","slug":"ce-couple-dejoue-un-vol-de-valises-dans-un-flixbus-et-fait-arreter-deux-jeunes","status":"publish","type":"post","link":"https:\/\/www.europesays.com\/fr\/432146\/","title":{"rendered":"ce couple d\u00e9joue un vol de valises dans un Flixbus et fait arr\u00eater deux jeunes"},"content":{"rendered":"<p>            Par<br \/>\n        <strong><br \/>\n            <a href=\"https:\/\/actu.fr\/auteur\/lea-pippinato\" title=\"Consulter tous les articles de L\u00e9a Pippinato\" rel=\"nofollow noopener\" target=\"_blank\">L\u00e9a Pippinato<\/a><br \/>\n        <\/strong><\/p>\n<p>        Publi\u00e9 le<\/p>\n<p>            1 oct. 2025 \u00e0 18h40        <\/p>\n<p><strong>Ce dimanche 28 septembre 2025<\/strong>, un couple observe une sc\u00e8ne inhabituelle depuis la fen\u00eatre de son immeuble. Au pied du b\u00e2timent, deux individus fouillent des valises pos\u00e9es \u00e0 m\u00eame le sol. Les faits se d\u00e9roulent \u00e0 proximit\u00e9 de la gare routi\u00e8re des Sabines, \u00e0 Montpellier.<\/p>\n<p>    <a href=\"https:\/\/www.google.com\/maps\/embed?pb=!1m18!1m12!1m3!1d23114.090373704526!2d3.8338559999999995!3d43.6011008!2m3!1f0!2f0!3f0!3m2!1i1024!2i768!4f13.1!3m3!1m2!1s0x12b6af0d1f0a67ad%3A0xc3513d4e09e468ca!2sFlixbus!5e0!3m2!1sen!2sfr!4v1759334544088!5m2!1sen!2sfr\" title=\"Ouvrie le lien\" rel=\"nofollow noopener\" target=\"_blank\">Cliquez ici pour visualiser le contenu<\/a><\/p>\n<p class=\" wall-content\">Les deux hommes s\u2019emparent d\u2019objets puis quittent les lieux, abandonnant les bagages derri\u00e8re eux. Intrigu\u00e9s, les habitants descendent et ouvrent les valises. \u00c0 l\u2019int\u00e9rieur, ils trouvent divers effets personnels ainsi que des documents d\u2019identit\u00e9, et d\u00e9cident alors de pr\u00e9venir la police.<\/p>\n<p>Des passag\u00e8res victimes en route vers l\u2019Espagne<\/p>\n<p class=\" wall-content\">Les documents permettent rapidement de contacter l\u2019une des propri\u00e9taires. Cette femme explique qu\u2019elle se trouve \u00e0 bord d\u2019un Flixbus en partance pour l\u2019Espagne. Son car a fait une halte \u00e0 Montpellier. Elle d\u00e9couvre que ses bagages, plac\u00e9s en soute, ont disparu. Une deuxi\u00e8me passag\u00e8re du bus, \u00e9galement concern\u00e9e, se manifeste aupr\u00e8s des forces de l\u2019ordre. Le signalement du couple met la Bac (brigade anti-criminalit\u00e9) sur la piste des deux suspects. Les policiers nationaux les interceptent non loin du secteur. Ils s\u2019agit de deux jeunes hommes de 17 et 18 ans, tous deux en situation irr\u00e9guli\u00e8re.<\/p>\n<p class=\" wall-content\">Aux agents, les deux affirment s\u2019\u00eatre tromp\u00e9s de bus et \u00eatre descendus par erreur \u00e0 Montpellier. Leur version ne convainc pas. Lors de la fouille, les forces de l\u2019ordre d\u00e9couvrent un t\u00e9l\u00e9phone portable. L\u2019appareil avait \u00e9t\u00e9 d\u00e9clar\u00e9 vol\u00e9 la veille \u00e0 Gen\u00e8ve, en Suisse. Apr\u00e8s leur interpellation, les deux jeunes re\u00e7oivent une COPJ (convocation par officier de police judiciaire). Ils devront compara\u00eetre <strong>le 20 janvier 2026.<\/strong><\/p>\n<p class=\" wall-content\">Personnalisez votre actualit\u00e9 en ajoutant vos villes et m\u00e9dias en favori avec <a href=\"https:\/\/moncompte.actu.fr\" title=\"D\u00e9couvez Mon Actu\" rel=\"nofollow noopener\" data-trk=\"{&quot;cta&quot;:{&quot;action&quot;:&quot;https:\\\/\\\/moncompte.actu.fr&quot;,&quot;category&quot;:&quot;mon compte&quot;,&quot;from&quot;:&quot;article footer&quot;,&quot;name&quot;:&quot;Mon actu&quot;,&quot;type&quot;:&quot;cta&quot;}}\" target=\"_blank\">Mon Actu<\/a>.<\/p>\n","protected":false},"excerpt":{"rendered":"Par L\u00e9a Pippinato Publi\u00e9 le 1 oct. 2025 \u00e0 18h40 Ce dimanche 28 septembre 2025, un couple observe&hellip;\n","protected":false},"author":2,"featured_media":432147,"comment_status":"","ping_status":"","sticky":false,"template":"","format":"standard","meta":{"footnotes":""},"categories":[9599],"tags":[1111,11,1777,674,118,1011,27,303,2208,12,2680,1072,25,2803],"class_list":{"0":"post-432146","1":"post","2":"type-post","3":"status-publish","4":"format-standard","5":"has-post-thumbnail","7":"category-montpellier","8":"tag-actu","9":"tag-actualites","10":"tag-eu","11":"tag-europe","12":"tag-faits-divers","13":"tag-fr","14":"tag-france","15":"tag-justice","16":"tag-montpellier","17":"tag-news","18":"tag-occitanie","19":"tag-police","20":"tag-republique-francaise","21":"tag-transport"},"share_on_mastodon":{"url":"https:\/\/pubeurope.com\/@fr\/115301190475006335","error":""},"_links":{"self":[{"href":"https:\/\/www.europesays.com\/fr\/wp-json\/wp\/v2\/posts\/432146","targetHints":{"allow":["GET"]}}],"collection":[{"href":"https:\/\/www.europesays.com\/fr\/wp-json\/wp\/v2\/posts"}],"about":[{"href":"https:\/\/www.europesays.com\/fr\/wp-json\/wp\/v2\/types\/post"}],"author":[{"embeddable":true,"href":"https:\/\/www.europesays.com\/fr\/wp-json\/wp\/v2\/users\/2"}],"replies":[{"embeddable":true,"href":"https:\/\/www.europesays.com\/fr\/wp-json\/wp\/v2\/comments?post=432146"}],"version-history":[{"count":0,"href":"https:\/\/www.europesays.com\/fr\/wp-json\/wp\/v2\/posts\/432146\/revisions"}],"wp:featuredmedia":[{"embeddable":true,"href":"https:\/\/www.europesays.com\/fr\/wp-json\/wp\/v2\/media\/432147"}],"wp:attachment":[{"href":"https:\/\/www.europesays.com\/fr\/wp-json\/wp\/v2\/media?parent=432146"}],"wp:term":[{"taxonomy":"category","embeddable":true,"href":"https:\/\/www.europesays.com\/fr\/wp-json\/wp\/v2\/categories?post=432146"},{"taxonomy":"post_tag","embeddable":true,"href":"https:\/\/www.europesays.com\/fr\/wp-json\/wp\/v2\/tags?post=432146"}],"curies":[{"name":"wp","href":"https:\/\/api.w.org\/{rel}","templated":true}]}}