{"id":432150,"date":"2025-10-01T22:09:12","date_gmt":"2025-10-01T22:09:12","guid":{"rendered":"https:\/\/www.europesays.com\/fr\/432150\/"},"modified":"2025-10-01T22:09:12","modified_gmt":"2025-10-01T22:09:12","slug":"une-circulation-du-virus-comparable-a-lhiver-dernier","status":"publish","type":"post","link":"https:\/\/www.europesays.com\/fr\/432150\/","title":{"rendered":"une circulation du virus comparable \u00e0 l&rsquo;hiver dernier"},"content":{"rendered":"<p melodystyle=\"texte\">Gorge qui gratte, toux et nez qui coule\u00a0: les virus de l&rsquo;automne ont fait leur retour. Et parmi eux, le Covid. Un nouveau variant, XFG dit \u00ab\u00a0Frankenstein\u00a0\u00bb, fait parler de lui. Bien qu&rsquo;\u00e0 \u00ab\u00a0risque faible pour la sant\u00e9 publique\u00a0\u00bb, il est class\u00e9 sous surveillance depuis juin\u00a02025 par l&rsquo;Organisation mondiale de la sant\u00e9. L&rsquo;augmentation des cas de Covid est bien r\u00e9elle, ce que pointe\u00a0<a href=\"https:\/\/www.santepubliquefrance.fr\/regions\/normandie\/publications\/#tabs\" target=\"_blank\" rel=\"nofollow noopener\">Sant\u00e9 publique France<\/a>\u00a0dans son bulletin de\u00a0surveillance sanitaire du 17\u00a0septembre.\u00a0Deux semaines plus tard, dans son bulletin du 1er\u00a0octobre, Sant\u00e9 publique France confirme une hausse, chez les 15-64 ans et chez les plus de 64 ans. Ils baissent chez les moins de 15 ans. La circulation du virus atteint un niveau comparable \u00e0 celle de la vague \u00e9pid\u00e9mique de 2024-2025. Les indicateurs correspondent \u00e0 une \u00ab\u00a0nouvelle vague \u00e9pid\u00e9mique\u00a0\u00bb.\u00a0Sans retentissement sur les indicateurs de surveillance en Ehpad ni sur la mortalit\u00e9, Sant\u00e9 publique France indique \u00ab\u00a0qu&rsquo;il est encore temps de prot\u00e9ger les personnes les plus fragiles par l&rsquo;application des mesures barri\u00e8res (dont le port du masque en cas de signes) et la mise \u00e0 jour de la vaccination (notamment chez le personnel soignant)\u00a0\u00bb.\u00a0<\/p>\n<p>Vaccination \u00e0 partir du 14\u00a0octobre<\/p>\n<p melodystyle=\"texte\">La vaccination contre le Covid-19 est \u00ab\u00a0recommand\u00e9e chaque ann\u00e9e, \u00e0 l&rsquo;automne, pour les personnes \u00e2g\u00e9es de 65 ans et plus et les personnes \u00e0 risque de forme grave\u00a0\u00bb.\u00a0L&rsquo;injection d&rsquo;une dose suppl\u00e9mentaire de vaccin \u00ab\u00a0est recommand\u00e9e au printemps pour les personnes \u00e2g\u00e9es de 80 ans et plus, les personnes immunod\u00e9prim\u00e9es et les r\u00e9sidents en Ehpad, en respectant un d\u00e9lai d&rsquo;au moins trois mois depuis la derni\u00e8re dose de vaccin ou la derni\u00e8re infection\u00a0\u00bb, peut-on lire sur le site <a href=\"https:\/\/www.lecourriercauchois.fr\/vaccination-info-service.fr\" rel=\"nofollow noopener\" target=\"_blank\">vaccination-info-service.fr<\/a>. La campagne de vaccination de cet automne d\u00e9butera le 14\u00a0octobre. Il est \u00e9galement recommand\u00e9 de continuer les mesures barri\u00e8res, \u00ab\u00a0qui prot\u00e8gent contre le Covid-19 mais aussi contre d&rsquo;autres virus\u00a0\u00bb.<\/p>\n","protected":false},"excerpt":{"rendered":"Gorge qui gratte, toux et nez qui coule\u00a0: les virus de l&rsquo;automne ont fait leur retour. Et parmi&hellip;\n","protected":false},"author":2,"featured_media":432151,"comment_status":"","ping_status":"","sticky":false,"template":"","format":"standard","meta":{"footnotes":""},"categories":[9587],"tags":[1111,11,1777,674,1011,27,12,5161,25,9590],"class_list":{"0":"post-432150","1":"post","2":"type-post","3":"status-publish","4":"format-standard","5":"has-post-thumbnail","7":"category-rouen","8":"tag-actu","9":"tag-actualites","10":"tag-eu","11":"tag-europe","12":"tag-fr","13":"tag-france","14":"tag-news","15":"tag-normandie","16":"tag-republique-francaise","17":"tag-rouen"},"share_on_mastodon":{"url":"https:\/\/pubeurope.com\/@fr\/115301198336828515","error":""},"_links":{"self":[{"href":"https:\/\/www.europesays.com\/fr\/wp-json\/wp\/v2\/posts\/432150","targetHints":{"allow":["GET"]}}],"collection":[{"href":"https:\/\/www.europesays.com\/fr\/wp-json\/wp\/v2\/posts"}],"about":[{"href":"https:\/\/www.europesays.com\/fr\/wp-json\/wp\/v2\/types\/post"}],"author":[{"embeddable":true,"href":"https:\/\/www.europesays.com\/fr\/wp-json\/wp\/v2\/users\/2"}],"replies":[{"embeddable":true,"href":"https:\/\/www.europesays.com\/fr\/wp-json\/wp\/v2\/comments?post=432150"}],"version-history":[{"count":0,"href":"https:\/\/www.europesays.com\/fr\/wp-json\/wp\/v2\/posts\/432150\/revisions"}],"wp:featuredmedia":[{"embeddable":true,"href":"https:\/\/www.europesays.com\/fr\/wp-json\/wp\/v2\/media\/432151"}],"wp:attachment":[{"href":"https:\/\/www.europesays.com\/fr\/wp-json\/wp\/v2\/media?parent=432150"}],"wp:term":[{"taxonomy":"category","embeddable":true,"href":"https:\/\/www.europesays.com\/fr\/wp-json\/wp\/v2\/categories?post=432150"},{"taxonomy":"post_tag","embeddable":true,"href":"https:\/\/www.europesays.com\/fr\/wp-json\/wp\/v2\/tags?post=432150"}],"curies":[{"name":"wp","href":"https:\/\/api.w.org\/{rel}","templated":true}]}}