{"id":432152,"date":"2025-10-01T22:10:13","date_gmt":"2025-10-01T22:10:13","guid":{"rendered":"https:\/\/www.europesays.com\/fr\/432152\/"},"modified":"2025-10-01T22:10:13","modified_gmt":"2025-10-01T22:10:13","slug":"inauguration-de-la-halte-garderie-coup-de-jeune-pour-les-explorateurs","status":"publish","type":"post","link":"https:\/\/www.europesays.com\/fr\/432152\/","title":{"rendered":"Inauguration de la halte-garderie : coup de jeune pour Les Explorateurs"},"content":{"rendered":"\n<p>         Th\u00e8me d\u2019actualit\u00e9\u00a0:\u00a0       <\/p>\n<p>municipalit\u00e9<\/p>\n<p>quartiers<\/p>\n<p>travaux<\/p>\n<p>La Ville inaugurait ce matin du mercredi 1er octobre 2025 le renouveau de la\u00a0halte-garderie Les Explorateurs, situ\u00e9e au sein du centre Andr\u00e9-Malraux : elle a b\u00e9n\u00e9fici\u00e9 d\u2019importants travaux de r\u00e9novation et d\u2019agrandissement. Ce chantier a \u00e9t\u00e9 men\u00e9\u00a0en deux phases (entre juillet 2024 et ao\u00fbt 2025).<\/p>\n<p>Gr\u00e2ce \u00e0 la r\u00e9utilisation d\u2019espaces anciennement occup\u00e9s par des associations, la surface de la structure est pass\u00e9e de 120 m\u00b2 \u00e0 180 m\u00b2, permettant l\u2019ajout de lits, une meilleure distribution des espaces de vie et une r\u00e9fection compl\u00e8te des locaux.<\/p>\n<p>L&rsquo;op\u00e9ration, pour un co\u00fbt total\u00a0de 305 000 \u20ac, comprenait le remplacement de l&rsquo;int\u00e9gralit\u00e9 des menuiseries ext\u00e9rieures par des ensembles en aluminium laqu\u00e9 et la pose de nouveaux stores solaires int\u00e9rieurs.<\/p>\n<p>A l\u2019\u00e9t\u00e9 2026, le jardin de la halte-garderie fera \u00e0 son tour l&rsquo;objet d&rsquo;une r\u00e9novation.<\/p>\n<p><img decoding=\"async\" alt=\"halte.png\" src=\"https:\/\/www.europesays.com\/fr\/wp-content\/uploads\/2025\/10\/halte.png\"\/><\/p>\n","protected":false},"excerpt":{"rendered":"Th\u00e8me d\u2019actualit\u00e9\u00a0:\u00a0 municipalit\u00e9 quartiers travaux La Ville inaugurait ce matin du mercredi 1er octobre 2025 le renouveau de&hellip;\n","protected":false},"author":2,"featured_media":432153,"comment_status":"","ping_status":"","sticky":false,"template":"","format":"standard","meta":{"footnotes":""},"categories":[9587],"tags":[1111,11,1777,674,1011,27,12,5161,25,9590],"class_list":{"0":"post-432152","1":"post","2":"type-post","3":"status-publish","4":"format-standard","5":"has-post-thumbnail","7":"category-rouen","8":"tag-actu","9":"tag-actualites","10":"tag-eu","11":"tag-europe","12":"tag-fr","13":"tag-france","14":"tag-news","15":"tag-normandie","16":"tag-republique-francaise","17":"tag-rouen"},"share_on_mastodon":{"url":"https:\/\/pubeurope.com\/@fr\/115301202828674521","error":""},"_links":{"self":[{"href":"https:\/\/www.europesays.com\/fr\/wp-json\/wp\/v2\/posts\/432152","targetHints":{"allow":["GET"]}}],"collection":[{"href":"https:\/\/www.europesays.com\/fr\/wp-json\/wp\/v2\/posts"}],"about":[{"href":"https:\/\/www.europesays.com\/fr\/wp-json\/wp\/v2\/types\/post"}],"author":[{"embeddable":true,"href":"https:\/\/www.europesays.com\/fr\/wp-json\/wp\/v2\/users\/2"}],"replies":[{"embeddable":true,"href":"https:\/\/www.europesays.com\/fr\/wp-json\/wp\/v2\/comments?post=432152"}],"version-history":[{"count":0,"href":"https:\/\/www.europesays.com\/fr\/wp-json\/wp\/v2\/posts\/432152\/revisions"}],"wp:featuredmedia":[{"embeddable":true,"href":"https:\/\/www.europesays.com\/fr\/wp-json\/wp\/v2\/media\/432153"}],"wp:attachment":[{"href":"https:\/\/www.europesays.com\/fr\/wp-json\/wp\/v2\/media?parent=432152"}],"wp:term":[{"taxonomy":"category","embeddable":true,"href":"https:\/\/www.europesays.com\/fr\/wp-json\/wp\/v2\/categories?post=432152"},{"taxonomy":"post_tag","embeddable":true,"href":"https:\/\/www.europesays.com\/fr\/wp-json\/wp\/v2\/tags?post=432152"}],"curies":[{"name":"wp","href":"https:\/\/api.w.org\/{rel}","templated":true}]}}