{"id":432156,"date":"2025-10-01T22:12:28","date_gmt":"2025-10-01T22:12:28","guid":{"rendered":"https:\/\/www.europesays.com\/fr\/432156\/"},"modified":"2025-10-01T22:12:28","modified_gmt":"2025-10-01T22:12:28","slug":"grenoble-deja-un-enorme-capotage-pour-shein-et-son-futur-magasin-aux-galeries-lafayette","status":"publish","type":"post","link":"https:\/\/www.europesays.com\/fr\/432156\/","title":{"rendered":"Grenoble. D\u00e9j\u00e0 un \u00e9norme capotage pour Shein et son futur magasin aux Galeries Lafayette"},"content":{"rendered":"<p>            Par<br \/>\n        <strong><br \/>\n            <a href=\"https:\/\/actu.fr\/auteur\/redaction-grenoble\" title=\"Consulter tous les articles de R\u00e9daction Grenoble\" rel=\"nofollow noopener\" target=\"_blank\">R\u00e9daction Grenoble<\/a><br \/>\n        <\/strong><\/p>\n<p>        Publi\u00e9 le<\/p>\n<p>            1 oct. 2025 \u00e0 19h24<br \/>\n        ; mis \u00e0 jour le 1 oct. 2025 \u00e0 19h48    <\/p>\n<p>Le g\u00e9ant chinois du commerce en ligne <a href=\"https:\/\/actu.fr\/economie\/shein-s-installe-dans-plusieurs-villes-de-france-la-liste-de-tous-les-magasins-attendus-des-cette-annee_63241248.html\" rel=\"nofollow noopener\" target=\"_blank\">Shein<\/a> va-t-il vraiment pouvoir ouvrir ses premiers magasins en France ? Mercredi 1er octobre 2025, \u00e0 la surprise g\u00e9n\u00e9rale, la marque a annonc\u00e9 son implantation en France dans des points de vente non \u00e9ph\u00e9m\u00e8res dans plusieurs <a href=\"https:\/\/actu.fr\/auvergne-rhone-alpes\/grenoble_38185\/shein-ouvre-a-grenoble-le-geant-de-la-mode-en-ligne-debarque-aux-galeries-lafayette_63241228.html\" rel=\"nofollow noopener\" target=\"_blank\">Galeries Lafayette dont celles de Grenoble<\/a> (Is\u00e8re). Une premi\u00e8re mondiale\u2026<\/p>\n<p class=\" wall-content\">Mais quelques heures apr\u00e8s, les Galeries Lafayette ont annonc\u00e9 <strong>\u00ab\u00a0refuser l\u2019installation\u00a0\u00bb de la marque de mode asiatique Shein<\/strong> dans cinq magasins affili\u00e9s dans des villes fran\u00e7aises, dont le groupe Galeries Lafayette n\u2019est toutefois plus l\u2019exploitant, ces \u00e9tablissements \u00e9tant d\u00e9tenus par le groupe SGM, une soci\u00e9t\u00e9 lyonnaise.<\/p>\n<p>Un \u00ab\u00a0profond d\u00e9saccord\u00a0\u00bb des Galeries Lafayette<\/p>\n<p class=\" wall-content\">\u00ab\u00a0Les Galeries Lafayette tiennent \u00e0 exprimer leur profond d\u00e9saccord avec cette d\u00e9cision (de SGM) au regard du positionnement et des pratiques de cette marque d\u2019ultra fast fashion qui est en contradiction avec leur offre et leurs valeurs\u00a0\u00bb, selon un communiqu\u00e9.<\/p>\n<p class=\" wall-content\">La Soci\u00e9t\u00e9 des grands magasins (SGM) compte implanter Shein au <a href=\"https:\/\/actu.fr\/ile-de-france\/paris_75056\/paris-le-geant-de-la-fast-fashion-shein-controverse-va-ouvrir-un-magasin-inedit-au-bhv_63241540.html\" rel=\"nofollow noopener\" target=\"_blank\">BHV Marais \u00e0 Paris<\/a> et dans les Galeries Lafayette d\u2019Angers, <a href=\"https:\/\/actu.fr\/bourgogne-franche-comte\/dijon_21231\/dijon-shein-frappe-fort-et-s-installe-pour-de-bon-dans-cet-espace-hyper-connu_63241764.html\" rel=\"nofollow noopener\" target=\"_blank\">Dijon<\/a>, <a href=\"https:\/\/actu.fr\/auvergne-rhone-alpes\/grenoble_38185\" rel=\"nofollow noopener\" target=\"_blank\">Grenoble<\/a>, Limoges et Reims.\u00a0<\/p>\n<p class=\" wall-content\">Ce projet \u00ab\u00a0est \u00e9galement contraire aux conditions contractuelles d\u2019affiliation qui lient le groupe SGM aux Galeries Lafayette\u00a0\u00bb, estiment ces derni\u00e8res dans un communiqu\u00e9.<\/p>\n<p>Les Galeries Lafayette veulent \u00ab\u00a0emp\u00eacher\u00a0\u00bb l\u2019ouverture de Shein<\/p>\n<p class=\" wall-content\">Si \u00ab\u00a0les affili\u00e9s ont une latitude d\u2019action pour choisir les marques qu\u2019ils veulent vendre dans leurs magasins\u00a0\u00bb, ces marques doivent correspondre au \u00ab\u00a0positionnement premium des Galeries Lafayette\u00a0\u00bb, ce qui n\u2019est pas le cas de Shein,\u00a0a expliqu\u00e9 \u00e0 l\u2019AFP une source proche du dossier.<\/p>\n<p class=\" wall-content\">Les Galeries Lafayette, qui ont \u00ab\u00a0fait part\u00a0\u00bb de leur \u00ab\u00a0position au groupe SGM\u00a0\u00bb, assurent qu\u2019elle \u00ab\u00a0emp\u00eacheront la mise en \u0153uvre\u00a0\u00bb du partenariat avec Shein, selon le communiqu\u00e9.<\/p>\n<p>Votre r\u00e9gion, votre actu !<\/p>\n<p>Recevez chaque jour les infos qui comptent pour vous.<\/p>\n<p>\t<a href=\"https:\/\/actu.fr\/newsletter\" class=\"ac-btn ac-btn--corner ac-btn--medium ac-btn--blue800\" rel=\"nofollow noopener\" target=\"_blank\">S&rsquo;incrire<\/a><br \/>\nUn partenariat \u00ab\u00a0conforme\u00a0\u00bb se d\u00e9fend SGM<\/p>\n<p class=\" wall-content\">De son c\u00f4t\u00e9, SGM, interrog\u00e9 par l\u2019AFP, \u00ab\u00a0r\u00e9affirme que ce partenariat est conforme aux conditions contractuelles liant SGM aux Galeries Lafayette\u00a0\u00bb, et assure que \u00ab\u00a0le dialogue reste constant entre les deux pour lever ce malentendu\u00a0\u00bb.<\/p>\n<p class=\" wall-content\">Cette soci\u00e9t\u00e9 propri\u00e9t\u00e9 de l\u2019homme d\u2019affaires lyonnais Fr\u00e9d\u00e9ric Merlin avait rachet\u00e9 en 2022 avait rachet\u00e9 plusieurs magasins Galerie Lafayette en province en exploitant la c\u00e9l\u00e8bre marque fran\u00e7aise. Il avait aussi repris l\u2019iconique magasin BHV dans la capitale. Elle d\u00e9tient aussi des centres commerciaux \u00e0 Mulhouse, N\u00eemes, Metz ou Lille.<\/p>\n<p class=\" wall-content\"><strong>Avec AFP<\/strong><\/p>\n<p class=\" wall-content\">Personnalisez votre actualit\u00e9 en ajoutant vos villes et m\u00e9dias en favori avec <a href=\"https:\/\/moncompte.actu.fr\" title=\"D\u00e9couvez Mon Actu\" rel=\"nofollow noopener\" data-trk=\"{&quot;cta&quot;:{&quot;action&quot;:&quot;https:\\\/\\\/moncompte.actu.fr&quot;,&quot;category&quot;:&quot;mon compte&quot;,&quot;from&quot;:&quot;article footer&quot;,&quot;name&quot;:&quot;Mon actu&quot;,&quot;type&quot;:&quot;cta&quot;}}\" target=\"_blank\">Mon Actu<\/a>.<\/p>\n","protected":false},"excerpt":{"rendered":"Par R\u00e9daction Grenoble Publi\u00e9 le 1 oct. 2025 \u00e0 19h24 ; mis \u00e0 jour le 1 oct. 2025&hellip;\n","protected":false},"author":2,"featured_media":432157,"comment_status":"","ping_status":"","sticky":false,"template":"","format":"standard","meta":{"footnotes":""},"categories":[9566],"tags":[1111,11,2430,215,33,1777,674,1011,27,2731,12,25],"class_list":{"0":"post-432156","1":"post","2":"type-post","3":"status-publish","4":"format-standard","5":"has-post-thumbnail","7":"category-grenoble","8":"tag-actu","9":"tag-actualites","10":"tag-auvergne-rhone-alpes","11":"tag-commerce","12":"tag-economie","13":"tag-eu","14":"tag-europe","15":"tag-fr","16":"tag-france","17":"tag-grenoble","18":"tag-news","19":"tag-republique-francaise"},"share_on_mastodon":{"url":"https:\/\/pubeurope.com\/@fr\/115301210243946057","error":""},"_links":{"self":[{"href":"https:\/\/www.europesays.com\/fr\/wp-json\/wp\/v2\/posts\/432156","targetHints":{"allow":["GET"]}}],"collection":[{"href":"https:\/\/www.europesays.com\/fr\/wp-json\/wp\/v2\/posts"}],"about":[{"href":"https:\/\/www.europesays.com\/fr\/wp-json\/wp\/v2\/types\/post"}],"author":[{"embeddable":true,"href":"https:\/\/www.europesays.com\/fr\/wp-json\/wp\/v2\/users\/2"}],"replies":[{"embeddable":true,"href":"https:\/\/www.europesays.com\/fr\/wp-json\/wp\/v2\/comments?post=432156"}],"version-history":[{"count":0,"href":"https:\/\/www.europesays.com\/fr\/wp-json\/wp\/v2\/posts\/432156\/revisions"}],"wp:featuredmedia":[{"embeddable":true,"href":"https:\/\/www.europesays.com\/fr\/wp-json\/wp\/v2\/media\/432157"}],"wp:attachment":[{"href":"https:\/\/www.europesays.com\/fr\/wp-json\/wp\/v2\/media?parent=432156"}],"wp:term":[{"taxonomy":"category","embeddable":true,"href":"https:\/\/www.europesays.com\/fr\/wp-json\/wp\/v2\/categories?post=432156"},{"taxonomy":"post_tag","embeddable":true,"href":"https:\/\/www.europesays.com\/fr\/wp-json\/wp\/v2\/tags?post=432156"}],"curies":[{"name":"wp","href":"https:\/\/api.w.org\/{rel}","templated":true}]}}