{"id":43216,"date":"2025-04-22T05:41:12","date_gmt":"2025-04-22T05:41:12","guid":{"rendered":"https:\/\/www.europesays.com\/fr\/43216\/"},"modified":"2025-04-22T05:41:12","modified_gmt":"2025-04-22T05:41:12","slug":"son-agresseur-remis-en-liberte-par-la-justice","status":"publish","type":"post","link":"https:\/\/www.europesays.com\/fr\/43216\/","title":{"rendered":"son agresseur remis en libert\u00e9 par la Justice"},"content":{"rendered":"<p>            Par<br \/>\n        <strong><br \/>\n            <a href=\"https:\/\/actu.fr\/auteur\/redaction-rennes\" title=\"Consulter tous les articles de R\u00e9daction Rennes\" rel=\"nofollow noopener\" target=\"_blank\">R\u00e9daction Rennes<\/a><br \/>\n        <\/strong><\/p>\n<p>        Publi\u00e9 le<\/p>\n<p>            22 avr. 2025 \u00e0 6h32        <\/p>\n<p>La chambre de l\u2019instruction de la cour d\u2019appel de Rennes a remis en libert\u00e9, vendredi 18 avril 2025, <strong>un Rennais accus\u00e9 de viol<\/strong> sur une jeune femme <strong>au cours d\u2019une soir\u00e9e alcoolis\u00e9e<\/strong> en mai 2023, deux mois seulement apr\u00e8s le suicide de cette derni\u00e8re.<\/p>\n<p class=\" wall-content\">Les faits s\u2019\u00e9taient d\u00e9roul\u00e9s en mai 2023, \u00e0 l\u2019issue d\u2019une soir\u00e9e alcoolis\u00e9e \u00e0 Rennes : ce soir-l\u00e0, cette jeune femme alors \u00e2g\u00e9e de <strong>20 ans<\/strong> avait \u00e9t\u00e9 convi\u00e9e \u00e0 une soir\u00e9e pour \u00ab\u00a0un \u00e9v\u00e8nement\u00a0\u00bb. Mais le lendemain, elle avait d\u00e9pos\u00e9 plainte pour \u00ab\u00a0viol\u00a0\u00bb \u00e0 l\u2019encontre de Carl-Max X. un Rennais aujourd\u2019hui \u00e2g\u00e9 de 26 ans.<\/p>\n<p>Une vid\u00e9o d\u00e9couverte dans le t\u00e9l\u00e9phone de l\u2019agresseur<\/p>\n<p class=\" wall-content\">Dans la nuit, elle \u00e9tait <strong>\u00ab\u00a0passablement saoule\u00a0\u00bb<\/strong> et son amie l\u2019avait couch\u00e9e \u00ab\u00a0dans la chambre\u00a0\u00bb o\u00f9 son propre compagnon dormait d\u00e9j\u00e0. Mais ensuite, elle avait<strong> senti \u00ab\u00a0quelqu\u2019un se mettre sur elle\u00a0\u00bb<\/strong> et lui infliger un premier viol : il s\u2019agissait en fait du demi-fr\u00e8re du compagnon de son amie.<\/p>\n<p class=\" wall-content\">Carl-Max X. avait ensuite tent\u00e9 de lui infliger <strong>une sodomie \u00ab\u00a0particuli\u00e8rement douloureuse\u00a0\u00bb<\/strong> et la jeune femme avait <strong>\u00ab\u00a0hurl\u00e9\u00a0\u00bb<\/strong> avant de parvenir \u00e0 quitter la pi\u00e8ce. Elle avait expliqu\u00e9 aux enqu\u00eateurs n\u2019avoir \u00ab\u00a0pas v\u00e9ritablement pu r\u00e9agir\u00a0\u00bb avant et avait d\u00e9nonc\u00e9 les faits \u00e0 son amie dans la foul\u00e9e. <strong>Une \u00ab\u00a0vid\u00e9o\u00a0\u00bb<\/strong> assez \u00e9vocatrice a \u00e9t\u00e9 <strong>d\u00e9couverte<\/strong> dans le t\u00e9l\u00e9phone du jeune homme.<\/p>\n<p>Vid\u00e9os : en ce moment sur Actu\u00ab\u00a0Pas punissable\u00a0\u00bb<\/p>\n<p class=\" wall-content\">Le lendemain matin, le jeune Rennais s\u2019\u00e9tait montr\u00e9 <strong>\u00ab\u00a0\u00e9tonn\u00e9\u00a0\u00bb<\/strong> et avait \u00ab\u00a0quitt\u00e9 les lieux\u00a0\u00bb rapidement alors que la <strong>\u00ab\u00a0panique\u00a0\u00bb<\/strong> commen\u00e7ait \u00e0 gagner le petit groupe d\u2019amis, suite aux d\u00e9nonciations de la jeune femme.<\/p>\n<p class=\" wall-content\">Dans la foul\u00e9e, Carl-Max X. avait \u00e9t\u00e9 plac\u00e9<strong> en garde \u00e0 vue<\/strong>, le 15 mai 2023 : il avait dans un premier temps \u00e9voqu\u00e9 \u00ab\u00a0un rapport sexuel consenti\u00a0\u00bb mais a \u00ab\u00a0\u00e9volu\u00e9\u00a0\u00bb au cours de la proc\u00e9dure. D\u00e9sormais, il \u00ab\u00a0reconnait le principe du viol\u00a0\u00bb, a-t-il \u00e9t\u00e9 indiqu\u00e9 lors de l\u2019audience de la chambre de l\u2019instruction, ce jeudi 17 avril 2025.\u00a0<\/p>\n<p class=\" wall-content\">Jusqu\u2019\u00e0 son incarc\u00e9ration, Carl-Max X. pensait en fait que \u00ab\u00a0le fait d\u2019avoir une relation sexuelle avec une femme inconsciente n\u2019\u00e9tait <strong>pas punissable\u00a0\u00bb.<\/strong><\/p>\n<p>La jeune femme s\u2019est suicid\u00e9e<\/p>\n<p class=\" wall-content\"><strong>Deux ex-compagnes<\/strong> avaient aussi d\u00e9crit <strong>des agissements similaires<\/strong> alors qu\u2019elles dormaient. Toutes deux ont \u00e9t\u00e9 entendues par le juge d\u2019instruction : la premi\u00e8re avait \u00ab\u00a0maintenu\u00a0\u00bb ses accusations tandis que la seconde avait expliqu\u00e9 qu\u2019elle n\u2019y \u00e9tait finalement \u00ab\u00a0pas oppos\u00e9e\u00a0\u00bb\u2026 Cet homme jamais condamn\u00e9 conteste toutefois \u00ab\u00a0ces pratiques\u00a0\u00bb, a recadr\u00e9 le magistrat de la chambre de l\u2019instruction lors de son rapport des faits.<\/p>\n<p class=\" wall-content\">Et ce dossier a r\u00e9cemment pris<strong> une tournure \u00ab\u00a0encore plus dramatique\u00a0\u00bb,<\/strong> a dit le juge : la plaignante \u00e9tait <strong>\u00ab\u00a0extr\u00eamement d\u00e9pressive\u00a0\u00bb<\/strong> depuis les faits et <strong>a mis fin \u00e0 ses jours<\/strong> le 13 f\u00e9vrier 2025. Lors de l\u2019audience, le repr\u00e9sentant du parquet g\u00e9n\u00e9ral a lui-m\u00eame \u00ab\u00a0appris\u00a0\u00bb le d\u00e9c\u00e8s de la plaignante, ses coll\u00e8gues de la Cit\u00e9 judiciaire n\u2019ayant \u00ab\u00a0pas cru bon\u00a0\u00bb de l\u2019en informer\u2026<\/p>\n<p>Des expertises psychologiques \u00ab\u00a0favorables\u00a0\u00bb<\/p>\n<p class=\" wall-content\">Reste que d\u00e9sormais, le jeune homme a<strong> \u00ab\u00a0compris cette notion de consentement\u00a0\u00bb<\/strong> et n\u2019a aucun\u00a0\u00bb int\u00e9r\u00eat\u00a0\u00bb \u00e0 aller \u00ab\u00a0mettre la pression sur les t\u00e9moins\u00a0\u00bb, a plaid\u00e9 son avocat. Les <strong>\u00ab\u00a0expertises\u00a0\u00bb<\/strong> r\u00e9alis\u00e9es par un psychologue et un psychiatre lui sont par ailleurs <strong>\u00ab\u00a0favorables\u00a0\u00bb<\/strong> puisque toutes deux concluent qu\u2019il n\u2019est \u00ab\u00a0pas sous le coup de pulsions sexuelles incontr\u00f4lables\u00a0\u00bb et qu\u2019il n\u2019est \u00ab\u00a0pas dangereux pour la s\u00e9curit\u00e9 des personnes\u00a0\u00bb.<\/p>\n<p class=\" wall-content\">Carl-Max X. r\u00e9clamait donc sa <strong>remise en libert\u00e9 sous contr\u00f4le judiciaire<\/strong> pour s\u2019installer \u00e0 Goussainville (Val-d\u2019Oise) \u00ab\u00a0chez une tante\u00a0\u00bb et travailler \u00e0 Paris en tant que \u00ab\u00a0chauffeur-livreur\u00a0\u00bb. \u00ab\u00a0Tout est fait pour qu\u2019il soit plac\u00e9 sous contr\u00f4le judiciaire\u00a0\u00bb, avait assur\u00e9 son avocat.<\/p>\n<p>\u00ab\u00a0J\u2019ai un projet d\u2019avenir\u00a0\u00bb<\/p>\n<p class=\" wall-content\">L\u2019avocat g\u00e9n\u00e9ral avait pourtant insist\u00e9 sur <strong>\u00ab\u00a0le risque de renouvellement\u00a0\u00bb<\/strong> de l\u2019infraction en d\u00e9pit d\u2019\u00e9clairages psychiatriques \u00ab\u00a0pas particuli\u00e8rement alarmants\u00a0\u00bb. Le dossier est par ailleurs \u00ab\u00a0en voie de cl\u00f4ture\u00a0\u00bb ; il importait donc qu\u2019il soit maintenu en d\u00e9tention provisoire jusqu\u2019\u00e0 \u00ab\u00a0sa comparution\u00a0\u00bb devant une juridiction de jugement.<\/p>\n<p class=\" wall-content\">\u00ab\u00a0Si vous me laissez une chance d\u2019\u00eatre en libert\u00e9, il n\u2019y aura aucune possibilit\u00e9 de concertation\u00a0\u00bb, avait insist\u00e9 Carl-Max X. \u00ab\u00a0J\u2019ai un projet d\u2019avenir et je veux faire quelque chose d\u2019utile.\u00a0\u00bb Vendredi 18 avril 2025, <strong>la chambre de l\u2019instruction<\/strong> de la cour d\u2019appel de Rennes <strong>a fait droit \u00e0 sa demande.<\/strong><\/p>\n<p class=\" wall-content\"><strong>CB \u2013 PressPepper<\/strong><\/p>\n<p class=\" wall-content\">Suivez toute l\u2019actualit\u00e9 de vos villes et m\u00e9dias favoris en vous inscrivant \u00e0 <a href=\"https:\/\/moncompte.actu.fr\" title=\"D\u00e9couvez Mon Actu\" rel=\"nofollow noopener\" data-trk=\"{&quot;cta&quot;:{&quot;action&quot;:&quot;https:\\\/\\\/moncompte.actu.fr&quot;,&quot;category&quot;:&quot;mon compte&quot;,&quot;from&quot;:&quot;article footer&quot;,&quot;name&quot;:&quot;Mon actu&quot;,&quot;type&quot;:&quot;cta&quot;}}\" target=\"_blank\">Mon Actu<\/a>.<\/p>\n<ul class=\"ac-article-tag wall-content\">\n<li><a href=\"https:\/\/actu.fr\/tag\/justice\" data-trk=\"{&quot;cta&quot;:{&quot;action&quot;:&quot;Justice&quot;,&quot;category&quot;:&quot;tag&quot;,&quot;from&quot;:&quot;article footer&quot;,&quot;name&quot;:&quot;Justice&quot;,&quot;type&quot;:&quot;cta&quot;}}\" rel=\"nofollow noopener\" target=\"_blank\">#Justice<\/a><\/li>\n<li><a href=\"https:\/\/actu.fr\/tag\/violences-sexuelles\" data-trk=\"{&quot;cta&quot;:{&quot;action&quot;:&quot;Violences sexuelles&quot;,&quot;category&quot;:&quot;tag&quot;,&quot;from&quot;:&quot;article footer&quot;,&quot;name&quot;:&quot;Violences sexuelles&quot;,&quot;type&quot;:&quot;cta&quot;}}\" rel=\"nofollow noopener\" target=\"_blank\">#Violences sexuelles<\/a><\/li>\n<\/ul>\n","protected":false},"excerpt":{"rendered":"Par R\u00e9daction Rennes Publi\u00e9 le 22 avr. 2025 \u00e0 6h32 La chambre de l\u2019instruction de la cour d\u2019appel&hellip;\n","protected":false},"author":2,"featured_media":43217,"comment_status":"","ping_status":"","sticky":false,"template":"","format":"standard","meta":{"footnotes":""},"categories":[2821],"tags":[1111,11,829,1777,674,118,1011,27,303,12,584,25,799],"class_list":{"0":"post-43216","1":"post","2":"type-post","3":"status-publish","4":"format-standard","5":"has-post-thumbnail","7":"category-rennes","8":"tag-actu","9":"tag-actualites","10":"tag-bretagne","11":"tag-eu","12":"tag-europe","13":"tag-faits-divers","14":"tag-fr","15":"tag-france","16":"tag-justice","17":"tag-news","18":"tag-rennes","19":"tag-republique-francaise","20":"tag-violences-sexuelles"},"share_on_mastodon":{"url":"https:\/\/pubeurope.com\/@fr\/114380019102622287","error":""},"_links":{"self":[{"href":"https:\/\/www.europesays.com\/fr\/wp-json\/wp\/v2\/posts\/43216","targetHints":{"allow":["GET"]}}],"collection":[{"href":"https:\/\/www.europesays.com\/fr\/wp-json\/wp\/v2\/posts"}],"about":[{"href":"https:\/\/www.europesays.com\/fr\/wp-json\/wp\/v2\/types\/post"}],"author":[{"embeddable":true,"href":"https:\/\/www.europesays.com\/fr\/wp-json\/wp\/v2\/users\/2"}],"replies":[{"embeddable":true,"href":"https:\/\/www.europesays.com\/fr\/wp-json\/wp\/v2\/comments?post=43216"}],"version-history":[{"count":0,"href":"https:\/\/www.europesays.com\/fr\/wp-json\/wp\/v2\/posts\/43216\/revisions"}],"wp:featuredmedia":[{"embeddable":true,"href":"https:\/\/www.europesays.com\/fr\/wp-json\/wp\/v2\/media\/43217"}],"wp:attachment":[{"href":"https:\/\/www.europesays.com\/fr\/wp-json\/wp\/v2\/media?parent=43216"}],"wp:term":[{"taxonomy":"category","embeddable":true,"href":"https:\/\/www.europesays.com\/fr\/wp-json\/wp\/v2\/categories?post=43216"},{"taxonomy":"post_tag","embeddable":true,"href":"https:\/\/www.europesays.com\/fr\/wp-json\/wp\/v2\/tags?post=43216"}],"curies":[{"name":"wp","href":"https:\/\/api.w.org\/{rel}","templated":true}]}}