{"id":432160,"date":"2025-10-01T22:14:12","date_gmt":"2025-10-01T22:14:12","guid":{"rendered":"https:\/\/www.europesays.com\/fr\/432160\/"},"modified":"2025-10-01T22:14:12","modified_gmt":"2025-10-01T22:14:12","slug":"rassemblement-du-medef-a-paris-un-train-de-plus-de-500-places-sera-affrete-au-depart-de","status":"publish","type":"post","link":"https:\/\/www.europesays.com\/fr\/432160\/","title":{"rendered":"Rassemblement du Medef \u00e0 Paris\u00a0: un train de plus de 500\u00a0places sera affr\u00e9t\u00e9 au d\u00e9part de"},"content":{"rendered":"<p><strong>\u00ab\u00a0Si nous \u00e9tions 500, ce serait pas mal\u00a0\u00bb<\/strong>, confiait il y a quelques jours \u00e0 Ouest-France Eric Challan-Belval, pr\u00e9sident du Mouvement des entreprises de France en Ille-et-Vilaine (Medef 35). De quoi s\u2019agit-il\u00a0? De faire participer le plus grand nombre possible de chefs d\u2019entreprises bretons au grand rassemblement \u00ab\u00a0Faisons gagner la France\u00a0\u00bb, organis\u00e9 lundi 13\u00a0octobre 2025, dans la grande salle Arena-Accor, au palais omnisports de Paris-Bercy.<\/p>\n<p><strong>Lire aussi\u00a0: <\/strong> <a href=\"https:\/\/rennes.maville.com\/actu\/actudet_-seront-ils-500-chefs-d-entreprises-bretons-a-paris-le-13-octobre-_5-6998014_actu.Htm\" target=\"_blank\" rel=\"noopener\">Seront-ils 500\u00a0chefs d\u2019entreprises bretons \u00e0 Paris le 13\u00a0octobre\u00a0?<\/a><\/p>\n<p>Le pari sera-t-il remport\u00e9\u00a0? Le Medef en Bretagne va s\u2019en donner les moyens\u00a0: un train de 509\u00a0places est d\u00e9sormais affr\u00e9t\u00e9 au d\u00e9part de la gare de Rennes, pour rallier Paris le 13\u00a0octobre 2025. Les adh\u00e9rents du Medef ont d\u00e9j\u00e0 re\u00e7u un courriel permettant \u00e0 ceux qui le souhaitent de r\u00e9server leur place dans ce train sp\u00e9cial. <strong>\u00ab\u00a0Ce rassemblement est \u00e0 l\u2019initiative du Medef mais il est ouvert aux autres mouvements\u00a0\u00bb<\/strong>, souligne d\u2019ailleurs Eric Challan-Belval.<\/p>\n<p>L\u2019organisation de ce rassemblement s\u2019inscrit dans le contexte des mobilisations autour du budget 2026. Patrick Martin avait d\u00e9clar\u00e9, le 13\u00a0septembre, que son organisation se mobiliserait face \u00e0 la menace d\u2019un alourdissement fiscal des entreprises.<\/p>\n<p>\u00a0<\/p>\n","protected":false},"excerpt":{"rendered":"\u00ab\u00a0Si nous \u00e9tions 500, ce serait pas mal\u00a0\u00bb, confiait il y a quelques jours \u00e0 Ouest-France Eric Challan-Belval,&hellip;\n","protected":false},"author":2,"featured_media":432161,"comment_status":"","ping_status":"","sticky":false,"template":"","format":"standard","meta":{"footnotes":""},"categories":[2821],"tags":[14971,1111,11,56000,829,3985,1777,674,1011,27,2047,4803,12,626,18433,3919,584,25,926],"class_list":{"0":"post-432160","1":"post","2":"type-post","3":"status-publish","4":"format-standard","5":"has-post-thumbnail","7":"category-rennes","8":"tag-14971","9":"tag-actu","10":"tag-actualites","11":"tag-affrete","12":"tag-bretagne","13":"tag-depart","14":"tag-eu","15":"tag-europe","16":"tag-fr","17":"tag-france","18":"tag-mans","19":"tag-medef","20":"tag-news","21":"tag-paris","22":"tag-places","23":"tag-rassemblement","24":"tag-rennes","25":"tag-republique-francaise","26":"tag-train"},"share_on_mastodon":{"url":"https:\/\/pubeurope.com\/@fr\/115301218273427791","error":""},"_links":{"self":[{"href":"https:\/\/www.europesays.com\/fr\/wp-json\/wp\/v2\/posts\/432160","targetHints":{"allow":["GET"]}}],"collection":[{"href":"https:\/\/www.europesays.com\/fr\/wp-json\/wp\/v2\/posts"}],"about":[{"href":"https:\/\/www.europesays.com\/fr\/wp-json\/wp\/v2\/types\/post"}],"author":[{"embeddable":true,"href":"https:\/\/www.europesays.com\/fr\/wp-json\/wp\/v2\/users\/2"}],"replies":[{"embeddable":true,"href":"https:\/\/www.europesays.com\/fr\/wp-json\/wp\/v2\/comments?post=432160"}],"version-history":[{"count":0,"href":"https:\/\/www.europesays.com\/fr\/wp-json\/wp\/v2\/posts\/432160\/revisions"}],"wp:featuredmedia":[{"embeddable":true,"href":"https:\/\/www.europesays.com\/fr\/wp-json\/wp\/v2\/media\/432161"}],"wp:attachment":[{"href":"https:\/\/www.europesays.com\/fr\/wp-json\/wp\/v2\/media?parent=432160"}],"wp:term":[{"taxonomy":"category","embeddable":true,"href":"https:\/\/www.europesays.com\/fr\/wp-json\/wp\/v2\/categories?post=432160"},{"taxonomy":"post_tag","embeddable":true,"href":"https:\/\/www.europesays.com\/fr\/wp-json\/wp\/v2\/tags?post=432160"}],"curies":[{"name":"wp","href":"https:\/\/api.w.org\/{rel}","templated":true}]}}