{"id":432162,"date":"2025-10-01T22:15:23","date_gmt":"2025-10-01T22:15:23","guid":{"rendered":"https:\/\/www.europesays.com\/fr\/432162\/"},"modified":"2025-10-01T22:15:23","modified_gmt":"2025-10-01T22:15:23","slug":"a-strasbourg-on-offre-6-places-pour-la-nuit-des-nanars-du-feffs","status":"publish","type":"post","link":"https:\/\/www.europesays.com\/fr\/432162\/","title":{"rendered":"\u00e0 Strasbourg, on offre 6 places pour la \u00ab\u00a0nuit des nanars \u00bb du FEFFS !"},"content":{"rendered":"<p>    <img loading=\"lazy\" width=\"1800\" height=\"900\" src=\"https:\/\/www.europesays.com\/fr\/wp-content\/uploads\/2025\/08\/jeanne-callthepolice.jpg\" class=\"attachment-full size-full\" alt=\"\" id=\"imageLove\" decoding=\"async\"  \/><\/p>\n<p id=\"breadcrumbs\"><a href=\"https:\/\/pokaa.fr\/\" target=\"_blank\" rel=\"noopener\">Accueil<\/a> \/ <a href=\"https:\/\/pokaa.fr\/categories\/ses-sorties\/\" target=\"_blank\" rel=\"noopener\">Sorties<\/a> \/ Voir des films WTF : \u00e0 Strasbourg, on offre 6 places pour la \u00ab\u00a0nuit des nanars \u00bb du FEFFS !<\/p>\n<p>                    Sorties<\/p>\n<p><strong>On l\u2019attend chaque ann\u00e9e avec impatience, et c\u2019est une des soir\u00e9es immanquables du Festival europ\u00e9en du film fantastique de Strasbourg : vous l\u2019avez sur le bout de la langue\u2026 Oui, c\u2019est bien le retour de la soir\u00e9e nanars, aka la Nuit excentrique du 4 au 5 octobre ! On vous d\u00e9taille la savoureuse programmation de cette ann\u00e9e, et cerise sur le g\u00e2teau, on vous fait gagner des places en fin d\u2019article. <\/strong><\/p>\n<p><strong>La nuit du 4 au 5 octobre sera blanche au cin\u00e9ma Star Saint-Exup\u00e9ry<\/strong>. Et pour cause : \u00e0 partir de minuit, la c\u00e9l\u00e8bre Nuit excentrique sera de retour pour \u00e9bahir les Strasbourgeois(es). Au programme de cette soir\u00e9e marathon du ridicule ? <strong>Des p\u00e9pites choisies avec le plus grand soin, toujours en partenariat avec la Cin\u00e9math\u00e8que fran\u00e7aise. <\/strong><\/p>\n<p>Une nuit pour savourer <strong>trois chefs-d\u2019\u0153uvre de la ringardise et du mauvais go\u00fbt vous attend<\/strong>. 6h40 de plans foireux, dialogues g\u00eanants, raccords ind\u00e9licats et costumes \u00e9piques : d\u2019ailleurs, pour vous mettre dans l\u2019ambiance, n\u2019h\u00e9sitez pas \u00e0 sortir le v\u00f4tre du placard !<\/p>\n<p>    <img width=\"800\" height=\"533\" src=\"https:\/\/www.europesays.com\/fr\/wp-content\/uploads\/2025\/10\/nicolas-busser-2021-e1726105269850-800x533.jpg\" class=\"attachment-image-size-L size-image-size-L\" alt=\"nuit excentrique + feffs\" decoding=\"async\" loading=\"lazy\"  \/>         Nuit excentrique 2021. \u00a9 Nicolas Busser \/ Document remis <\/p>\n<p>Super-h\u00e9ros contre Satan, Godzilla m\u00e9canique, Hansel et Gretel apr\u00e8s 18 ans&#8230;<\/p>\n<p>On d\u00e9marre avec <a href=\"https:\/\/strasbourgfestival.com\/fr\/2025-les-fantastiques-supermen-chinois\/\" target=\"_blank\" rel=\"noopener\"><strong>Les Fantastiques Supermen Chinois<\/strong><\/a>, de Chung-Kuang Lin (1976). Un \u00e9tudiant en biologie est kidnapp\u00e9 pour devenir un sbire de Satan, mais compte bien se servir de ses nouveaux super-pouvoirs avec son acolyte Superman num\u00e9ro 1 (parce qu\u2019ils sont deux Superman, m\u2019voyez.)<\/p>\n<p>On encha\u00eene avec Godzilla qui se bat contre son double m\u00e9canique (<a href=\"https:\/\/strasbourgfestival.com\/fr\/2025-godzilla-contre-mecanik-monster\/\" target=\"_blank\" rel=\"noopener\"><strong>Godzilla vs. Mechagodzilla<\/strong><\/a>, Jun Fukuda, 1974), terrorisant le Japon \u00e0 coups de rayons laser et d\u2019attaques hautement qualitatives.<\/p>\n<p>Il y aura aussi les aventures d\u2019Hansel et Gretel. Mais attention, pas n\u2019importe lesquelles : dans la version <a href=\"https:\/\/strasbourgfestival.com\/fr\/2025-laissez-vous-croquer-petites-chattes\/\" target=\"_blank\" rel=\"noopener\"><strong>Laissez-vous croquer petites chattes<\/strong><\/a> (Franz Josef Gottlieb, 1970), Hansel essaie \u00e0 tout prix de jouer \u00e0 touche-pipi avec sa ch\u00e9rie, avant de rencontrer une ch\u00e2telaine pour le moins t\u00e9m\u00e9raire\u2026 Alors, tent\u00e9(e)s ? <strong>Tant mieux, car on vous fait gagner des places !\u00a0<\/strong><\/p>\n<p>                <img width=\"351\" height=\"500\" src=\"https:\/\/www.europesays.com\/fr\/wp-content\/uploads\/2025\/10\/capture-decran-2025-09-29-174348-351x500.png\" class=\"attachment-gallery size-gallery\" alt=\"les fantastiques supermen chinois  chung Kuang lin 1977\" data-full-url=\"https:\/\/pokaa.fr\/wp-content\/uploads\/2025\/09\/29\/capture-decran-2025-09-29-174348.png\" decoding=\"async\" loading=\"lazy\"  \/>            <\/p>\n<p>                <img width=\"352\" height=\"500\" src=\"https:\/\/www.europesays.com\/fr\/wp-content\/uploads\/2025\/10\/capture-decran-2025-09-29-174335-352x500.png\" class=\"attachment-gallery size-gallery\" alt=\"Godzilla vs mechagodzilla Jun fukuda 1974\" data-full-url=\"https:\/\/pokaa.fr\/wp-content\/uploads\/2025\/09\/29\/capture-decran-2025-09-29-174335.png\" decoding=\"async\" loading=\"lazy\"  \/>            <\/p>\n<p>                <img width=\"354\" height=\"500\" src=\"https:\/\/www.europesays.com\/fr\/wp-content\/uploads\/2025\/10\/capture-decran-2025-09-29-174054-354x500.png\" class=\"attachment-gallery size-gallery\" alt=\"Laissez-vous manger petites chattes 1970 Franz Josef Gottlieb\" data-full-url=\"https:\/\/pokaa.fr\/wp-content\/uploads\/2025\/09\/29\/capture-decran-2025-09-29-174054.png\" decoding=\"async\" loading=\"lazy\"  \/>            <\/p>\n<p>                    \u00a9 Site web du FEFFS \/ Captures d&rsquo;\u00e9cran<\/p>\n<p>Jeu-concours : gagnez vos places pour la Nuit excentrique <\/p>\n<p>Envie de veiller tout en faisant travailler vos zygomatiques ? Restez par-l\u00e0, car on a\u00a0<strong>3\u00d72 places pour la Nuit excentrique \u00e0 vous faire gagner !\u00a0<\/strong>Pour y participer, c\u2019est tout simple, il suffit de\u00a0:<\/p>\n<p>Restez connect\u00e9(e)s : on contactera bient\u00f4t les gagnant(e)s !<\/p>\n<p>    <img width=\"800\" height=\"533\" src=\"https:\/\/www.europesays.com\/fr\/wp-content\/uploads\/2025\/09\/feffs-2-e1695074983161-800x533.jpg\" class=\"attachment-image-size-L size-image-size-L\" alt=\"feffs + festival europ\u00e9en du film fantastique + cin\u00e9ma vox\" decoding=\"async\" loading=\"lazy\"  \/>         \u00a9 FEFFS \/ Document remis <\/p>\n<p>            La Nuit excentrique &#8211; 18e \u00e9dition du FEFFS<\/p>\n<p>            Quoi ? <\/p>\n<p>S\u00e9ance nocturne avec r\u00e9trospective de nanars s\u00e9lectionn\u00e9s par la Cin\u00e9math\u00e8que fran\u00e7aise et animations<\/p>\n<p>                Quand ?<\/p>\n<p>Nuit du 4 au 5 octobre, \u00e0 partir de minuit<\/p>\n<p>            o\u00f9 ?<\/p>\n<p>Au cin\u00e9ma Star Saint-Exup\u00e9ry, 18 rue du 22-Novembre, \u00e0 Strasbourg<\/p>\n<p>                Plus d&rsquo;infos ?<\/p>\n<p><a href=\"https:\/\/www.cinema-star.com\/film\/629529\/\" target=\"_blank\" rel=\"noopener\">Programme de la soir\u00e9e et billetterie<\/a><\/p>\n<p>PS : le petit-d\u00e9jeuner sera offert sur place !<\/p>\n","protected":false},"excerpt":{"rendered":"Accueil \/ Sorties \/ Voir des films WTF : \u00e0 Strasbourg, on offre 6 places pour la \u00ab\u00a0nuit&hellip;\n","protected":false},"author":2,"featured_media":432163,"comment_status":"","ping_status":"","sticky":false,"template":"","format":"standard","meta":{"footnotes":""},"categories":[2820],"tags":[1111,11,1777,674,54547,1011,27,775,56001,12,54549,25,640],"class_list":{"0":"post-432162","1":"post","2":"type-post","3":"status-publish","4":"format-standard","5":"has-post-thumbnail","7":"category-strasbourg","8":"tag-actu","9":"tag-actualites","10":"tag-eu","11":"tag-europe","12":"tag-feffs","13":"tag-fr","14":"tag-france","15":"tag-grand-est","16":"tag-nanar","17":"tag-news","18":"tag-nuit-excentrique","19":"tag-republique-francaise","20":"tag-strasbourg"},"share_on_mastodon":{"url":"https:\/\/pubeurope.com\/@fr\/115301222887017796","error":""},"_links":{"self":[{"href":"https:\/\/www.europesays.com\/fr\/wp-json\/wp\/v2\/posts\/432162","targetHints":{"allow":["GET"]}}],"collection":[{"href":"https:\/\/www.europesays.com\/fr\/wp-json\/wp\/v2\/posts"}],"about":[{"href":"https:\/\/www.europesays.com\/fr\/wp-json\/wp\/v2\/types\/post"}],"author":[{"embeddable":true,"href":"https:\/\/www.europesays.com\/fr\/wp-json\/wp\/v2\/users\/2"}],"replies":[{"embeddable":true,"href":"https:\/\/www.europesays.com\/fr\/wp-json\/wp\/v2\/comments?post=432162"}],"version-history":[{"count":0,"href":"https:\/\/www.europesays.com\/fr\/wp-json\/wp\/v2\/posts\/432162\/revisions"}],"wp:featuredmedia":[{"embeddable":true,"href":"https:\/\/www.europesays.com\/fr\/wp-json\/wp\/v2\/media\/432163"}],"wp:attachment":[{"href":"https:\/\/www.europesays.com\/fr\/wp-json\/wp\/v2\/media?parent=432162"}],"wp:term":[{"taxonomy":"category","embeddable":true,"href":"https:\/\/www.europesays.com\/fr\/wp-json\/wp\/v2\/categories?post=432162"},{"taxonomy":"post_tag","embeddable":true,"href":"https:\/\/www.europesays.com\/fr\/wp-json\/wp\/v2\/tags?post=432162"}],"curies":[{"name":"wp","href":"https:\/\/api.w.org\/{rel}","templated":true}]}}