{"id":432168,"date":"2025-10-01T22:18:12","date_gmt":"2025-10-01T22:18:12","guid":{"rendered":"https:\/\/www.europesays.com\/fr\/432168\/"},"modified":"2025-10-01T22:18:12","modified_gmt":"2025-10-01T22:18:12","slug":"deux-absents-majeurs-pour-nice-contre-fenerbahce","status":"publish","type":"post","link":"https:\/\/www.europesays.com\/fr\/432168\/","title":{"rendered":"deux absents majeurs pour Nice contre Fenerbah\u00e7e"},"content":{"rendered":"<p>Bless\u00e9s, le d\u00e9fenseur Dante et le milieu Hicham Boudaoui ne joueront pas en Turquie ce jeudi.<\/p>\n<p class=\"fig-paragraph\">Les Aiglons diminu\u00e9s en Turquie. Le d\u00e9fenseur et capitaine Dante ainsi que le milieu international alg\u00e9rien Hicham Boudaoui ne font pas partie du groupe de\u00a0<a href=\"http:\/\/www.lefigaro.fr\/sports\/football\/ligue-1\/ligue-1-les-ultras-de-l-ogc-nice-boycottent-le-deplacement-historique-a-louis-ii-20250929\" data-fig-type=\"NewsFlash\" data-gtm-custom-categorie=\"navigation\" data-gtm-custom-action=\"crossclick\" data-gtm-custom-label=\"Contextuel\" data-gtm-event=\"customEventSPE\" data-fig-domain=\"LEFIGARO\" rel=\"nofollow noopener\" target=\"_blank\">Nice\u00a0<\/a>pour le d\u00e9placement \u00e0 Istanbul afin d&rsquo;y affronter le Fenerbah\u00e7e jeudi (18h45) en Ligue Europa, a-t-on appris mercredi aupr\u00e8s du club azur\u00e9en.<\/p>\n<p class=\"fig-paragraph\">D\u00e9j\u00e0 absent contre le Paris FC (1-1) dimanche en Ligue 1 en raison de douleurs au genou droit, Dante, 41 ans, est rest\u00e9 \u00e0 Nice afin de tenter de r\u00e9cup\u00e9rer et \u00eatre op\u00e9rationnel pour le derby de dimanche prochain en L1 (17h15) \u00e0 Monaco.<\/p>\n<p>                                    <a class=\"fig-a11y-skip a11y-hidden\" href=\"#fig-a11y-skip-main-inarticle\"><br \/>\n        Passer la publicit\u00e9<br \/>\n    <\/a><\/p>\n<p>23 joueurs convoqu\u00e9s<\/p>\n<p class=\"fig-paragraph\">Boudaoui a \u00e9t\u00e9 victime d&rsquo;un coup sur la cr\u00eate iliaque contre le Paris FC. Lors de cette rencontre, il \u00e9tait entr\u00e9 en jeu \u00e0 la mi-temps avant de ressortir bless\u00e9 et d&rsquo;\u00eatre remplac\u00e9 par Morgan Sanson \u00e0 la 78e minute. Comme son capitaine, Boudaoui est rest\u00e9 sur la C\u00f4te d&rsquo;Azur pour se soigner.<\/p>\n<p class=\"fig-paragraph\">Franck Haise, l&rsquo;entra\u00eeneur de Nice, a convoqu\u00e9 23 joueurs dont trois gardiens pour ce deuxi\u00e8me match de la phase de ligue de Ligue Europa. Lors de la premi\u00e8re journ\u00e9e, les Aiglons s&rsquo;\u00e9taient inclin\u00e9s \u00e0 domicile (2-1) contre l&rsquo;AS Rome, t\u00eate de s\u00e9rie N.1 de la comp\u00e9tition.<\/p>\n","protected":false},"excerpt":{"rendered":"Bless\u00e9s, le d\u00e9fenseur Dante et le milieu Hicham Boudaoui ne joueront pas en Turquie ce jeudi. Les Aiglons&hellip;\n","protected":false},"author":2,"featured_media":432169,"comment_status":"","ping_status":"","sticky":false,"template":"","format":"standard","meta":{"footnotes":""},"categories":[2819],"tags":[1111,11,13723,1777,674,1011,27,12,2401,2268,882,25],"class_list":{"0":"post-432168","1":"post","2":"type-post","3":"status-publish","4":"format-standard","5":"has-post-thumbnail","7":"category-nice","8":"tag-actu","9":"tag-actualites","10":"tag-dante","11":"tag-eu","12":"tag-europe","13":"tag-fr","14":"tag-france","15":"tag-news","16":"tag-nice","17":"tag-ogc-nice","18":"tag-provence-alpes-cote-dazur","19":"tag-republique-francaise"},"share_on_mastodon":{"url":"https:\/\/pubeurope.com\/@fr\/115301233735992333","error":""},"_links":{"self":[{"href":"https:\/\/www.europesays.com\/fr\/wp-json\/wp\/v2\/posts\/432168","targetHints":{"allow":["GET"]}}],"collection":[{"href":"https:\/\/www.europesays.com\/fr\/wp-json\/wp\/v2\/posts"}],"about":[{"href":"https:\/\/www.europesays.com\/fr\/wp-json\/wp\/v2\/types\/post"}],"author":[{"embeddable":true,"href":"https:\/\/www.europesays.com\/fr\/wp-json\/wp\/v2\/users\/2"}],"replies":[{"embeddable":true,"href":"https:\/\/www.europesays.com\/fr\/wp-json\/wp\/v2\/comments?post=432168"}],"version-history":[{"count":0,"href":"https:\/\/www.europesays.com\/fr\/wp-json\/wp\/v2\/posts\/432168\/revisions"}],"wp:featuredmedia":[{"embeddable":true,"href":"https:\/\/www.europesays.com\/fr\/wp-json\/wp\/v2\/media\/432169"}],"wp:attachment":[{"href":"https:\/\/www.europesays.com\/fr\/wp-json\/wp\/v2\/media?parent=432168"}],"wp:term":[{"taxonomy":"category","embeddable":true,"href":"https:\/\/www.europesays.com\/fr\/wp-json\/wp\/v2\/categories?post=432168"},{"taxonomy":"post_tag","embeddable":true,"href":"https:\/\/www.europesays.com\/fr\/wp-json\/wp\/v2\/tags?post=432168"}],"curies":[{"name":"wp","href":"https:\/\/api.w.org\/{rel}","templated":true}]}}