{"id":432170,"date":"2025-10-01T22:20:00","date_gmt":"2025-10-01T22:20:00","guid":{"rendered":"https:\/\/www.europesays.com\/fr\/432170\/"},"modified":"2025-10-01T22:20:00","modified_gmt":"2025-10-01T22:20:00","slug":"nantes-une-association-veut-rapprocher-les-jeunes-de-la-politique","status":"publish","type":"post","link":"https:\/\/www.europesays.com\/fr\/432170\/","title":{"rendered":"Nantes : une association veut rapprocher les jeunes de la politique"},"content":{"rendered":"<p class=\"block date\" id=\"dateEtAuteur\">Publi\u00e9 : 30 septembre 2025 \u00e0 17h43 &#8211; Modifi\u00e9 : 17h21 H\u00e9l\u00e8ne  HAMON <\/p>\n<p><img decoding=\"async\" class=\"\" style=\"width:100%\" src=\"https:\/\/www.europesays.com\/fr\/wp-content\/uploads\/2025\/10\/ECHARPE_MAIRE___Nicolas_Guyonnet___Hans_Lucas_AFP1759246689085.jpg\" alt=\"Echarpe tricolore\"\/>Alors que le foss\u00e9 semble se creuser consid\u00e9rablement entre la politique et les citoyens, une association de jeunes \u00e9lus a pour ambition de les r\u00e9concilier. L&rsquo;association des Jeunes \u00e9lus de Loire-Atlantique propose un tas d&rsquo;actions. Entretien avec son d\u00e9l\u00e9gu\u00e9, Aymeric P\u00e9rocheau. <\/p>\n<p>Susciter des vocations chez les moins de 35 ans \u00e0 six mois des \u00e9lections municipales. C\u2019est le leitmotiv de l\u2019association des Jeunes \u00e9lus de Loire-Atlantique, une association transpartisane, qui cherche \u00e0 rapprocher les 18\/34 ans de l&rsquo;engagement politique locale.<\/p>\n<blockquote><p>\nLes vocations se font rares\u00a0\n<\/p><\/blockquote>\n<p>Aymeric P\u00e9rocheau est tomb\u00e9 dans la marmite politique quand il \u00e9tait petit&#8230; A seulement 24 ans, il est conseiller municipal \u00e0 la Chevroli\u00e8re et d\u00e9l\u00e9gu\u00e9 de l&rsquo;association des Jeunes \u00e9lus de Loire-Atlantique. Selon lui, les vocations se font rares et les chiffres sont alarmants. \u00ab\u00a0Sur le terrain, on voit qu&rsquo;on a une crise de la repr\u00e9sentation au niveau des jeunes \u00e9lus. Au niveau national, 4,7% des \u00e9lus ont moins de 35 ans en France en 2025, alors que les 18-34 ans repr\u00e9sentent environ 18% de la population.<\/p>\n<p><strong> L&rsquo;\u00e9cart est assez important en Loire-Atlantique, on est \u00e0 3,4 ou 3,5% d&rsquo;\u00e9lus qui ont moins de 30 ans, contre 4,7% au niveau national. <\/strong>Plusieurs raisons peuvent expliquer ce chiffre relativement bas : les jeunes se d\u00e9sint\u00e9ressent de la politique. C&rsquo;est un monde qui est assez m\u00e9connu. Il faudrait voir l&rsquo;engagement au travers des conseils municipaux, plut\u00f4t comme un engagement associatif que comme la vision qu&rsquo;on peut se faire de la politique au niveau national. Il y a beaucoup de contraintes aussi qui entra\u00eenent parfois des d\u00e9missions\u00a0\u00bb. <\/p>\n<p>Aymeric P\u00e9rocheau, d\u00e9l\u00e9gu\u00e9 AJEF 44Aymeric P\u00e9rocheau, d\u00e9l\u00e9gu\u00e9 AJEF 44 <\/p>\n<p>L&rsquo;association cherche \u00e0 inciter les jeunes \u00e0 s&rsquo;engager en politique et les objectifs sont ambitieux. \u00ab\u00a0Tout d&rsquo;abord, nous avons l&rsquo;objectif de susciter la r\u00e9flexion politique au travers de rencontres, de tables rondes, d&rsquo;ateliers et de travaux th\u00e9matiques.<\/p>\n<blockquote><p>\nLes objectifs de l&rsquo;association\n<\/p><\/blockquote>\n<p>Aymeric P\u00e9rocheau veut \u00ab\u00a0aussi de cr\u00e9er du lien entre tous les jeunes \u00e9lus, notamment des \u00e9lus qui peuvent \u00eatre dans des milieux ruraux et assez \u00e9loign\u00e9s d&rsquo;autres jeunes \u00e9lus. L&rsquo;id\u00e9e est de partager et d&rsquo;accompagner au travers des formations, et puis l&rsquo;objetif est aussi d&rsquo;encourager l&rsquo;engagement chez les jeunes citoyens avec des temps de rencontres, des visites d&rsquo;institutions&#8230; et on se d\u00e9place enfin dans des universit\u00e9s ou des lyc\u00e9es.\u00a0\u00bb<\/p>\n<p>Aymeric P\u00e9rocheau, d\u00e9l\u00e9gu\u00e9 AJEF 44Aymeric P\u00e9rocheau, d\u00e9l\u00e9gu\u00e9 AJEF 44 <\/p>\n<p>Pour rapprocher les jeunes de la politique, un texte est dans les cartons.\u00a0\u00bbOn a plusieurs combats, dont la cr\u00e9ation d&rsquo;un statut de l&rsquo;\u00e9lu \u00e9tudiant, qui permettra de justifier des absences pour certains cours pour les \u00e9tudiants, de percevoir des indemnit\u00e9s de transport pour rejoindre leur ville o\u00f9 ils ont leur mandat. C&rsquo;est aussi la d\u00e9mocratisation et l&rsquo;autorisation de la visioconf\u00e9rence dans les conseils municipaux et les commissions.<\/p>\n<blockquote><p>\nUn statut de l&rsquo;\u00e9lu \u00e9tudiant\n<\/p><\/blockquote>\n<p>C&rsquo;est de rendre obligatoire une formation pour tous les \u00e9lus, notamment les nouveaux entrants, et quels que soient leurs \u00e2ges, pas forc\u00e9ment les jeunes, dans les six premiers mois de mandat. Cela permettra vraiment de sensibiliser tout le monde \u00e0 travers leurs fonctions\u00a0\u00bb.<\/p>\n<p>Aymeric P\u00e9rocheau, d\u00e9l\u00e9gu\u00e9 AJEF 44Aymeric P\u00e9rocheau, d\u00e9l\u00e9gu\u00e9 AJEF 44 <\/p>\n<p>Le texte en question a \u00e9t\u00e9 approuv\u00e9 en premi\u00e8re lecture \u00e0 l\u2019Assembl\u00e9e. Il devait aussi \u00eatre \u00e0 l\u2019ordre du jour au S\u00e9nat, avant le changement de gouvernement. Pour l\u2019instant, c\u2019est en pause.<\/p>\n<p>Aujourd&rsquo;hui, un maire sur quatre ne souhaite pas se repr\u00e9senter lors des prochaines \u00e9lections municipales, qui se tiendront en mars 2026.<strong>\u00a0<\/strong><\/p>\n","protected":false},"excerpt":{"rendered":"Publi\u00e9 : 30 septembre 2025 \u00e0 17h43 &#8211; Modifi\u00e9 : 17h21 H\u00e9l\u00e8ne HAMON Alors que le foss\u00e9 semble&hellip;\n","protected":false},"author":2,"featured_media":432171,"comment_status":"","ping_status":"","sticky":false,"template":"","format":"standard","meta":{"footnotes":""},"categories":[2818],"tags":[1111,11,4077,11035,14192,1777,674,1011,27,4074,3434,766,12,2636,25],"class_list":{"0":"post-432170","1":"post","2":"type-post","3":"status-publish","4":"format-standard","5":"has-post-thumbnail","7":"category-nantes","8":"tag-actu","9":"tag-actualites","10":"tag-association","11":"tag-election","12":"tag-elu","13":"tag-eu","14":"tag-europe","15":"tag-fr","16":"tag-france","17":"tag-jeunes","18":"tag-municipales-2026","19":"tag-nantes","20":"tag-news","21":"tag-pays-de-la-loire","22":"tag-republique-francaise"},"share_on_mastodon":{"url":"https:\/\/pubeurope.com\/@fr\/115301242018213441","error":""},"_links":{"self":[{"href":"https:\/\/www.europesays.com\/fr\/wp-json\/wp\/v2\/posts\/432170","targetHints":{"allow":["GET"]}}],"collection":[{"href":"https:\/\/www.europesays.com\/fr\/wp-json\/wp\/v2\/posts"}],"about":[{"href":"https:\/\/www.europesays.com\/fr\/wp-json\/wp\/v2\/types\/post"}],"author":[{"embeddable":true,"href":"https:\/\/www.europesays.com\/fr\/wp-json\/wp\/v2\/users\/2"}],"replies":[{"embeddable":true,"href":"https:\/\/www.europesays.com\/fr\/wp-json\/wp\/v2\/comments?post=432170"}],"version-history":[{"count":0,"href":"https:\/\/www.europesays.com\/fr\/wp-json\/wp\/v2\/posts\/432170\/revisions"}],"wp:featuredmedia":[{"embeddable":true,"href":"https:\/\/www.europesays.com\/fr\/wp-json\/wp\/v2\/media\/432171"}],"wp:attachment":[{"href":"https:\/\/www.europesays.com\/fr\/wp-json\/wp\/v2\/media?parent=432170"}],"wp:term":[{"taxonomy":"category","embeddable":true,"href":"https:\/\/www.europesays.com\/fr\/wp-json\/wp\/v2\/categories?post=432170"},{"taxonomy":"post_tag","embeddable":true,"href":"https:\/\/www.europesays.com\/fr\/wp-json\/wp\/v2\/tags?post=432170"}],"curies":[{"name":"wp","href":"https:\/\/api.w.org\/{rel}","templated":true}]}}