{"id":432172,"date":"2025-10-01T22:21:46","date_gmt":"2025-10-01T22:21:46","guid":{"rendered":"https:\/\/www.europesays.com\/fr\/432172\/"},"modified":"2025-10-01T22:21:46","modified_gmt":"2025-10-01T22:21:46","slug":"lenseignement-catholique-adopte-un-protocole-inedit-pour-traiter-la-delinquance-dans-ses-ecoles","status":"publish","type":"post","link":"https:\/\/www.europesays.com\/fr\/432172\/","title":{"rendered":"l\u2019Enseignement catholique adopte un protocole in\u00e9dit pour traiter la d\u00e9linquance dans ses \u00e9coles"},"content":{"rendered":"<p>Ce protocole, \u00e9labor\u00e9 avec le parquet, la police et la gendarmerie, vise \u00e0 mieux g\u00e9rer les situations de danger en milieu scolaire. Fr\u00e9quent dans les \u00e9coles publiques, c\u2019est le premier du genre adopt\u00e9 dans le priv\u00e9 avec autant de signataires.<\/p>\n<p class=\"fig-paragraph\">Un protocole in\u00e9dit entre\u00a0<a href=\"http:\/\/www.lefigaro.fr\/nantes\/loire-atlantique-tensions-entre-l-enseignement-catholique-et-le-departement-apres-la-suspension-d-une-subvention-pour-le-prive-20250311\" target=\"_blank\" data-fig-type=\"NewsFlash\" rel=\"noopener nofollow\" data-gtm-custom-categorie=\"navigation\" data-gtm-custom-action=\"crossclick\" data-gtm-custom-label=\"Contextuel\" data-gtm-event=\"customEventSPE\" data-fig-domain=\"LEFIGARO\">l\u2019enseignement catholique de Loire-Atlantique<\/a>, la police, la gendarmerie et les parquets de\u00a0<a href=\"http:\/\/www.lefigaro.fr\/nantes\/nantes-la-ville-distinguee-pour-ses-espaces-verts-et-ses-actions-de-debitumisation-20251001\" target=\"_blank\" data-fig-type=\"NewsFlash\" rel=\"noopener nofollow\" data-gtm-custom-categorie=\"navigation\" data-gtm-custom-action=\"crossclick\" data-gtm-custom-label=\"Contextuel\" data-gtm-event=\"customEventSPE\" data-fig-domain=\"LEFIGARO\">Nantes<\/a>\u00a0et\u00a0<a href=\"http:\/\/www.lefigaro.fr\/international\/petrolier-de-la-flotte-fantome-russe-au-large-de-saint-nazaire-macron-pointe-des-fautes-tres-importantes-de-l-equipage-20251001\" target=\"_blank\" data-fig-type=\"NewsFlash\" rel=\"noopener nofollow\" data-gtm-custom-categorie=\"navigation\" data-gtm-custom-action=\"crossclick\" data-gtm-custom-label=\"Contextuel\" data-gtm-event=\"customEventSPE\" data-fig-domain=\"LEFIGARO\">Saint-Nazaire<\/a>. Sign\u00e9 le 16 juin dernier, il concerne \u00abla pr\u00e9vention et le traitement de la d\u00e9linquance et des situations de danger\u00a0<a href=\"https:\/\/www.lefigaro.fr\/actualite-france\/le-decrochage-scolaire-berceau-de-la-delinquance-20220928\" target=\"_blank\" data-fig-type=\"Article\" rel=\"noopener nofollow\" data-gtm-custom-categorie=\"navigation\" data-gtm-custom-action=\"crossclick\" data-gtm-custom-label=\"Contextuel\" data-gtm-event=\"customEventSPE\" data-fig-domain=\"LEFIGARO\">en milieu scolaire<\/a> \u00bb. Si des actions \u00e9taient d\u00e9j\u00e0 men\u00e9es en ce sens, ce document pr\u00e9sent\u00e9 \u00e0 la presse ce mercredi matin vient fluidifier les \u00e9changes entre les signataires. Et ce, afin d\u2019acc\u00e9l\u00e9rer et de traiter au mieux les situations o\u00f9 des \u00e9l\u00e8ves ou professeurs seraient victimes ou auteurs d\u2019infractions, qu\u2019il s\u2019agisse de radicalisation, de\u00a0<a href=\"https:\/\/www.lefigaro.fr\/vox\/religion\/l-ecole-de-la-republique-est-devenue-le-theatre-de-tensions-communautaires-exacerbees-20200910\" target=\"_blank\" data-fig-type=\"Article\" rel=\"noopener nofollow\" data-gtm-custom-categorie=\"navigation\" data-gtm-custom-action=\"crossclick\" data-gtm-custom-label=\"Contextuel\" data-gtm-event=\"customEventSPE\" data-fig-domain=\"LEFIGARO\">communautarisme<\/a>, de\u00a0<a href=\"https:\/\/etudiant.lefigaro.fr\/article\/college\/violences-sexuelles-a-l-ecole-ce-que-contiennent-les-questionnaires-qui-seront-envoyes-aux-eleves-20250423\/\" target=\"_blank\" data-fig-type=\"Article\" rel=\"noopener nofollow\" data-gtm-custom-categorie=\"navigation\" data-gtm-custom-action=\"crossclick\" data-gtm-custom-label=\"Contextuel\" data-gtm-event=\"customEventSPE\" data-fig-domain=\"ETUDIANT\">violences sexuelles<\/a>, de\u00a0<a href=\"http:\/\/www.lefigaro.fr\/vox\/societe\/le-harcelement-scolaire-une-autre-facette-de-la-decivilisation-20240214\" target=\"_blank\" data-fig-type=\"Article\" rel=\"noopener nofollow\" data-gtm-custom-categorie=\"navigation\" data-gtm-custom-action=\"crossclick\" data-gtm-custom-label=\"Contextuel\" data-gtm-event=\"customEventSPE\" data-fig-domain=\"LEFIGARO\">harc\u00e8lement<\/a>\u00a0ou encore de stup\u00e9fiants.<\/p>\n<p class=\"fig-paragraph\">\u00abCe protocole repose sur trois piliers\u00bb, a d\u00e9taill\u00e9 Fr\u00e9d\u00e9ric Delemazure, directeur dioc\u00e9sain de l\u2019Enseignement catholique de Loire-Atlantique lors d\u2019une conf\u00e9rence de presse \u00e0 Nantes, pr\u00e9c\u00e9dant une assembl\u00e9e g\u00e9n\u00e9rale rassemblant ce jour 350 chefs d\u2019\u00e9tablissements. \u00abLe premier pilier, c\u2019est celui de la pr\u00e9vention, avec des actions de sensibilisation men\u00e9es par la police et la gendarmerie\u00bb\u00a0: des r\u00e9f\u00e9rents seront d\u00e9sign\u00e9s au sein des forces de s\u00e9curit\u00e9 afin d\u2019\u00e9tablir un contact privil\u00e9gi\u00e9 avec le chef d\u2019\u00e9tablissement. Des diagnostics de s\u00e9curit\u00e9 pourront \u00eatre \u00e9tablis dans certains lieux, conduisant si n\u00e9cessaire \u00e0 des contr\u00f4les des forces de l\u2019ordre \u00e0 l\u2019entr\u00e9e.<\/p>\n<p>                                    <a class=\"fig-a11y-skip a11y-hidden\" href=\"#fig-a11y-skip-main-inarticle\"><br \/>\n        Passer la publicit\u00e9<br \/>\n    <\/a><\/p>\n<p>Faire des \u00e9tablissements \u00abdes lieux s\u00fbrs et confiants\u00bb<\/p>\n<p class=\"fig-paragraph\">\u00abLe deuxi\u00e8me pilier, c\u2019est le traitement des infractions\u00bb avec notamment un focus sur \u00abl\u2019articulation entre les r\u00e9ponses disciplinaires des \u00e9tablissements et les r\u00e9ponses p\u00e9nales du parquet\u00bb. Enfin, le dernier pilier concerne \u00abla protection des mineurs en danger. Il clarifie la distinction entre information pr\u00e9occupante et signalement direct au procureur lorsqu\u2019il y a un danger grave et imminent\u00bb.<\/p>\n<p class=\"fig-paragraph\">\u00abL\u2019enseignement catholique prend pleinement ses responsabilit\u00e9s pour que ses \u00e9tablissements soient des lieux s\u00fbrs et confiants au service de la jeunesse\u00bb, a insist\u00e9 Fr\u00e9d\u00e9ric Delemazure, cinq mois apr\u00e8s le drame qui s\u2019est d\u00e9roul\u00e9 \u00e0\u00a0<a href=\"http:\/\/www.lefigaro.fr\/nantes\/attaque-au-couteau-a-nantes-au-lendemain-du-drame-des-interrogations-sur-le-profil-du-tueur-20250425\" target=\"_blank\" data-fig-type=\"NewsFlash\" rel=\"noopener nofollow\" data-gtm-custom-categorie=\"navigation\" data-gtm-custom-action=\"crossclick\" data-gtm-custom-label=\"Contextuel\" data-gtm-event=\"customEventSPE\" data-fig-domain=\"LEFIGARO\">Notre-Dame-de-Toutes-Aides \u00e0 Nantes<\/a>. L\u2019\u00e9v\u00e9nement reste encore grav\u00e9 dans les m\u00e9moires\u00a0: le 24 avril 2025,\u00a0<a href=\"http:\/\/www.lefigaro.fr\/nantes\/nantes-les-parents-de-lorene-poignardee-dans-son-lycee-lancent-une-association-dediee-a-la-sante-mentale-des-jeunes-20250930\" target=\"_blank\" data-fig-type=\"NewsFlash\" rel=\"noopener nofollow\" data-gtm-custom-categorie=\"navigation\" data-gtm-custom-action=\"crossclick\" data-gtm-custom-label=\"Contextuel\" data-gtm-event=\"customEventSPE\" data-fig-domain=\"LEFIGARO\">Lor\u00e8ne<\/a>, une adolescente de 15 ans a \u00e9t\u00e9 mortellement poignard\u00e9e par un lyc\u00e9en hospitalis\u00e9\u00a0<a href=\"http:\/\/www.lefigaro.fr\/nantes\/lyceenne-tuee-a-nantes-le-suspect-etait-fascine-par-hitler-et-a-donne-57-coups-de-couteau-a-sa-victime-20250425\" target=\"_blank\" data-fig-type=\"NewsFlash\" rel=\"noopener nofollow\" data-gtm-custom-categorie=\"navigation\" data-gtm-custom-action=\"crossclick\" data-gtm-custom-label=\"Contextuel\" data-gtm-event=\"customEventSPE\" data-fig-domain=\"LEFIGARO\">en psychiatrie<\/a>.<\/p>\n<p>Un travail men\u00e9 sur le long terme<\/p>\n<p>    Lors de la pr\u00e9sentation du protocole mercredi 1er octobre, les repr\u00e9sentants de l\u2019Enseignement catholique, du parquet, de la gendarmerie et de la police \u00e9taient pr\u00e9sents.<br \/>\n                Enseignement Catholique 44<\/p>\n<p class=\"fig-paragraph\">L\u2019\u00e9laboration de ce protocole est cependant ant\u00e9rieure \u00e0 cette trag\u00e9die. Le point de d\u00e9part de ce travail a commenc\u00e9 il y a environ deux ans, lors d\u2019une discussion sur la gestion du harc\u00e8lement scolaire. De l\u00e0 ont d\u00e9coul\u00e9 toutes ces r\u00e9flexions. \u00abCe protocole a le m\u00e9rite d\u2019exister. Or, on sait pertinemment que ce n\u2019est pas quelque chose qui est g\u00e9n\u00e9ralis\u00e9 \u00e0 tout l\u2019enseignement catholique en France\u00bb, a soulign\u00e9 le procureur de la R\u00e9publique de Nantes, Antoine Leroy. Dans le priv\u00e9, qui accueille en Loire-Atlantique 40% des \u00e9l\u00e8ves, \u00abcelui-l\u00e0 est le premier sign\u00e9 en France entre les partenaires des forces de s\u00e9curit\u00e9 int\u00e9rieure et le parquet\u00bb.<\/p>\n<p class=\"fig-paragraph\">Pour le magistrat, qui a repris le travail entam\u00e9 par son pr\u00e9d\u00e9cesseur Renaud Gaudeul, ce protocole a enfin \u00able m\u00e9rite d\u2019\u00eatre extr\u00eamement complet puisqu\u2019il balaie tout le spectre des situations en commen\u00e7ant par la pr\u00e9vention\u00bb, un \u00e9l\u00e9ment particuli\u00e8rement appr\u00e9ci\u00e9 du parquet. \u00abQuand il y a de la pr\u00e9vention, on a moins besoin d\u2019intervenir apr\u00e8s pour faire de l\u2019aide \u00e9ducative ou de la r\u00e9pression.\u00bb<\/p>\n<p class=\"fig-paragraph\">\u00abAujourd\u2019hui, l\u2019enseignement catholique n\u2019est pas plus que le r\u00e9seau public \u00e9pargn\u00e9 par les ph\u00e9nom\u00e8nes de la soci\u00e9t\u00e9, et c\u2019est la raison pour laquelle nous avons travaill\u00e9 de longue date \u00e0 l\u2019\u00e9laboration de ce protocole\u00bb, a pr\u00e9cis\u00e9 le directeur dioc\u00e9sain Fr\u00e9d\u00e9ric Delemazure. Dans le public, des protocoles du genre sont fr\u00e9quents. Une \u00abconvention pour une \u00e9cole protectrice en Loire-Atlantique\u00bb a d\u2019ailleurs \u00e9t\u00e9 sign\u00e9e le 17 septembre dernier, port\u00e9e collectivement par le D\u00e9partement, la pr\u00e9fecture, le minist\u00e8re de la Justice et de l\u2019\u00c9ducation nationale.<\/p>\n","protected":false},"excerpt":{"rendered":"Ce protocole, \u00e9labor\u00e9 avec le parquet, la police et la gendarmerie, vise \u00e0 mieux g\u00e9rer les situations de&hellip;\n","protected":false},"author":2,"featured_media":432173,"comment_status":"","ping_status":"","sticky":false,"template":"","format":"standard","meta":{"footnotes":""},"categories":[2818],"tags":[1111,11,2950,1122,1777,674,1011,27,766,12,2636,25],"class_list":{"0":"post-432172","1":"post","2":"type-post","3":"status-publish","4":"format-standard","5":"has-post-thumbnail","7":"category-nantes","8":"tag-actu","9":"tag-actualites","10":"tag-delinquance","11":"tag-ecole","12":"tag-eu","13":"tag-europe","14":"tag-fr","15":"tag-france","16":"tag-nantes","17":"tag-news","18":"tag-pays-de-la-loire","19":"tag-republique-francaise"},"share_on_mastodon":{"url":"https:\/\/pubeurope.com\/@fr\/115301245583754128","error":""},"_links":{"self":[{"href":"https:\/\/www.europesays.com\/fr\/wp-json\/wp\/v2\/posts\/432172","targetHints":{"allow":["GET"]}}],"collection":[{"href":"https:\/\/www.europesays.com\/fr\/wp-json\/wp\/v2\/posts"}],"about":[{"href":"https:\/\/www.europesays.com\/fr\/wp-json\/wp\/v2\/types\/post"}],"author":[{"embeddable":true,"href":"https:\/\/www.europesays.com\/fr\/wp-json\/wp\/v2\/users\/2"}],"replies":[{"embeddable":true,"href":"https:\/\/www.europesays.com\/fr\/wp-json\/wp\/v2\/comments?post=432172"}],"version-history":[{"count":0,"href":"https:\/\/www.europesays.com\/fr\/wp-json\/wp\/v2\/posts\/432172\/revisions"}],"wp:featuredmedia":[{"embeddable":true,"href":"https:\/\/www.europesays.com\/fr\/wp-json\/wp\/v2\/media\/432173"}],"wp:attachment":[{"href":"https:\/\/www.europesays.com\/fr\/wp-json\/wp\/v2\/media?parent=432172"}],"wp:term":[{"taxonomy":"category","embeddable":true,"href":"https:\/\/www.europesays.com\/fr\/wp-json\/wp\/v2\/categories?post=432172"},{"taxonomy":"post_tag","embeddable":true,"href":"https:\/\/www.europesays.com\/fr\/wp-json\/wp\/v2\/tags?post=432172"}],"curies":[{"name":"wp","href":"https:\/\/api.w.org\/{rel}","templated":true}]}}