{"id":432174,"date":"2025-10-01T22:22:11","date_gmt":"2025-10-01T22:22:11","guid":{"rendered":"https:\/\/www.europesays.com\/fr\/432174\/"},"modified":"2025-10-01T22:22:11","modified_gmt":"2025-10-01T22:22:11","slug":"pourquoi-violet-cest-du-bleu-et-du-rouge-un-melange-comme-moi","status":"publish","type":"post","link":"https:\/\/www.europesays.com\/fr\/432174\/","title":{"rendered":"\u00ab\u00a0Pourquoi violet\u00a0? C\u2019est du bleu et du rouge, un m\u00e9lange, comme moi\u00a0\u00bb"},"content":{"rendered":"<p>\u00c0 28\u00a0ans, <a href=\"https:\/\/www.sudouest.fr\/culture\/bordeaux-le-violet-va-si-bien-a-l-humoriste-nordine-ganso-7239402.php\" target=\"_blank\" rel=\"follow nofollow noopener\">Nordine Ganso<\/a> s\u2019impose comme l\u2019une des voix montantes du stand-up fran\u00e7ais. R\u00e9v\u00e9l\u00e9 en 2017, il a rejoint le Jamel Comedy Club en 2019 et encha\u00een\u00e9 les succ\u00e8s sur les planches (35\u00a0000\u00a0personnes ont vu \u00ab\u00a0Docteur Love\u00a0\u00bb \u00e0 Paris) comme devant la cam\u00e9ra (\u00ab\u00a0Master Crimes\u00a0\u00bb sur TF1).<\/p>\n<p>Avec son spectacle \u00ab\u00a0Violet\u00a0\u00bb, qu\u2019il pr\u00e9sentera le 10\u00a0octobre au F\u00e9mina \u00e0 Bordeaux, il m\u00eale anecdotes personnelles et sujets de soci\u00e9t\u00e9. Sa marque de fabrique\u00a0: une sinc\u00e9rit\u00e9 et une l\u00e9g\u00e8ret\u00e9, loin de toute moralisation. Jouer au F\u00e9mina est un r\u00eave de gosse pour celui qui n\u2019a pas oubli\u00e9 ses racines et revient r\u00e9guli\u00e8rement dans sa famille. \u00c0 la gare de Bordeaux, o\u00f9 on le rencontre, il est happ\u00e9 plusieurs fois par des fans qui le suivent sur les r\u00e9seaux. Il leur r\u00e9pond avec la douceur qui signe son style.<\/p>\n<p class=\"interview-question\">Vous \u00eates chez vous, ici\u2026 Vous avez fait vos armes sur les sc\u00e8nes bordelaises\u00a0?<\/p>\n<p class=\"interview-answer\">J\u2019ai d\u00e9marr\u00e9 ici \u00e0 Bordeaux, une sc\u00e8ne qui s\u2019appelle le<a href=\"https:\/\/www.sudouest.fr\/culture\/theatre\/stand-up-gave-style-le-tremplin-bordelais-des-humoristes-13119800.php\" target=\"_blank\" rel=\"follow nofollow noopener\"> Gav\u00e9 Styl\u00e9<\/a>, il y a peut-\u00eatre presque dix ans maintenant. Je suis un Bordelais de Cenon. Et puis je suis parti \u00e0 Paris tr\u00e8s t\u00f4t. Revenir me rappelle d\u2019o\u00f9 je viens. Dans ma famille, ils sont contents et fiers d\u2019avoir un fils, un fr\u00e8re, qui s\u2019est battu pour ses projets. Car c\u2019est beaucoup de pers\u00e9v\u00e9rance, de concessions\u00a0: j\u2019ai d\u00fb prendre la d\u00e9cision d\u2019arr\u00eater toutes les activit\u00e9s \u00e0 c\u00f4t\u00e9, le foot, voir des amis\u2026 J\u2019ai consacr\u00e9 ma vie \u00e0 \u00e7a.<\/p>\n<p class=\"interview-question\">Vous allez jouer \u00e0 Bordeaux en octobre. Qu\u2019est-ce que \u00e7a repr\u00e9sente de se produire au F\u00e9mina\u00a0?<\/p>\n<p class=\"interview-answer\">Le F\u00e9mina, c\u2019est un symbole pour un Bordelais. Je l\u2019ai fait l\u2019ann\u00e9e derni\u00e8re, c\u2019\u00e9tait complet\u00a0! C\u2019est un honneur de pouvoir jouer l\u00e0-bas, une fiert\u00e9 et surtout une reconnaissance de tout ce que j\u2019ai accompli. Dans mes r\u00eaves de gosse, alors que je d\u00e9marrais le stand-up \u00e0 Bordeaux, le F\u00e9mina \u00e9tait en bonne place. On se disait tous\u00a0: \u00ab\u00a0On d\u00e9marre \u00e0 la com\u00e9die Gallien et on finit au F\u00e9mina.\u00a0\u00bb J\u2019ai aussi jou\u00e9 au Rocher de Palmer\u2026 Aujourd\u2019hui il ne me manque plus que l\u2019Arena\u00a0!<\/p>\n<p class=\"interview-question\">Vous avez un ton particulier dans le stand-up\u00a0: po\u00e9tique et sensible\u2026<\/p>\n<p class=\"interview-answer\">Je pense que c\u2019est \u00e0 force de faire des comedy clubs, on trouve sa fa\u00e7on d\u2019\u00eatre, sa fa\u00e7on de parler. On a tous une personnalit\u00e9 diff\u00e9rente, mais le jour o\u00f9 tu acceptes de la mettre en avant, tu deviens original. Au d\u00e9but, tu crois que les gens ne vont pas te comprendre, et en fait c\u2019est \u00e7a qui fait ta signature, quand tu acceptes d\u2019\u00eatre diff\u00e9rent.<\/p>\n<p class=\"interview-question\">Votre spectacle s\u2019appelle \u00ab\u00a0Violet\u00a0\u00bb. C\u2019est votre couleur f\u00e9tiche\u00a0?<\/p>\n<p class=\"interview-answer\">Le violet, c\u2019est du bleu et du rouge, un m\u00e9lange, comme moi. Je suis m\u00e9tis\u00a0: arabe du c\u00f4t\u00e9 de ma m\u00e8re et noir du c\u00f4t\u00e9 de mon p\u00e8re\u00a0: je voulais \u00e9voquer ce sujet sans \u00eatre trop direct. Et ne pas \u00eatre dans une case\u00a0: tout le monde s\u2019habille en noir. Le violet c\u2019\u00e9tait une fa\u00e7on aussi de dire\u00a0: \u00ab\u00a0Regardez, vous allez me voir diff\u00e9rent mais je suis comme vous.\u00a0\u00bb Aujourd\u2019hui, on travaille le nouveau spectacle. Peut-\u00eatre une autre couleur\u00a0?<\/p>\n<p>Bordeaux. Vendredi 10\u00a0octobre \u00e0 20\u00a0h\u00a030 au <a href=\"https:\/\/theatrefemina.com\/evenement\/nordine-ganso\/\" target=\"_blank\" rel=\"nofollow noopener\">F\u00e9mina<\/a>. 31,20\u00a0\u00e0 39,20 \u20ac.<\/p>\n","protected":false},"excerpt":{"rendered":"\u00c0 28\u00a0ans, Nordine Ganso s\u2019impose comme l\u2019une des voix montantes du stand-up fran\u00e7ais. R\u00e9v\u00e9l\u00e9 en 2017, il a&hellip;\n","protected":false},"author":2,"featured_media":432175,"comment_status":"","ping_status":"","sticky":false,"template":"","format":"standard","meta":{"footnotes":""},"categories":[2817],"tags":[1111,11,1997,1777,674,1011,27,12,2219,25],"class_list":{"0":"post-432174","1":"post","2":"type-post","3":"status-publish","4":"format-standard","5":"has-post-thumbnail","7":"category-bordeaux","8":"tag-actu","9":"tag-actualites","10":"tag-bordeaux","11":"tag-eu","12":"tag-europe","13":"tag-fr","14":"tag-france","15":"tag-news","16":"tag-nouvelle-aquitaine","17":"tag-republique-francaise"},"share_on_mastodon":{"url":"https:\/\/pubeurope.com\/@fr\/115301249439698397","error":""},"_links":{"self":[{"href":"https:\/\/www.europesays.com\/fr\/wp-json\/wp\/v2\/posts\/432174","targetHints":{"allow":["GET"]}}],"collection":[{"href":"https:\/\/www.europesays.com\/fr\/wp-json\/wp\/v2\/posts"}],"about":[{"href":"https:\/\/www.europesays.com\/fr\/wp-json\/wp\/v2\/types\/post"}],"author":[{"embeddable":true,"href":"https:\/\/www.europesays.com\/fr\/wp-json\/wp\/v2\/users\/2"}],"replies":[{"embeddable":true,"href":"https:\/\/www.europesays.com\/fr\/wp-json\/wp\/v2\/comments?post=432174"}],"version-history":[{"count":0,"href":"https:\/\/www.europesays.com\/fr\/wp-json\/wp\/v2\/posts\/432174\/revisions"}],"wp:featuredmedia":[{"embeddable":true,"href":"https:\/\/www.europesays.com\/fr\/wp-json\/wp\/v2\/media\/432175"}],"wp:attachment":[{"href":"https:\/\/www.europesays.com\/fr\/wp-json\/wp\/v2\/media?parent=432174"}],"wp:term":[{"taxonomy":"category","embeddable":true,"href":"https:\/\/www.europesays.com\/fr\/wp-json\/wp\/v2\/categories?post=432174"},{"taxonomy":"post_tag","embeddable":true,"href":"https:\/\/www.europesays.com\/fr\/wp-json\/wp\/v2\/tags?post=432174"}],"curies":[{"name":"wp","href":"https:\/\/api.w.org\/{rel}","templated":true}]}}