{"id":432176,"date":"2025-10-01T22:23:15","date_gmt":"2025-10-01T22:23:15","guid":{"rendered":"https:\/\/www.europesays.com\/fr\/432176\/"},"modified":"2025-10-01T22:23:15","modified_gmt":"2025-10-01T22:23:15","slug":"coupe-de-france-5e-tour-le-gros-lot-pour-le-tulle-f-c-qui-recevra-les-girondins-de-bordeaux","status":"publish","type":"post","link":"https:\/\/www.europesays.com\/fr\/432176\/","title":{"rendered":"Coupe de France &#8211; 5e tour\u00a0: le gros lot pour le Tulle F.C qui recevra les Girondins de Bordeaux"},"content":{"rendered":"<p>Le tirage au sort du 5e tour de la Coupe de France de Football s&rsquo;est effectu\u00e9 ce mercredi 1er octobre en fin de journ\u00e9e. Et le Tulle FC a d\u00e9croch\u00e9 un club historique du championnat de France, bien qu&rsquo;aujourd&rsquo;hui en Nationale 2. <\/p>\n<p>Quelle joie en Corr\u00e8ze\u00a0! Apr\u00e8s une belle victoire face \u00e0 Gu\u00e9ret la semaine derni\u00e8re, le Tulle Football Club a d\u00e9croch\u00e9 le gros lot en ce mercredi soir, <strong>lors du tirage au sort du 5e tour de la Coupe de France<\/strong>. Le club de la pr\u00e9fecture corr\u00e9zienne affrontera le club historique des <strong>Girondins de Bordeaux, vainqueur de six championnats de France et de quatre Coupe de France<\/strong> dans son histoire. Bien que d\u00e9sormais en Nationale 2, ce sera donc \u00ab\u00a0un match de gala\u00a0\u00bb au stade de Pounot \u00e0 Laguenne programm\u00e9 le 11 octobre \u00e0 20 heures.<\/p>\n<p>A noter que seuls <strong>Feytiat et le Limoges Foot ne recevront pas leurs rencontres<\/strong>, affrontant des clubs de plus petite division qu&rsquo;eux. Le petit poucet de la Nouvelle Aquitaine Condat-sur-Vienne recevra \u00e9galement le club de Saint-M\u00e9dard-en-Jalles, \u00e9voluant en R\u00e9gionale 1.<\/p>\n<p>Les affiches du 5e tour pour les clubs de Haute-Vienne et de Corr\u00e8ze<\/p>\n<ul>\n<li>Jugeals-Noailles (R2) \/ Trelissac (R1) &#8211; samedi 11 octobre, 20 heures<\/li>\n<li>US Linars (R3) \/ Limoges Foot (R1) &#8211; dimanche 12 octobre, 15 heures<\/li>\n<li>Tulle F.C (R2) \/ Girondins de Bordeaux (N2) &#8211; samedi 11 octobre , 20 heures<\/li>\n<li>US Condat (D3) \/ Saint M\u00e9dard en Jalles (R1) &#8211; dimanche 12 octobre, 15 heures<\/li>\n<li>J.A. Isle (R2) \/ US Bouscataise (R2) &#8211; samedi 11 octobre, 20 heures<\/li>\n<li>Larche\u00a0 (D2) \/ Rive Droite 33 (R3) &#8211; dimanche 12 octobre, 15 heures<\/li>\n<li>F.C. Mascaret (R3) \/ C.S. Feytiat\u00a0 (R1) &#8211; dimanche 12 octobre, 15 heures<\/li>\n<\/ul>\n<p> (function(w, d) {     if (w.FB &#038;&#038; w.FB.XFBML &#038;&#038; w.FB.XFBML.parse) {         if (&lsquo;undefined&rsquo; == typeof w.__fbTimeout) {             w.__fbTimeout = setTimeout(function() {                 w.FB.XFBML.parse();                 w.__fbTimeout = undefined;             }, 1000);         }     } else if (&lsquo;undefined&rsquo; == typeof w.__fbTimeout) {         if (d.querySelectorAll(&lsquo;#fb-root&rsquo;).length === 0) {             var fbRoot = d.createElement(&lsquo;div&rsquo;);             fbRoot.id = &lsquo;fb-root&rsquo;;             d.querySelector(&lsquo;body&rsquo;).append(fbRoot);         }         if (d.querySelectorAll(&lsquo;#facebook-jssdk&rsquo;).length === 0) {             var fbScript = d.createElement(&lsquo;script&rsquo;);             fbScript.id = &lsquo;facebook-jssdk&rsquo;;             fbScript.src=\u00a0\u00bb\/\/connect.facebook.net\/fr_FR\/sdk.js#xfbml=1&#038;version=v2.8&#038;appId=593991304071705&Prime;;             fbScript.async = 1;             d.querySelector(&lsquo;head&rsquo;).append(fbScript);         }     } })(window, window.document); \\u003C\/script>\\\u00a0\u00bb,\\\u00a0\u00bbprovider\\\u00a0\u00bb:\\\u00a0\u00bbfacebook\\\u00a0\u00bb,\\\u00a0\u00bbdidomiPurposes\\\u00a0\u00bb:\\\u00a0\u00bbPour afficher ce contenu Facebook, vous devez accepter les cookies \\u003Cb>R\u00e9seaux Sociaux\\u003C\/b>.\\u003Cbr>\\u003Cbr>Ces cookies permettent de partager ou r\u00e9agir directement sur les r\u00e9seaux sociaux auxquels vous \u00eates connect\u00e9s ou d&rsquo;int\u00e9grer du contenu initialement post\u00e9 sur ces r\u00e9seaux sociaux. Ils permettent aussi aux r\u00e9seaux sociaux d&rsquo;utiliser vos visites sur nos sites et applications \u00e0 des fins de personnalisation et de ciblage publicitaire.\\\u00a0\u00bb,\\\u00a0\u00bbdidomiVendorId\\\u00a0\u00bb:\\\u00a0\u00bbc:facebookc-rgacRMQm\\\u00a0\u00bb}},{\\\u00a0\u00bbtype\\\u00a0\u00bb:\\\u00a0\u00bbtext\\\u00a0\u00bb,\\\u00a0\u00bbchildren\\\u00a0\u00bb:[{\\\u00a0\u00bbtype\\\u00a0\u00bb:\\\u00a0\u00bbtext\\\u00a0\u00bb,\\\u00a0\u00bbvalue\\\u00a0\u00bb:\\\u00a0\u00bbA noter que seuls \\u003Cstrong>Feytiat et le Limoges Foot ne recevront pas leurs rencontres\\u003C\/strong>, affrontant des clubs de plus petite division qu&rsquo;eux. Le petit poucet de la Nouvelle Aquitaine Condat-sur-Vienne recevra \u00e9galement le club de Saint-M\u00e9dard-en-Jalles, \u00e9voluant en R\u00e9gionale 1.\\\u00a0\u00bb}]},{\\\u00a0\u00bbtype\\\u00a0\u00bb:\\\u00a0\u00bbheading\\\u00a0\u00bb,\\\u00a0\u00bblevel\\\u00a0\u00bb:2,\\\u00a0\u00bbvalue\\\u00a0\u00bb:\\\u00a0\u00bbLes affiches du 5e tour pour les clubs de Haute-Vienne et de Corr\u00e8ze\\\u00a0\u00bb},{\\\u00a0\u00bbtype\\\u00a0\u00bb:\\\u00a0\u00bblist\\\u00a0\u00bb,\\\u00a0\u00bbordered\\\u00a0\u00bb:false,\\\u00a0\u00bbchildren\\\u00a0\u00bb:[{\\\u00a0\u00bbtype\\\u00a0\u00bb:\\\u00a0\u00bblist_item\\\u00a0\u00bb,\\\u00a0\u00bbchildren\\\u00a0\u00bb:[{\\\u00a0\u00bbtype\\\u00a0\u00bb:\\\u00a0\u00bbtext\\\u00a0\u00bb,\\\u00a0\u00bbvalue\\\u00a0\u00bb:\\\u00a0\u00bbJugeals-Noailles (R2) \/ Trelissac (R1) &#8211; samedi 11 octobre, 20 heures\\\u00a0\u00bb}]},{\\\u00a0\u00bbtype\\\u00a0\u00bb:\\\u00a0\u00bblist_item\\\u00a0\u00bb,\\\u00a0\u00bbchildren\\\u00a0\u00bb:[{\\\u00a0\u00bbtype\\\u00a0\u00bb:\\\u00a0\u00bbtext\\\u00a0\u00bb,\\\u00a0\u00bbvalue\\\u00a0\u00bb:\\\u00a0\u00bbUS Linars (R3) \/ Limoges Foot (R1) &#8211; dimanche 12 octobre, 15 heures\\\u00a0\u00bb}]},{\\\u00a0\u00bbtype\\\u00a0\u00bb:\\\u00a0\u00bblist_item\\\u00a0\u00bb,\\\u00a0\u00bbchildren\\\u00a0\u00bb:[{\\\u00a0\u00bbtype\\\u00a0\u00bb:\\\u00a0\u00bbtext\\\u00a0\u00bb,\\\u00a0\u00bbvalue\\\u00a0\u00bb:\\\u00a0\u00bbTulle F.C (R2) \/ Girondins de Bordeaux (N2) &#8211; samedi 11 octobre , 20 heures\\\u00a0\u00bb}]},{\\\u00a0\u00bbtype\\\u00a0\u00bb:\\\u00a0\u00bblist_item\\\u00a0\u00bb,\\\u00a0\u00bbchildren\\\u00a0\u00bb:[{\\\u00a0\u00bbtype\\\u00a0\u00bb:\\\u00a0\u00bbtext\\\u00a0\u00bb,\\\u00a0\u00bbvalue\\\u00a0\u00bb:\\\u00a0\u00bbUS Condat (D3) \/ Saint M\u00e9dard en Jalles (R1) &#8211; dimanche 12 octobre, 15 heures\\\u00a0\u00bb}]},{\\\u00a0\u00bbtype\\\u00a0\u00bb:\\\u00a0\u00bblist_item\\\u00a0\u00bb,\\\u00a0\u00bbchildren\\\u00a0\u00bb:[{\\\u00a0\u00bbtype\\\u00a0\u00bb:\\\u00a0\u00bbtext\\\u00a0\u00bb,\\\u00a0\u00bbvalue\\\u00a0\u00bb:\\\u00a0\u00bbJ.A. Isle (R2) \/ US Bouscataise (R2) &#8211; samedi 11 octobre, 20 heures\\\u00a0\u00bb}]},{\\\u00a0\u00bbtype\\\u00a0\u00bb:\\\u00a0\u00bblist_item\\\u00a0\u00bb,\\\u00a0\u00bbchildren\\\u00a0\u00bb:[{\\\u00a0\u00bbtype\\\u00a0\u00bb:\\\u00a0\u00bbtext\\\u00a0\u00bb,\\\u00a0\u00bbvalue\\\u00a0\u00bb:\\\u00a0\u00bbLarche\u00a0 (D2) \/ Rive Droite 33 (R3) &#8211; dimanche 12 octobre, 15 heures\\\u00a0\u00bb}]},{\\\u00a0\u00bbtype\\\u00a0\u00bb:\\\u00a0\u00bblist_item\\\u00a0\u00bb,\\\u00a0\u00bbchildren\\\u00a0\u00bb:[{\\\u00a0\u00bbtype\\\u00a0\u00bb:\\\u00a0\u00bbtext\\\u00a0\u00bb,\\\u00a0\u00bbvalue\\\u00a0\u00bb:\\\u00a0\u00bbF.C. Mascaret (R3) \/ C.S. Feytiat\u00a0 (R1) &#8211; dimanche 12 octobre, 15 heures\\\u00a0\u00bb}]}]}]}},\\\u00a0\u00bbdisplay\\\u00a0\u00bb:{\\\u00a0\u00bbnewsFlash\\\u00a0\u00bb:[],\\\u00a0\u00bbhighBanner\\\u00a0\u00bb:true}}\u00a0\u00bb}<\/p>\n","protected":false},"excerpt":{"rendered":"Le tirage au sort du 5e tour de la Coupe de France de Football s&rsquo;est effectu\u00e9 ce mercredi&hellip;\n","protected":false},"author":2,"featured_media":432177,"comment_status":"","ping_status":"","sticky":false,"template":"","format":"standard","meta":{"footnotes":""},"categories":[2817],"tags":[1111,11,1997,1777,674,1011,27,12,2219,25],"class_list":{"0":"post-432176","1":"post","2":"type-post","3":"status-publish","4":"format-standard","5":"has-post-thumbnail","7":"category-bordeaux","8":"tag-actu","9":"tag-actualites","10":"tag-bordeaux","11":"tag-eu","12":"tag-europe","13":"tag-fr","14":"tag-france","15":"tag-news","16":"tag-nouvelle-aquitaine","17":"tag-republique-francaise"},"share_on_mastodon":{"url":"https:\/\/pubeurope.com\/@fr\/115301253437611002","error":""},"_links":{"self":[{"href":"https:\/\/www.europesays.com\/fr\/wp-json\/wp\/v2\/posts\/432176","targetHints":{"allow":["GET"]}}],"collection":[{"href":"https:\/\/www.europesays.com\/fr\/wp-json\/wp\/v2\/posts"}],"about":[{"href":"https:\/\/www.europesays.com\/fr\/wp-json\/wp\/v2\/types\/post"}],"author":[{"embeddable":true,"href":"https:\/\/www.europesays.com\/fr\/wp-json\/wp\/v2\/users\/2"}],"replies":[{"embeddable":true,"href":"https:\/\/www.europesays.com\/fr\/wp-json\/wp\/v2\/comments?post=432176"}],"version-history":[{"count":0,"href":"https:\/\/www.europesays.com\/fr\/wp-json\/wp\/v2\/posts\/432176\/revisions"}],"wp:featuredmedia":[{"embeddable":true,"href":"https:\/\/www.europesays.com\/fr\/wp-json\/wp\/v2\/media\/432177"}],"wp:attachment":[{"href":"https:\/\/www.europesays.com\/fr\/wp-json\/wp\/v2\/media?parent=432176"}],"wp:term":[{"taxonomy":"category","embeddable":true,"href":"https:\/\/www.europesays.com\/fr\/wp-json\/wp\/v2\/categories?post=432176"},{"taxonomy":"post_tag","embeddable":true,"href":"https:\/\/www.europesays.com\/fr\/wp-json\/wp\/v2\/tags?post=432176"}],"curies":[{"name":"wp","href":"https:\/\/api.w.org\/{rel}","templated":true}]}}