{"id":432186,"date":"2025-10-01T22:29:12","date_gmt":"2025-10-01T22:29:12","guid":{"rendered":"https:\/\/www.europesays.com\/fr\/432186\/"},"modified":"2025-10-01T22:29:12","modified_gmt":"2025-10-01T22:29:12","slug":"au-cepac-silo-de-marseille-roman-frayssinet-sest-reconcilie-avec-le-monde","status":"publish","type":"post","link":"https:\/\/www.europesays.com\/fr\/432186\/","title":{"rendered":"Au Cepac Silo de Marseille, Roman Frayssinet s&rsquo;est r\u00e9concili\u00e9 avec le monde"},"content":{"rendered":"<p>Il est arriv\u00e9 sur sc\u00e8ne rayonnant et \u00ab\u00a0bien d\u00e9cid\u00e9 \u00e0 vivre\u00a0\u00bb\u00a0: \u00ab\u00a0D\u00e9sormais je prends tout bien et personne ne va d\u00e9truire ma bonne humeur.\u00a0\u00bb Une philosophie comme un fil rouge pour \u00d4\u00a0del\u00e0, deuxi\u00e8me opus d&rsquo;une trilogie avec laquelle Roman Frayssinet raconte sa paix int\u00e9rieure. Si ses addictions rythmaient <a href=\"https:\/\/www.laprovence.com\/article\/region\/2821855354701715\/marseille-romain-frayssinet-sera-ce-soir-et-le-20-octobre-au-cepac-silo\" target=\"_blank\" rel=\"noopener\">le pr\u00e9c\u00e9dent \u00d4\u00a0dedans<\/a>, ce nouveau show d\u00e9peint le rapport de l&rsquo;artiste au monde ext\u00e9rieur. Une formule gagnante au point de voir les quatre shows programm\u00e9s cette semaine au Cepac Silo \u00eatre complets depuis des lustres.<\/p>\n<p>Ma\u00eetre de l&rsquo;absurde et conteur<\/p>\n<p>Et pour la premi\u00e8re, ce mercredi 1er octobre, plusieurs incontournables de la sc\u00e8ne stand-up marseillaise comme Sandra Miso, Lisa Mapola et Pascal Tino prenaient place dans le public, refl\u00e9tant le succ\u00e8s d&rsquo;un com\u00e9dien qu&rsquo;on a pu voir c\u00f4toyer la sc\u00e8ne locale au Vig&rsquo;s ces derni\u00e8res semaines. Les artistes auront d&rsquo;ailleurs relev\u00e9 cette opinion : \u00ab\u00a0Humoriste, j&rsquo;aime pas ce mot, il ne va pas avec ce qu&rsquo;on fait. On dirait que c&rsquo;est un travail alors que je viens, je raconte ma vie et je rentre chez moi.\u00a0\u00bb<\/p>\n<p>Si on le connaissait ma\u00eetre de l&rsquo;absurde, qu&rsquo;il convoque toujours avec brio, Roman Frayssinet a aussi convaincu dans la peau du conteur qui raconte l&#8230;<\/p>\n","protected":false},"excerpt":{"rendered":"Il est arriv\u00e9 sur sc\u00e8ne rayonnant et \u00ab\u00a0bien d\u00e9cid\u00e9 \u00e0 vivre\u00a0\u00bb\u00a0: \u00ab\u00a0D\u00e9sormais je prends tout bien et personne&hellip;\n","protected":false},"author":2,"featured_media":432187,"comment_status":"","ping_status":"","sticky":false,"template":"","format":"standard","meta":{"footnotes":""},"categories":[2814],"tags":[17,1111,11,11794,251,1777,674,1011,27,56002,884,12,882,56003,25,2004,17395,11795],"class_list":{"0":"post-432186","1":"post","2":"type-post","3":"status-publish","4":"format-standard","5":"has-post-thumbnail","7":"category-marseille","8":"tag-17","9":"tag-actu","10":"tag-actualites","11":"tag-cepac","12":"tag-culture","13":"tag-eu","14":"tag-europe","15":"tag-fr","16":"tag-france","17":"tag-frayssinet","18":"tag-marseille","19":"tag-news","20":"tag-provence-alpes-cote-dazur","21":"tag-reconcilie","22":"tag-republique-francaise","23":"tag-roman","24":"tag-sest","25":"tag-silo"},"share_on_mastodon":{"url":"https:\/\/pubeurope.com\/@fr\/115301277113217231","error":""},"_links":{"self":[{"href":"https:\/\/www.europesays.com\/fr\/wp-json\/wp\/v2\/posts\/432186","targetHints":{"allow":["GET"]}}],"collection":[{"href":"https:\/\/www.europesays.com\/fr\/wp-json\/wp\/v2\/posts"}],"about":[{"href":"https:\/\/www.europesays.com\/fr\/wp-json\/wp\/v2\/types\/post"}],"author":[{"embeddable":true,"href":"https:\/\/www.europesays.com\/fr\/wp-json\/wp\/v2\/users\/2"}],"replies":[{"embeddable":true,"href":"https:\/\/www.europesays.com\/fr\/wp-json\/wp\/v2\/comments?post=432186"}],"version-history":[{"count":0,"href":"https:\/\/www.europesays.com\/fr\/wp-json\/wp\/v2\/posts\/432186\/revisions"}],"wp:featuredmedia":[{"embeddable":true,"href":"https:\/\/www.europesays.com\/fr\/wp-json\/wp\/v2\/media\/432187"}],"wp:attachment":[{"href":"https:\/\/www.europesays.com\/fr\/wp-json\/wp\/v2\/media?parent=432186"}],"wp:term":[{"taxonomy":"category","embeddable":true,"href":"https:\/\/www.europesays.com\/fr\/wp-json\/wp\/v2\/categories?post=432186"},{"taxonomy":"post_tag","embeddable":true,"href":"https:\/\/www.europesays.com\/fr\/wp-json\/wp\/v2\/tags?post=432186"}],"curies":[{"name":"wp","href":"https:\/\/api.w.org\/{rel}","templated":true}]}}