{"id":432188,"date":"2025-10-01T22:30:24","date_gmt":"2025-10-01T22:30:24","guid":{"rendered":"https:\/\/www.europesays.com\/fr\/432188\/"},"modified":"2025-10-01T22:30:24","modified_gmt":"2025-10-01T22:30:24","slug":"lionel-royer-perreaut-quitte-la-vie-publique-et-ne-soutiendra-pas-martine-vassal","status":"publish","type":"post","link":"https:\/\/www.europesays.com\/fr\/432188\/","title":{"rendered":"Lionel Royer-Perreaut quitte la vie publique et ne soutiendra pas Martine Vassal"},"content":{"rendered":"<p>Sur un mur de son bureau de maire des 9e-10e, qu&rsquo;il n\u2019a pas quitt\u00e9 m\u00eame lorsque d\u00e9put\u00e9, il a laiss\u00e9 son fauteuil \u00e0 <a href=\"https:\/\/www.laprovence.com\/article\/region\/3390192835913615\/pour-2025-la-maire-des-9e-10e-a-marseille-aimerait-que-les-travaux-du-boulevard-urbain-sud-commencent\" target=\"_blank\" rel=\"noopener\">Anne-Marie d\u2019Estienne d&rsquo;Orves<\/a>, la photo d\u2019Emmanuel Macron, en plein soleil, a p\u00e2li. En regard, Yann Piat resplendit sur le petit portrait en noir et blanc pos\u00e9 sur une commode. \u00c0 53\u00a0ans, Lionel Royer-Perreaut a une vie de politique derri\u00e8re lui. Lorsqu\u2019il annonce \u00e0 La Provence son retrait de la vie publique au terme de son mandat de conseiller municipal, en mars prochain, l\u2019\u00e9lu des quartiers Sud comptabilise \u00ab\u00a036\u00a0ans d\u2019engagement\u00a0\u00bb.<\/p>\n<p>Une carri\u00e8re d\u00e9but\u00e9e dans le fracas de<a href=\"https:\/\/www.laprovence.com\/article\/sorties-loisirs\/5710207\/magazine-la-provence-histoire-yann-piat-assassinee-en-1994-a-hyeres-quel-secret-cachait-la-deuxi\" target=\"_blank\" rel=\"noopener\"> l\u2019assassinat de Yann Piat<\/a>, dont il \u00e9tait le jeune attach\u00e9 parlementaire, prolong\u00e9e pendant 20\u00a0ans dans l\u2019ombre de Guy Teissier. Piqu\u00e9 par le virus politique, il est le fid\u00e8le assistant parlementaire qui court de r\u00e9unions publiques en rendez-vous, soir, week-ends et vacances comprises. \u00c0 l\u2019\u00e9cole de la politique, \u00ab\u00a0LRP\u201d coche toutes les cases\u00a0: \u00e9lu de secteur et \u00e0 la communaut\u00e9 urbaine, maire des 9e-10e (2014-2022) et conseiller municipal, vice-pr\u00e9sident du D\u00e9partement et enfin le Graal, en\u00a02022, avec un ticket pour le <a href=\"https:\/\/www.laprovence.com\/article\/politique\/6811772\/leurs-premiers-pas-a-lassemblee.html\" target=\"_blank\" rel=\"noopener\">Palais Bourbon<\/a>. Apr\u00e8s avoir rompu avec <a href=\"https:\/\/www.laprovence.com\/actu\/en-direct\/6035600\/municipales-a-marseille-cest-un-immense-honneur-de-representer-la-droite-guy-teissier.html\" target=\"_blank\" rel=\"noopener\">Guy Teissier<\/a> quelques ann\u00e9es plus t\u00f4t, il quitte ce&#8230;<\/p>\n","protected":false},"excerpt":{"rendered":"Sur un mur de son bureau de maire des 9e-10e, qu&rsquo;il n\u2019a pas quitt\u00e9 m\u00eame lorsque d\u00e9put\u00e9, il&hellip;\n","protected":false},"author":2,"featured_media":432189,"comment_status":"","ping_status":"","sticky":false,"template":"","format":"standard","meta":{"footnotes":""},"categories":[2814],"tags":[17,5734,1111,11,1777,674,3384,1011,27,20871,884,3554,12,316,882,19080,25,56004],"class_list":{"0":"post-432188","1":"post","2":"type-post","3":"status-publish","4":"format-standard","5":"has-post-thumbnail","7":"category-marseille","8":"tag-17","9":"tag-5734","10":"tag-actu","11":"tag-actualites","12":"tag-eu","13":"tag-europe","14":"tag-exclusif","15":"tag-fr","16":"tag-france","17":"tag-lionel","18":"tag-marseille","19":"tag-municipales","20":"tag-news","21":"tag-politique","22":"tag-provence-alpes-cote-dazur","23":"tag-quitte","24":"tag-republique-francaise","25":"tag-royer-perreaut"},"share_on_mastodon":{"url":"https:\/\/pubeurope.com\/@fr\/115301280933111763","error":""},"_links":{"self":[{"href":"https:\/\/www.europesays.com\/fr\/wp-json\/wp\/v2\/posts\/432188","targetHints":{"allow":["GET"]}}],"collection":[{"href":"https:\/\/www.europesays.com\/fr\/wp-json\/wp\/v2\/posts"}],"about":[{"href":"https:\/\/www.europesays.com\/fr\/wp-json\/wp\/v2\/types\/post"}],"author":[{"embeddable":true,"href":"https:\/\/www.europesays.com\/fr\/wp-json\/wp\/v2\/users\/2"}],"replies":[{"embeddable":true,"href":"https:\/\/www.europesays.com\/fr\/wp-json\/wp\/v2\/comments?post=432188"}],"version-history":[{"count":0,"href":"https:\/\/www.europesays.com\/fr\/wp-json\/wp\/v2\/posts\/432188\/revisions"}],"wp:featuredmedia":[{"embeddable":true,"href":"https:\/\/www.europesays.com\/fr\/wp-json\/wp\/v2\/media\/432189"}],"wp:attachment":[{"href":"https:\/\/www.europesays.com\/fr\/wp-json\/wp\/v2\/media?parent=432188"}],"wp:term":[{"taxonomy":"category","embeddable":true,"href":"https:\/\/www.europesays.com\/fr\/wp-json\/wp\/v2\/categories?post=432188"},{"taxonomy":"post_tag","embeddable":true,"href":"https:\/\/www.europesays.com\/fr\/wp-json\/wp\/v2\/tags?post=432188"}],"curies":[{"name":"wp","href":"https:\/\/api.w.org\/{rel}","templated":true}]}}