{"id":432190,"date":"2025-10-01T22:31:23","date_gmt":"2025-10-01T22:31:23","guid":{"rendered":"https:\/\/www.europesays.com\/fr\/432190\/"},"modified":"2025-10-01T22:31:23","modified_gmt":"2025-10-01T22:31:23","slug":"metropole-de-lyon-le-festival-un-doua-de-jazz-fete-sa-32e-edition","status":"publish","type":"post","link":"https:\/\/www.europesays.com\/fr\/432190\/","title":{"rendered":"M\u00e9tropole de Lyon. Le festival \u2018\u2018Un Doua de Jazz\u2019\u2019 f\u00eate sa 32e\u00a0 \u00e9dition"},"content":{"rendered":"<p>Le festival \u2018\u2018Un Doua de Jazz\u2019\u2019 revient pour sa 32e\u00a0 \u00e9dition, port\u00e9e par l\u2019enthousiasme d\u2019une \u00e9quipe \u00e9tudiante passionn\u00e9e et par la vitalit\u00e9 d\u2019une sc\u00e8ne locale en pleine effervescence.<\/p>\n<p>Le coup d\u2019envoi aura lieu ce jeudi 2\u00a0octobre au th\u00e9\u00e2tre Astr\u00e9e, sous le signe de la voix et de la jeunesse avec la Lyonnaise C\u00e9lia Kam\u00e9ni (Victoire du Jazz vocal 2025) et son projet tr\u00e8s personnel intitul\u00e9 M\u00e9duse qui a fait l\u2019objet d\u2019un EP depuis sa pr\u00e9sentation cet \u00e9t\u00e9 \u00e0 Jazz \u00e0 Vienne en premi\u00e8re partie de Diane Reeves et Madeleine Peyroux.<\/p>\n<p>Anatole, jeune formation&#8230;<\/p>\n","protected":false},"excerpt":{"rendered":"Le festival \u2018\u2018Un Doua de Jazz\u2019\u2019 revient pour sa 32e\u00a0 \u00e9dition, port\u00e9e par l\u2019enthousiasme d\u2019une \u00e9quipe \u00e9tudiante passionn\u00e9e&hellip;\n","protected":false},"author":2,"featured_media":432191,"comment_status":"","ping_status":"","sticky":false,"template":"","format":"standard","meta":{"footnotes":""},"categories":[1889],"tags":[1111,11,2430,1687,2757,1777,674,1011,27,2428,2756,873,12,25,2429],"class_list":{"0":"post-432190","1":"post","2":"type-post","3":"status-publish","4":"format-standard","5":"has-post-thumbnail","7":"category-lyon","8":"tag-actu","9":"tag-actualites","10":"tag-auvergne-rhone-alpes","11":"tag-culture-loisirs","12":"tag-edition-lyon-villeurbanne","13":"tag-eu","14":"tag-europe","15":"tag-fr","16":"tag-france","17":"tag-lyon","18":"tag-lyon-bassin","19":"tag-musique","20":"tag-news","21":"tag-republique-francaise","22":"tag-rhone"},"share_on_mastodon":{"url":"https:\/\/pubeurope.com\/@fr\/115301284842611337","error":""},"_links":{"self":[{"href":"https:\/\/www.europesays.com\/fr\/wp-json\/wp\/v2\/posts\/432190","targetHints":{"allow":["GET"]}}],"collection":[{"href":"https:\/\/www.europesays.com\/fr\/wp-json\/wp\/v2\/posts"}],"about":[{"href":"https:\/\/www.europesays.com\/fr\/wp-json\/wp\/v2\/types\/post"}],"author":[{"embeddable":true,"href":"https:\/\/www.europesays.com\/fr\/wp-json\/wp\/v2\/users\/2"}],"replies":[{"embeddable":true,"href":"https:\/\/www.europesays.com\/fr\/wp-json\/wp\/v2\/comments?post=432190"}],"version-history":[{"count":0,"href":"https:\/\/www.europesays.com\/fr\/wp-json\/wp\/v2\/posts\/432190\/revisions"}],"wp:featuredmedia":[{"embeddable":true,"href":"https:\/\/www.europesays.com\/fr\/wp-json\/wp\/v2\/media\/432191"}],"wp:attachment":[{"href":"https:\/\/www.europesays.com\/fr\/wp-json\/wp\/v2\/media?parent=432190"}],"wp:term":[{"taxonomy":"category","embeddable":true,"href":"https:\/\/www.europesays.com\/fr\/wp-json\/wp\/v2\/categories?post=432190"},{"taxonomy":"post_tag","embeddable":true,"href":"https:\/\/www.europesays.com\/fr\/wp-json\/wp\/v2\/tags?post=432190"}],"curies":[{"name":"wp","href":"https:\/\/api.w.org\/{rel}","templated":true}]}}