{"id":432196,"date":"2025-10-01T22:35:18","date_gmt":"2025-10-01T22:35:18","guid":{"rendered":"https:\/\/www.europesays.com\/fr\/432196\/"},"modified":"2025-10-01T22:35:18","modified_gmt":"2025-10-01T22:35:18","slug":"premier-exploit-de-la-saison-pour-le-psg-renversant-a-barcelone-malgre-labsence-de-cinq-cadres","status":"publish","type":"post","link":"https:\/\/www.europesays.com\/fr\/432196\/","title":{"rendered":"premier exploit de la saison pour le PSG, renversant \u00e0 Barcelone malgr\u00e9 l&rsquo;absence de cinq cadres"},"content":{"rendered":"\n<p class=\"c-chapo \">\n  Men\u00e9 au score, le club parisien a fini par exulter \u00e0 la 90e minute gr\u00e2ce \u00e0 un but de Gon\u00e7alo Ramos, mercredi.\n<\/p>\n<p>      lire plus tard<\/p>\n<p id=\"dialog__title\" class=\"dialog__title\">Pour sauvegarder cet article, connectez-vous ou cr\u00e9ez un compte franceinfo<\/p>\n<p class=\"dialog__description\">Sans paiement. Sans abonnement.<\/p>\n<p>        Fermer la fen\u00eatre d\u2019activation des notifications France Info<\/p>\n<p>      cr\u00e9er votre compte<\/p>\n<p>      se connecter<\/p>\n<p>        Fermer la fen\u00eatre de pr\u00e9sentation<\/p>\n<p>    <img loading=\"lazy\" decoding=\"async\" class=\"signature__image lazyload\" width=\"100\" height=\"100\" data- alt=\"\" src=\"https:\/\/www.europesays.com\/fr\/wp-content\/uploads\/2025\/06\/andrea-rond2-655f9042ecbeb384418639.png\"\/><\/p>\n<p>          France T\u00e9l\u00e9visions &#8211; R\u00e9daction Sport<\/p>\n<p>    Publi\u00e9 le 01\/10\/2025 23:00<\/p>\n<p>      Mis \u00e0 jour le 01\/10\/2025 23:02<\/p>\n<p>        Temps de lecture : 3min<\/p>\n<p>    <img decoding=\"async\"  alt=\"Les joueurs du PSG c\u00e9l\u00e8brent leur victoire avec leurs supporters \u00e0 Barcelone, le 1er octobre 2025, en phase de ligue de la Ligue des champions (2-1). (JOSEP LAGO \/ AFP)\" width=\"432\" height=\"243\" src=\"https:\/\/www.europesays.com\/fr\/wp-content\/uploads\/2025\/10\/000-77f27un-68dd9dbad9b17500054047.jpg\" fetchpriority=\"high\"\/><\/p>\n<p>      Les joueurs du PSG c\u00e9l\u00e8brent leur victoire avec leurs supporters \u00e0 Barcelone, le 1er octobre 2025, en phase de ligue de la Ligue des champions (2-1). (JOSEP LAGO \/ AFP)<\/p>\n<p>M\u00eame affaibli, le Paris Saint-Germain reste un grand d&rsquo;Europe. <a href=\"https:\/\/bo-pic-franceinfo.francetelevisions.tv\/sports\/foot\/ligue-des-champions\/direct-barcelone-psg-lamine-yamal-defie-les-champions-d-europe-parisiens-amoindris-par-les-absences-suivez-le-choc-de-ligue-des-champions_7521400.html\" rel=\"nofollow noopener\" target=\"_blank\">En s&rsquo;imposant \u00e0 Barcelone (2-1)<\/a>, mercredi 1er octobre, contre l&rsquo;un des rares adversaires capables de rivaliser avec elle, l&rsquo;\u00e9quipe de Luis Enrique a sign\u00e9 sa premi\u00e8re grosse performance de la saison. Malgr\u00e9 les forfaits du capitaine Marquinhos, de Joao Neves \u2013\u00a0pr\u00e9serv\u00e9 \u00e0 la derni\u00e8re minute\u00a0\u2013 et du trio d&rsquo;attaque D\u00e9sir\u00e9 Dou\u00e9-Ousmane Demb\u00e9l\u00e9-Khvicha Kvaratskhelia, a gagn\u00e9 son bras de fer avec probablement le onze le plus coriace du moment.<\/p>\n<p>La performance rel\u00e8ve de l&rsquo;exploit pour cette \u00e9quipe exp\u00e9rimentale, qui a d&rsquo;ailleurs v\u00e9cu un d\u00e9but de match difficile. Domin\u00e9 et m\u00eame rapidement men\u00e9 au score, sur un but de Ferran Torres venu sanctionner une perte de balle de Vitinha (19e), le club parisien a assez vite \u00e9galis\u00e9 gr\u00e2ce au jeune Senny Mayulu (38e), venu bonifier une course de 70 m\u00e8tres de son lat\u00e9ral gauche Nuno Mendes \u2014\u00a0exceptionnel mercredi soir dans ses intentions offensives et dans son duel d\u00e9fensif avec Lamine Yamal.<\/p>\n<p>Ce but a agi comme un point de bascule dans la rencontre. D&rsquo;abord confiscateur, le Bar\u00e7a a fini par perdre la possession du ballon. Au retour des vestiaires, c&rsquo;est bien le PSG qui a dict\u00e9 son football sur la pelouse du stade olympique au sommet de Montjuic (64% de possession dans le deuxi\u00e8me acte contre 43% dans le premier). Le feu d&rsquo;artifice du prodige Lamine Yamal, d\u00e9cid\u00e9 \u00e0 envoyer un message apr\u00e8s sa d\u00e9faite derri\u00e8re <a href=\"https:\/\/www.franceinfo.fr\/sports\/foot\/ousmane-dembele\/recit-de-la-pepite-rennaise-au-ballon-d-or-en-passant-par-les-galeres-au-barca-ousmane-dembele-l-avenement-tardif-d-un-talent-precoce_7501792.html\" rel=\"nofollow noopener\" target=\"_blank\">Ousmane Demb\u00e9l\u00e9 au Ballon d&rsquo;or<\/a>, a fini par s&rsquo;\u00e9teindre.<\/p>\n<p>L&rsquo;\u00e9quipe de Luis Enrique a d\u00e9gag\u00e9 une force collective impressionnante. Elle a fait grandir la menace progressivement jusqu&rsquo;\u00e0 faire plier la d\u00e9fense du Bar\u00e7a. Les entrants se sont mis au diapason des titulaires. C&rsquo;est apr\u00e8s un poteau trouv\u00e9 par Kang-In Lee (83e), \u00e0 l&rsquo;issue d&rsquo;un slalom d&rsquo;\u00e9quilibriste, que Gon\u00e7alo Ramos a marqu\u00e9 le but de la victoire au bout du temps r\u00e9glementaire (90e) sur un service parfait du capitaine du soir Achraf Hakimi<\/p>\n<p>Apr\u00e8s deux matchs de phase de ligue, le PSG compte d\u00e9j\u00e0 plus de points que sur ses cinq premiers de la saison pr\u00e9c\u00e9dente (six contre quatre). Le tout malgr\u00e9 une pr\u00e9paration estivale tronqu\u00e9e et des absences majeures. C&rsquo;est le retour du PSG insubmersible qui, m\u00eame battu par les flots, ne fait pas naufrage. Qui m\u00eame priv\u00e9 de certains de ses meilleurs joueurs, rappelle son statut de champion d&rsquo;Europe au titre \u00e0 son concurrent le plus s\u00e9rieux. Cette troisi\u00e8me victoire d&rsquo;affil\u00e9e du PSG \u00e0 Barcelone, apr\u00e8s le tripl\u00e9 de Kylian Mbapp\u00e9 en 2021 (4-1) et le quart de finale renversant de 2024 (2-3 puis 4-1), enterre un peu plus le souvenir d\u00e9sormais lointain de la remontada de 2017.\u00a0<\/p>\n","protected":false},"excerpt":{"rendered":"Men\u00e9 au score, le club parisien a fini par exulter \u00e0 la 90e minute gr\u00e2ce \u00e0 un but&hellip;\n","protected":false},"author":2,"featured_media":432197,"comment_status":"","ping_status":"","sticky":false,"template":"","format":"standard","meta":{"footnotes":""},"categories":[1888],"tags":[1111,1928,11,1927,1777,674,1011,27,12,1926,626,1925,25],"class_list":{"0":"post-432196","1":"post","2":"type-post","3":"status-publish","4":"format-standard","5":"has-post-thumbnail","7":"category-paris","8":"tag-actu","9":"tag-actu-paris","10":"tag-actualites","11":"tag-actualites-paris","12":"tag-eu","13":"tag-europe","14":"tag-fr","15":"tag-france","16":"tag-news","17":"tag-news-paris","18":"tag-paris","19":"tag-paris-news","20":"tag-republique-francaise"},"share_on_mastodon":{"url":"https:\/\/pubeurope.com\/@fr\/115301301517621686","error":""},"_links":{"self":[{"href":"https:\/\/www.europesays.com\/fr\/wp-json\/wp\/v2\/posts\/432196","targetHints":{"allow":["GET"]}}],"collection":[{"href":"https:\/\/www.europesays.com\/fr\/wp-json\/wp\/v2\/posts"}],"about":[{"href":"https:\/\/www.europesays.com\/fr\/wp-json\/wp\/v2\/types\/post"}],"author":[{"embeddable":true,"href":"https:\/\/www.europesays.com\/fr\/wp-json\/wp\/v2\/users\/2"}],"replies":[{"embeddable":true,"href":"https:\/\/www.europesays.com\/fr\/wp-json\/wp\/v2\/comments?post=432196"}],"version-history":[{"count":0,"href":"https:\/\/www.europesays.com\/fr\/wp-json\/wp\/v2\/posts\/432196\/revisions"}],"wp:featuredmedia":[{"embeddable":true,"href":"https:\/\/www.europesays.com\/fr\/wp-json\/wp\/v2\/media\/432197"}],"wp:attachment":[{"href":"https:\/\/www.europesays.com\/fr\/wp-json\/wp\/v2\/media?parent=432196"}],"wp:term":[{"taxonomy":"category","embeddable":true,"href":"https:\/\/www.europesays.com\/fr\/wp-json\/wp\/v2\/categories?post=432196"},{"taxonomy":"post_tag","embeddable":true,"href":"https:\/\/www.europesays.com\/fr\/wp-json\/wp\/v2\/tags?post=432196"}],"curies":[{"name":"wp","href":"https:\/\/api.w.org\/{rel}","templated":true}]}}