{"id":432198,"date":"2025-10-01T22:36:18","date_gmt":"2025-10-01T22:36:18","guid":{"rendered":"https:\/\/www.europesays.com\/fr\/432198\/"},"modified":"2025-10-01T22:36:18","modified_gmt":"2025-10-01T22:36:18","slug":"lfi-reclame-linterdiction-du-concert-de-disturbed-en-raison-dun-soutien-a-netanyahou","status":"publish","type":"post","link":"https:\/\/www.europesays.com\/fr\/432198\/","title":{"rendered":"LFI r\u00e9clame l\u2019interdiction du concert de Disturbed en raison d\u2019un soutien \u00e0 Netanyahou"},"content":{"rendered":"<p class=\"mb-4 text-lg md:leading-8 break-words\"><strong>OPPOSITION &#8211; Le concert du groupe am\u00e9ricain Disturbed pr\u00e9vu le 12\u00a0octobre \u00e0 Paris est contest\u00e9 en raison du soutien affich\u00e9 de son chanteur David Draiman \u00e0 Benyamin Netanyahou<\/strong><\/p>\n<p class=\"mb-4 text-lg md:leading-8 break-words\">Le concert du groupe am\u00e9ricain <a href=\"https:\/\/www.20minutes.fr\/arts-stars\/culture\/musique\/4127284-20241204-apple-devoile-chansons-parfois-inattendues-plus-ecoutees-shazamees-france-2024?at_medium=RSS%20feed&amp;at_campaign=ynews&amp;utm_source=yahoo&amp;utm_medium=rss&amp;utm_campaign=news_feed&amp;utm_content=in_article_link\" rel=\"nofollow noopener\" target=\"_blank\" data-ylk=\"slk:Disturbed;elm:context_link;itc:0;sec:content-canvas\" class=\"link \">Disturbed<\/a>, pr\u00e9vu le 12\u00a0octobre au <a href=\"https:\/\/www.20minutes.fr\/dossier\/zenith?at_medium=RSS%20feed&amp;at_campaign=ynews&amp;utm_source=yahoo&amp;utm_medium=rss&amp;utm_campaign=news_feed&amp;utm_content=in_article_link\" rel=\"nofollow noopener\" target=\"_blank\" data-ylk=\"slk:Z\u00e9nith de Paris;elm:context_link;itc:0;sec:content-canvas\" class=\"link \">Z\u00e9nith de Paris<\/a>, suscite une vive controverse en raison des prises de position politiques de son chanteur, David Draiman, soutien affich\u00e9 du gouvernement isra\u00e9lien de Benyamin Netanyahou. Mercredi, le d\u00e9put\u00e9 de <a href=\"https:\/\/www.20minutes.fr\/politique\/france-insoumise\/?at_medium=RSS%20feed&amp;at_campaign=ynews&amp;utm_source=yahoo&amp;utm_medium=rss&amp;utm_campaign=news_feed&amp;utm_content=in_article_link\" rel=\"nofollow noopener\" target=\"_blank\" data-ylk=\"slk:La France insoumise Thomas Portes;elm:context_link;itc:0;sec:content-canvas\" class=\"link \">La France insoumise Thomas Portes<\/a> a \u00e9crit au pr\u00e9fet de police pour r\u00e9clamer l\u2019interdiction de l\u2019\u00e9v\u00e9nement.<\/p>\n<p class=\"mb-4 text-lg md:leading-8 break-words\">Selon lui, ce concert \u00ab\u00a0constitue une menace directe pour l\u2019ordre public dans notre pays\u00a0\u00bb. Dans sa lettre, il rappelle qu\u2019en juin\u00a02024, le leader de Disturbed \u00ab\u00a0se mettait en sc\u00e8ne sur une base militaire isra\u00e9lienne, signant une bombe pr\u00eate \u00e0 \u00eatre largu\u00e9e sur <a href=\"https:\/\/www.20minutes.fr\/monde\/gaza\/?at_medium=RSS%20feed&amp;at_campaign=ynews&amp;utm_source=yahoo&amp;utm_medium=rss&amp;utm_campaign=news_feed&amp;utm_content=in_article_link\" rel=\"nofollow noopener\" target=\"_blank\" data-ylk=\"slk:Gaza;elm:context_link;itc:0;sec:content-canvas\" class=\"link \">Gaza<\/a>\u00a0\u00bb. Il estime que le chanteur \u00ab\u00a0assume, sans la moindre ambigu\u00eft\u00e9, des positions relevant de l\u2019apologie de crimes de guerre et de g\u00e9nocide\u00a0\u00bb. Le s\u00e9nateur communiste <a href=\"https:\/\/www.20minutes.fr\/dossier\/ian_brossat?at_medium=RSS%20feed&amp;at_campaign=ynews&amp;utm_source=yahoo&amp;utm_medium=rss&amp;utm_campaign=news_feed&amp;utm_content=in_article_link\" rel=\"nofollow noopener\" target=\"_blank\" data-ylk=\"slk:Ian Brossat;elm:context_link;itc:0;sec:content-canvas\" class=\"link \">Ian Brossat<\/a> et le d\u00e9put\u00e9 <a href=\"https:\/\/www.20minutes.fr\/politique\/ps\/?at_medium=RSS%20feed&amp;at_campaign=ynews&amp;utm_source=yahoo&amp;utm_medium=rss&amp;utm_campaign=news_feed&amp;utm_content=in_article_link\" rel=\"nofollow noopener\" target=\"_blank\" data-ylk=\"slk:socialiste;elm:context_link;itc:0;sec:content-canvas\" class=\"link \">socialiste<\/a> Emmanuel Gr\u00e9goire, tous deux candidats \u00e0 la mairie de Paris, se sont \u00e9galement prononc\u00e9s pour l\u2019annulation du concert.<\/p>\n<p>La position du Z\u00e9nith<\/p>\n<p class=\"mb-4 text-lg md:leading-8 break-words\">Face aux critiques, la salle parisienne a publi\u00e9 un communiqu\u00e9 lundi. \u00ab\u00a0Ayant \u00e9t\u00e9 r\u00e9cemment inform\u00e9s de d\u00e9clarations publiques de David Draiman, membre du groupe Disturbed, nous avons imm\u00e9diatement demand\u00e9 un engagement formel de la part des artistes. Aucun propos discriminatoire ou raciste ne sera tol\u00e9r\u00e9 sur la sc\u00e8ne du Z\u00e9nith, conform\u00e9ment \u00e0 notre r\u00e8glement int\u00e9rieur\u00a0\u00bb, a assur\u00e9 la direction.<\/p>\n<p><a href=\"https:\/\/www.20minutes.fr\/monde\/gaza\/\" rel=\"nofollow noopener\" target=\"_blank\" data-ylk=\"slk:Notre dossier sur Gaza;elm:context_link;itc:0;sec:content-canvas\" class=\"link \">Notre dossier sur Gaza<\/a><\/p>\n<p class=\"mb-4 text-lg md:leading-8 break-words\">N\u00e9 \u00e0 New York en\u00a01973 dans une famille juive dont certains membres vivent aujourd\u2019hui en Isra\u00ebl, David Draim(&#8230;)<\/p>\n<p class=\"mb-4 text-lg md:leading-8 break-words\"><a href=\"https:\/\/www.20minutes.fr\/politique\/4176549-20251001-zenith-paris-lfi-reclame-interdiction-concert-disturbed-raison-soutien-netanyahou?at_medium=RSS%20feed&amp;at_campaign=ynews&amp;utm_source=yahoo&amp;utm_medium=rss&amp;utm_campaign=news_feed&amp;utm_content=read_more_link&quot;\" rel=\"nofollow noopener\" target=\"_blank\" data-ylk=\"slk:Lire la suite sur 20minutes;elm:context_link;itc:0;sec:content-canvas\" class=\"link \">Lire la suite sur 20minutes<\/a><\/p>\n<p>\u00c0 lire aussi :<br \/><a href=\"https:\/\/www.20minutes.fr\/arts-stars\/culture\/musique\/4150204-20250424-lfi-demande-interdiction-immediate-concert-chanteur-israelien-eyal-golan-paris?at_medium=RSS%20feed&amp;at_campaign=ynews&amp;utm_source=yahoo&amp;utm_medium=rss&amp;utm_campaign=news_feed&amp;utm_content=related_content_link\" rel=\"nofollow noopener\" target=\"_blank\" data-ylk=\"slk:LFI demande \u00ab\u00a0l\u2019interdiction imm\u00e9diate\u00a0\u00bb d\u2019un concert du chanteur isra\u00e9lien Eyal Golan \u00e0 Paris;elm:context_link;itc:0;sec:content-canvas\" class=\"link \">LFI demande \u00ab\u00a0l\u2019interdiction imm\u00e9diate\u00a0\u00bb d\u2019un concert du chanteur isra\u00e9lien Eyal Golan \u00e0 Paris<\/a><br \/><a href=\"https:\/\/www.20minutes.fr\/monde\/israel\/4171093-20250904-turquie-soutien-israel-enrico-macias-voit-interdire-concert-istanbul?at_medium=RSS%20feed&amp;at_campaign=ynews&amp;utm_source=yahoo&amp;utm_medium=rss&amp;utm_campaign=news_feed&amp;utm_content=related_content_link\" rel=\"nofollow noopener\" target=\"_blank\" data-ylk=\"slk:Turquie\u00a0: Pour son soutien \u00e0 Isra\u00ebl, Enrico Macias se voit interdit de concert \u00e0 Istanbul;elm:context_link;itc:0;sec:content-canvas\" class=\"link \">Turquie\u00a0: Pour son soutien \u00e0 Isra\u00ebl, Enrico Macias se voit interdit de concert \u00e0 Istanbul<\/a><\/p>\n","protected":false},"excerpt":{"rendered":"OPPOSITION &#8211; Le concert du groupe am\u00e9ricain Disturbed pr\u00e9vu le 12\u00a0octobre \u00e0 Paris est contest\u00e9 en raison du&hellip;\n","protected":false},"author":2,"featured_media":432199,"comment_status":"","ping_status":"","sticky":false,"template":"","format":"standard","meta":{"footnotes":""},"categories":[1888],"tags":[1111,1928,11,1927,952,1697,56005,1777,674,1011,27,2381,12,1926,626,1925,15003,25,28506],"class_list":{"0":"post-432198","1":"post","2":"type-post","3":"status-publish","4":"format-standard","5":"has-post-thumbnail","7":"category-paris","8":"tag-actu","9":"tag-actu-paris","10":"tag-actualites","11":"tag-actualites-paris","12":"tag-benyamin-netanyahou","13":"tag-concert","14":"tag-david-draiman","15":"tag-eu","16":"tag-europe","17":"tag-fr","18":"tag-france","19":"tag-mairie-de-paris","20":"tag-news","21":"tag-news-paris","22":"tag-paris","23":"tag-paris-news","24":"tag-prefet-de-police","25":"tag-republique-francaise","26":"tag-zenith-de-paris"},"share_on_mastodon":{"url":"https:\/\/pubeurope.com\/@fr\/115301304496678696","error":""},"_links":{"self":[{"href":"https:\/\/www.europesays.com\/fr\/wp-json\/wp\/v2\/posts\/432198","targetHints":{"allow":["GET"]}}],"collection":[{"href":"https:\/\/www.europesays.com\/fr\/wp-json\/wp\/v2\/posts"}],"about":[{"href":"https:\/\/www.europesays.com\/fr\/wp-json\/wp\/v2\/types\/post"}],"author":[{"embeddable":true,"href":"https:\/\/www.europesays.com\/fr\/wp-json\/wp\/v2\/users\/2"}],"replies":[{"embeddable":true,"href":"https:\/\/www.europesays.com\/fr\/wp-json\/wp\/v2\/comments?post=432198"}],"version-history":[{"count":0,"href":"https:\/\/www.europesays.com\/fr\/wp-json\/wp\/v2\/posts\/432198\/revisions"}],"wp:featuredmedia":[{"embeddable":true,"href":"https:\/\/www.europesays.com\/fr\/wp-json\/wp\/v2\/media\/432199"}],"wp:attachment":[{"href":"https:\/\/www.europesays.com\/fr\/wp-json\/wp\/v2\/media?parent=432198"}],"wp:term":[{"taxonomy":"category","embeddable":true,"href":"https:\/\/www.europesays.com\/fr\/wp-json\/wp\/v2\/categories?post=432198"},{"taxonomy":"post_tag","embeddable":true,"href":"https:\/\/www.europesays.com\/fr\/wp-json\/wp\/v2\/tags?post=432198"}],"curies":[{"name":"wp","href":"https:\/\/api.w.org\/{rel}","templated":true}]}}