{"id":432208,"date":"2025-10-01T22:41:20","date_gmt":"2025-10-01T22:41:20","guid":{"rendered":"https:\/\/www.europesays.com\/fr\/432208\/"},"modified":"2025-10-01T22:41:20","modified_gmt":"2025-10-01T22:41:20","slug":"des-journalistes-de-cbs-permettent-larrestation-dun-cambrioleur-recherche-en-le-reperant-dans-la-rue","status":"publish","type":"post","link":"https:\/\/www.europesays.com\/fr\/432208\/","title":{"rendered":"des journalistes de CBS permettent l\u2019arrestation d\u2019un cambrioleur recherch\u00e9\u2026 en le rep\u00e9rant dans la rue"},"content":{"rendered":"<p>Alors qu\u2019elle tournait un reportage sur le suspect, l\u2019\u00e9quipe de t\u00e9l\u00e9vision est tomb\u00e9e sur lui par hasard en pleine rue, dans le Colorado.<\/p>\n<p class=\"fig-paragraph\">De journaliste \u00e0 lanceur d\u2019alerte, il n\u2019y a qu\u2019un pas. Les reporters de CBS Colorado peuvent en t\u00e9moigner. Vendredi 26 septembre, alors qu\u2019ils tournaient un reportage sur un cambrioleur r\u00e9cidiviste activement recherch\u00e9 dans le comt\u00e9 de Clear Creek, ils sont tomb\u00e9s nez \u00e0 nez avec lui, en pleine rue. \u00abApr\u00e8s le flash de 6h55, le cam\u00e9raman El Dee a fait remarquer qu\u2019il y avait quelqu\u2019un qui ressemblait exactement \u00e0 la description donn\u00e9e\u00bb, raconte Justin Adams, un des pr\u00e9sentateurs de la cha\u00eene.<\/p>\n<p class=\"fig-paragraph\">\u00abJ\u2019\u00e9tais plut\u00f4t incr\u00e9dule\u00a0: Attendez une minute, mais, c\u2019est lui\u00a0! C\u2019est le type dont je viens de parler et que j\u2019ai d\u00e9crit en direct \u00e0 la t\u00e9l\u00e9vision. Il traverse la rue\u00a0! Alors j\u2019ai dit\u00a0: H\u00e9, braquez votre cam\u00e9ra sur lui\u00bb, poursuit-il, tandis que le suspect n\u2019avait pas remarqu\u00e9 les cam\u00e9ras. Celui-ci a finalement \u00e9t\u00e9 appr\u00e9hend\u00e9 par la police une dizaine de minutes plus tard gr\u00e2ce \u00e0 l\u2019alerte donn\u00e9e par les journalistes.<\/p>\n<p>                                    <a class=\"fig-a11y-skip a11y-hidden\" href=\"#fig-a11y-skip-main-inarticle\"><br \/>\n        Passer la publicit\u00e9<br \/>\n    <\/a><\/p>\n<p>Il aurait caus\u00e9 pr\u00e8s de 4 000 dollars de dommages<\/p>\n<p class=\"fig-paragraph\">\u00abC\u2019est incroyable, \u00e7a n\u2019arrive jamais. C\u2019est de cette mani\u00e8re qu\u2019on a coinc\u00e9 notre suspect\u00bb, confirme la porte-parole du bureau du sh\u00e9rif, qui a pr\u00e9cis\u00e9 que la police n\u2019arr\u00eate \u00abjamais\u00bb de suspects en pr\u00e9sence de m\u00e9dias sur les lieux. Une aide bienvenue pour eux alors que l\u2019homme d\u2019une trentaine d\u2019ann\u00e9es portait une arme \u00e0 feu et avait \u00e9t\u00e9 localis\u00e9 la veille par un drone dans sa voiture avant qu\u2019il ne prenne la fuite \u00e0 pied apr\u00e8s un accident.<\/p>\n<p class=\"fig-paragraph\">De son vrai nom Richard Applequist, il a \u00e9t\u00e9 incarc\u00e9r\u00e9 \u00e0 la prison du comt\u00e9 de Clear Creek et attend d\u00e9sormais son proc\u00e8s. Il est vis\u00e9 par plusieurs chefs d\u2019accusation\u00a0: cambriolage au premier degr\u00e9, possession d\u2019une arme par un ancien d\u00e9linquant, \u00e9vasion, usurpation d\u2019identit\u00e9 d\u2019un agent de la paix, vol, m\u00e9fait criminel, mise en danger imprudente, r\u00e9sistance \u00e0 l\u2019arrestation et cambriolage au troisi\u00e8me degr\u00e9.<\/p>\n","protected":false},"excerpt":{"rendered":"Alors qu\u2019elle tournait un reportage sur le suspect, l\u2019\u00e9quipe de t\u00e9l\u00e9vision est tomb\u00e9e sur lui par hasard en&hellip;\n","protected":false},"author":2,"featured_media":432209,"comment_status":"","ping_status":"","sticky":false,"template":"","format":"standard","meta":{"footnotes":""},"categories":[1589],"tags":[11,1174,7411,27696,73,1866,12,1864,1865,1863,308],"class_list":{"0":"post-432208","1":"post","2":"type-post","3":"status-publish","4":"format-standard","5":"has-post-thumbnail","7":"category-etats-unis","8":"tag-actualites","9":"tag-cambriolage","10":"tag-cbs","11":"tag-colorado","12":"tag-etats-unis","13":"tag-etats-unis-damerique","14":"tag-news","15":"tag-united-states","16":"tag-united-states-of-america","17":"tag-us","18":"tag-usa"},"share_on_mastodon":{"url":"https:\/\/pubeurope.com\/@fr\/115301324254197893","error":""},"_links":{"self":[{"href":"https:\/\/www.europesays.com\/fr\/wp-json\/wp\/v2\/posts\/432208","targetHints":{"allow":["GET"]}}],"collection":[{"href":"https:\/\/www.europesays.com\/fr\/wp-json\/wp\/v2\/posts"}],"about":[{"href":"https:\/\/www.europesays.com\/fr\/wp-json\/wp\/v2\/types\/post"}],"author":[{"embeddable":true,"href":"https:\/\/www.europesays.com\/fr\/wp-json\/wp\/v2\/users\/2"}],"replies":[{"embeddable":true,"href":"https:\/\/www.europesays.com\/fr\/wp-json\/wp\/v2\/comments?post=432208"}],"version-history":[{"count":0,"href":"https:\/\/www.europesays.com\/fr\/wp-json\/wp\/v2\/posts\/432208\/revisions"}],"wp:featuredmedia":[{"embeddable":true,"href":"https:\/\/www.europesays.com\/fr\/wp-json\/wp\/v2\/media\/432209"}],"wp:attachment":[{"href":"https:\/\/www.europesays.com\/fr\/wp-json\/wp\/v2\/media?parent=432208"}],"wp:term":[{"taxonomy":"category","embeddable":true,"href":"https:\/\/www.europesays.com\/fr\/wp-json\/wp\/v2\/categories?post=432208"},{"taxonomy":"post_tag","embeddable":true,"href":"https:\/\/www.europesays.com\/fr\/wp-json\/wp\/v2\/tags?post=432208"}],"curies":[{"name":"wp","href":"https:\/\/api.w.org\/{rel}","templated":true}]}}