{"id":432212,"date":"2025-10-01T22:43:22","date_gmt":"2025-10-01T22:43:22","guid":{"rendered":"https:\/\/www.europesays.com\/fr\/432212\/"},"modified":"2025-10-01T22:43:22","modified_gmt":"2025-10-01T22:43:22","slug":"tavaux-le-comite-de-jumelage-tavaux-friesenheim-en-allemagne-pour-lexposition-commerciale-nova","status":"publish","type":"post","link":"https:\/\/www.europesays.com\/fr\/432212\/","title":{"rendered":"Tavaux. Le comit\u00e9 de jumelage Tavaux-Friesenheim en Allemagne pour l\u2019exposition commerciale Nova"},"content":{"rendered":"<p>Le comit\u00e9 de jumelage de Tavaux s\u2019est d\u00e9plac\u00e9 le week-end du 20 et 21\u00a0septembre \u00e0 Friesenheim en Allemagne pour participer \u00e0 la Nova, exposition commerciale.<\/p>\n<p>Lors de cette manifestation, plusieurs stands sont tenus par des artisans ou vendeurs locaux. Le comit\u00e9 a lui aussi tenu un stand comme chaque ann\u00e9e, proposant nos produits jurassiens\u00a0: vins, cr\u00e9mant, comt\u00e9, morbier et baguettes de pain. Les sp\u00e9cialit\u00e9s fran\u00e7aises sont appr\u00e9ci\u00e9es. Effectivement, 30\u00a0kg de morbier et 50\u00a0kg de comt\u00e9 y ont \u00e9t\u00e9 vendus. Les baguettes de pain ont obtenu aussi un joli succ\u00e8s aupr\u00e8s des habitants de Friesenheim.<\/p>\n","protected":false},"excerpt":{"rendered":"Le comit\u00e9 de jumelage de Tavaux s\u2019est d\u00e9plac\u00e9 le week-end du 20 et 21\u00a0septembre \u00e0 Friesenheim en Allemagne&hellip;\n","protected":false},"author":2,"featured_media":432213,"comment_status":"","ping_status":"","sticky":false,"template":"","format":"standard","meta":{"footnotes":""},"categories":[1587],"tags":[11,672,1804,1805,1803,47539,14809,1777,674,1801,12,1802,104,45798,1631],"class_list":{"0":"post-432212","1":"post","2":"type-post","3":"status-publish","4":"format-standard","5":"has-post-thumbnail","7":"category-allemagne","8":"tag-actualites","9":"tag-allemagne","10":"tag-bundesrepublik-deutschland","11":"tag-de","12":"tag-deutschland","13":"tag-dole-bassin","14":"tag-edition-jura-nord","15":"tag-eu","16":"tag-europe","17":"tag-germany","18":"tag-news","19":"tag-republique-federale-dallemagne","20":"tag-societe","21":"tag-tavaux","22":"tag-vie-associative"},"share_on_mastodon":{"url":"https:\/\/pubeurope.com\/@fr\/115301332104575258","error":""},"_links":{"self":[{"href":"https:\/\/www.europesays.com\/fr\/wp-json\/wp\/v2\/posts\/432212","targetHints":{"allow":["GET"]}}],"collection":[{"href":"https:\/\/www.europesays.com\/fr\/wp-json\/wp\/v2\/posts"}],"about":[{"href":"https:\/\/www.europesays.com\/fr\/wp-json\/wp\/v2\/types\/post"}],"author":[{"embeddable":true,"href":"https:\/\/www.europesays.com\/fr\/wp-json\/wp\/v2\/users\/2"}],"replies":[{"embeddable":true,"href":"https:\/\/www.europesays.com\/fr\/wp-json\/wp\/v2\/comments?post=432212"}],"version-history":[{"count":0,"href":"https:\/\/www.europesays.com\/fr\/wp-json\/wp\/v2\/posts\/432212\/revisions"}],"wp:featuredmedia":[{"embeddable":true,"href":"https:\/\/www.europesays.com\/fr\/wp-json\/wp\/v2\/media\/432213"}],"wp:attachment":[{"href":"https:\/\/www.europesays.com\/fr\/wp-json\/wp\/v2\/media?parent=432212"}],"wp:term":[{"taxonomy":"category","embeddable":true,"href":"https:\/\/www.europesays.com\/fr\/wp-json\/wp\/v2\/categories?post=432212"},{"taxonomy":"post_tag","embeddable":true,"href":"https:\/\/www.europesays.com\/fr\/wp-json\/wp\/v2\/tags?post=432212"}],"curies":[{"name":"wp","href":"https:\/\/api.w.org\/{rel}","templated":true}]}}