{"id":432214,"date":"2025-10-01T22:44:16","date_gmt":"2025-10-01T22:44:16","guid":{"rendered":"https:\/\/www.europesays.com\/fr\/432214\/"},"modified":"2025-10-01T22:44:16","modified_gmt":"2025-10-01T22:44:16","slug":"leurope-finit-dans-le-vert-avec-le-secteur-pharmaceutique-01-10-2025-a-1821","status":"publish","type":"post","link":"https:\/\/www.europesays.com\/fr\/432214\/","title":{"rendered":"L&rsquo;Europe finit dans le vert avec le secteur pharmaceutique &#8211; 01\/10\/2025 \u00e0 18:21"},"content":{"rendered":"<p>        <img fetchpriority=\"high\" decoding=\"async\" src=\"https:\/\/www.europesays.com\/fr\/wp-content\/uploads\/2025\/10\/58e382da6cdbed26fab3b597acd18be0-760x507.jpg\" alt=\"Bourse Euronext dans le quartier d'affaires de La D\u00e9fense \u00e0 Paris\" loading=\"eager\" width=\"760\" height=\"507\" style=\"max-width: 100%!important; height: auto;\"\/><\/p>\n<p class=\"c-image-news__legend\">Bourse Euronext dans le quartier d&rsquo;affaires de La D\u00e9fense \u00e0 Paris<\/p>\n<p>\n par Claude Chendjou\n<\/p>\n<p>\n Les Bourses europ\u00e9ennes ont termin\u00e9 en hausse mercredi port\u00e9es par le secteur de la sant\u00e9 dans le sillage d&rsquo;un accord sign\u00e9 entre Pfizer et l&rsquo;administration am\u00e9ricaine pour r\u00e9duire les prix des m\u00e9dicaments en \u00e9change d&rsquo;un all\u00e8gement sur les droits de douane.\n<\/p>\n<p>\n \u00c0 Paris, le CAC 40 a fini sur un gain de 0,90% \u00e0 7.966,95 points. Le Footsie britannique a avanc\u00e9 de 1,12% et le Dax allemand a progress\u00e9 de 1,13%.\n<\/p>\n<p>\n L&rsquo;indice EuroStoxx 50 a gagn\u00e9 1,05% et le FTSEurofirst 300 1,27%. Le Stoxx 600 a pris 1,21% avec un indice de la sant\u00e9 qui a affich\u00e9 un bond de 5,25%.\n<\/p>\n<p>\n Au moment de la cl\u00f4ture en Europe, le Dow Jones avance de 0,27%, le Standard &amp; Poor&rsquo;s 500 grignote 0,12% et le Nasdaq grappille 0,10%. Nike bondit de 5,36% apr\u00e8s avoir fait \u00e9tat d&rsquo;une hausse inattendue de son chiffre d&rsquo;affaires et d&rsquo;un b\u00e9n\u00e9fice meilleur que pr\u00e9vu au titre du premier trimestre.\n<\/p>\n<p>\n La tendance est cependant h\u00e9sitante \u00e0 Wall Street avec la publication de l&rsquo;enqu\u00eate mensuelle du cabinet ADP qui a montr\u00e9 que le secteur priv\u00e9 aux Etats-Unis avait, contre toute attente, d\u00e9truit 32.000 postes en septembre.\n<\/p>\n<p>\n Cette statistique est diversement interpr\u00e9t\u00e9e car elle conforte la perspective d&rsquo;une baisse des taux de la R\u00e9serve f\u00e9d\u00e9rale am\u00e9ricaine (Fed) mais alimente aussi la crainte d&rsquo;un ralentissement \u00e9conomique g\u00e9n\u00e9ralis\u00e9e.\n<\/p>\n<p>\n Le rapport officiel vendredi du d\u00e9partement du Travail devrait permettre de trancher \u00e0 condition qu&rsquo;il soit publi\u00e9, une grande partie des op\u00e9rations de l&rsquo;administration f\u00e9d\u00e9rale am\u00e9ricaine \u00e9tant ferm\u00e9e depuis ce mercredi en raison du \u00ab\u00a0shutdown\u00a0\u00bb, qui traduit de profondes divisions partisanes ayant emp\u00each\u00e9 le Congr\u00e8s et la Maison blanche de parvenir \u00e0 un accord budg\u00e9taire.\n<\/p>\n<p>\n \u00ab\u00a0Quel que soit l&rsquo;angle sous lequel on l&rsquo;aborde, le march\u00e9 (am\u00e9ricain) du travail s&rsquo;affaiblit et, selon nous, la Fed devrait poursuivre ses baisses de taux jusqu&rsquo;\u00e0 la fin de l&rsquo;ann\u00e9e\u00a0\u00bb, a d\u00e9clar\u00e9 Matthew Miskin, strat\u00e9giste en investissements chez Manulife John Hancock Investments. \u00ab\u00a0L&rsquo;absence d&rsquo;autres donn\u00e9es complique la t\u00e2che de la Fed\u00a0\u00bb, a-t-il ajout\u00e9.\n<\/p>\n<p>\n VALEURS EN EUROPE\n<\/p>\n<p>\n Les groupes pharmaceutiques et leurs fournisseurs en Europe &#8211; dont beaucoup ont des activit\u00e9s aux Etats-Unis &#8211; ont \u00e9t\u00e9 recherch\u00e9s: Sanofi, Novo Nordisk, Novartis, Sartorius, Merck Roche ou encore AstraZeneca ont pris entre 4% et plus de 11%.\n<\/p>\n<p>\n Soitec, qui a annonc\u00e9 le d\u00e9part \u00e0 venir de son actuel directeur g\u00e9n\u00e9ral peu avant l&rsquo;ouverture de la Bourse, a grimp\u00e9 de 4,56%.\n<\/p>\n<p>\n Tate &amp; Lyle a plong\u00e9 de 13,03% apr\u00e8s avoir averti mercredi que son b\u00e9n\u00e9fice et son chiffre d&rsquo;affaires annuels diminueraient en raison d&rsquo;un ralentissement de la demande dans les Am\u00e9riques, son march\u00e9 cl\u00e9.\n<\/p>\n<p>\n Arcadis a avanc\u00e9 de 9,37%, le groupe n\u00e9erlandais d&rsquo;ing\u00e9nierie ayant lanc\u00e9 un nouveau programme de rachat d&rsquo;actions.\n<\/p>\n<p>\n LES INDICATEURS DU JOUR\n<\/p>\n<p>\n L&rsquo;activit\u00e9 manufacturi\u00e8re aux Etats-Unis s&rsquo;est am\u00e9lior\u00e9e plus que pr\u00e9vu en septembre, avec un indice \u00e0 49,1, contre 48,7 en ao\u00fbt, montre l&rsquo;enqu\u00eate mensuelle de l&rsquo;Institute for Supply Management (ISM).\n<\/p>\n<p>\n L&rsquo;inflation en zone euro a acc\u00e9l\u00e9r\u00e9 en septembre, conform\u00e9ment aux attentes, en raison notamment de la hausse des prix des services et d&rsquo;une baisse moindre de ceux de l&rsquo;\u00e9nergie, l&rsquo;indice global \u00e9tant ressorti \u00e0 +2,2% en rythme annuel, selon une version pr\u00e9liminaire publi\u00e9e par Eurostat.\n<\/p>\n<p>\n L&rsquo;activit\u00e9 manufacturi\u00e8re en zone euro s&rsquo;est \u00e0 nouveau repli\u00e9e en septembre, avec un indice tomb\u00e9 \u00e0 49,8, contre 50,7 en ao\u00fbt, les nouvelles commandes ayant chut\u00e9 \u00e0 leur rythme le plus rapide en six mois, montre l&rsquo;enqu\u00eate S&amp;P Global\/HCOB.\n<\/p>\n<p>\n L&rsquo;activit\u00e9 manufacturi\u00e8re britannique s&rsquo;est contract\u00e9e au rythme le plus rapide depuis cinq mois en septembre, avec un indice \u00e0 46,2, contre 47,0 en ao\u00fbt, montre l&rsquo;enqu\u00eate S&amp;P Global\/CIPS UK.\n<\/p>\n<p>\n CHANGES\n<\/p>\n<p>\n Le dollar est stable apr\u00e8s avoir reflu\u00e9 de pr\u00e8s de 0,20% face \u00e0 un panier de devises de r\u00e9f\u00e9rence et \u00eatre tomb\u00e9 \u00e0 un creux de deux semaines contre le yen \u00e0 la suite d&rsquo;une enqu\u00eate montrant que l&#8217;emploi dans le secteur priv\u00e9 aux Etats-Unis s&rsquo;est contract\u00e9 le mois dernier.\n<\/p>\n<p>\n L&rsquo;euro recule d\u00e9sormais de 0,03%, \u00e0 1,1730 dollar, apr\u00e8s avoir grimp\u00e9 en s\u00e9ance \u00e0 un sommet d&rsquo;une semaine face au dollar.\n<\/p>\n<p>\n La livre sterling s&rsquo;\u00e9change \u00e0 1,3481 dollar (+0,28%) apr\u00e8s avoir atteint un pic d&rsquo;une semaine par rapport au dollar.\n<\/p>\n<p>\n TAUX\n<\/p>\n<p>\n Le rendement des bons du Tr\u00e9sor am\u00e9ricain \u00e0 dix ans se replie de 2,9 points de base (pb), \u00e0 4,12%, et celui \u00e0 deux ans, plus sensible aux anticipations sur les taux directeurs, s&rsquo;affiche \u00e0 3,56%, en repli de 4,3 pb, apr\u00e8s l&rsquo;enqu\u00eate ADP.\n<\/p>\n<p>\n Celui du Bund allemand \u00e0 dix ans a fini stable, \u00e0 2,71%, et celui \u00e0 deux ans est rest\u00e9 \u00e9galement pratiquement inchang\u00e9, \u00e0 2,01%.\n<\/p>\n<p>\n L&rsquo;\u00e9cart de rendement entre le Bund et l&rsquo;OAT fran\u00e7aise \u00e0 dix ans s&rsquo;est \u00e9tabli autour de 81 points de base alors que le Parlement est dans l&rsquo;attente de la nomination du gouvernement de S\u00e9bastien Lecornu et que le Rassemblement national a effectu\u00e9 son retour dans le bureau de l&rsquo;Assembl\u00e9e nationale avec deux vice-pr\u00e9sidences sur six.\n<\/p>\n<p>\n P\u00c9TROLE\n<\/p>\n<p>\n Le march\u00e9 p\u00e9trolier est en repli et a touch\u00e9 en s\u00e9ance son plus bas niveau depuis 17 semaines en raison des inqui\u00e9tudes \u00e9conomiques aux Etats-Unis et en Asie et d&rsquo;une possible hausse de la production de l&rsquo;Opep+.\n<\/p>\n<p>\n Le Brent reflue de 0,65% \u00e0 65,58 dollars le baril et le brut l\u00e9ger am\u00e9ricain (West Texas Intermediate, WTI) de 0,69% \u00e0 61,94 dollars.\n<\/p>\n<p>\n A SUIVRE JEUDI:\n<\/p>\n<p>\n (R\u00e9dig\u00e9 par Claude Chendjou, \u00e9dit\u00e9 par Augustin Turpin)<\/p>\n","protected":false},"excerpt":{"rendered":"Bourse Euronext dans le quartier d&rsquo;affaires de La D\u00e9fense \u00e0 Paris par Claude Chendjou Les Bourses europ\u00e9ennes ont&hellip;\n","protected":false},"author":2,"featured_media":432215,"comment_status":"","ping_status":"","sticky":false,"template":"","format":"standard","meta":{"footnotes":""},"categories":[1586],"tags":[400,11,398,408,405,1777,674,1011,27,403,402,399,404,12,25,401,406,407],"class_list":{"0":"post-432214","1":"post","2":"type-post","3":"status-publish","4":"format-standard","5":"has-post-thumbnail","7":"category-europe","8":"tag-action-cac-40","9":"tag-actualites","10":"tag-bourse-de-paris","11":"tag-boursorama","12":"tag-cotations","13":"tag-eu","14":"tag-europe","15":"tag-fr","16":"tag-france","17":"tag-indices-devises","18":"tag-investir","19":"tag-investissement","20":"tag-marche-boursier","21":"tag-news","22":"tag-republique-francaise","23":"tag-sicav","24":"tag-trackers","25":"tag-warrants"},"share_on_mastodon":{"url":"https:\/\/pubeurope.com\/@fr\/115301336223152158","error":""},"_links":{"self":[{"href":"https:\/\/www.europesays.com\/fr\/wp-json\/wp\/v2\/posts\/432214","targetHints":{"allow":["GET"]}}],"collection":[{"href":"https:\/\/www.europesays.com\/fr\/wp-json\/wp\/v2\/posts"}],"about":[{"href":"https:\/\/www.europesays.com\/fr\/wp-json\/wp\/v2\/types\/post"}],"author":[{"embeddable":true,"href":"https:\/\/www.europesays.com\/fr\/wp-json\/wp\/v2\/users\/2"}],"replies":[{"embeddable":true,"href":"https:\/\/www.europesays.com\/fr\/wp-json\/wp\/v2\/comments?post=432214"}],"version-history":[{"count":0,"href":"https:\/\/www.europesays.com\/fr\/wp-json\/wp\/v2\/posts\/432214\/revisions"}],"wp:featuredmedia":[{"embeddable":true,"href":"https:\/\/www.europesays.com\/fr\/wp-json\/wp\/v2\/media\/432215"}],"wp:attachment":[{"href":"https:\/\/www.europesays.com\/fr\/wp-json\/wp\/v2\/media?parent=432214"}],"wp:term":[{"taxonomy":"category","embeddable":true,"href":"https:\/\/www.europesays.com\/fr\/wp-json\/wp\/v2\/categories?post=432214"},{"taxonomy":"post_tag","embeddable":true,"href":"https:\/\/www.europesays.com\/fr\/wp-json\/wp\/v2\/tags?post=432214"}],"curies":[{"name":"wp","href":"https:\/\/api.w.org\/{rel}","templated":true}]}}