{"id":432226,"date":"2025-10-01T22:52:20","date_gmt":"2025-10-01T22:52:20","guid":{"rendered":"https:\/\/www.europesays.com\/fr\/432226\/"},"modified":"2025-10-01T22:52:20","modified_gmt":"2025-10-01T22:52:20","slug":"pekin-swiatek-balayee-par-navarro","status":"publish","type":"post","link":"https:\/\/www.europesays.com\/fr\/432226\/","title":{"rendered":"P\u00e9kin : Swiatek balay\u00e9e par Navarro"},"content":{"rendered":"<p class=\"date\">\n                                                            Faraj Benlahoucine, Media365, publi\u00e9 le mercredi 01 octobre 2025 \u00e0 17h46\n                                                    <\/p>\n<p>Contre toute attente, Iga Swiatek a subi la loi d&rsquo;Emma Navarro en 8es de finale du tournoi de P\u00e9kin o\u00f9 la Polonaise a essuy\u00e9 un s\u00e9v\u00e8re 6-0 en troisi\u00e8me manche.<\/p>\n<p>Fra\u00eechement sacr\u00e9e \u00e0 S\u00e9oul, o\u00f9 elle a engrang\u00e9 son troisi\u00e8me titre en moins de trois mois, Iga Swiatek s&rsquo;est fait surprendre contre toute attente en 8es de finale \u00e0 P\u00e9kin. L&rsquo;Am\u00e9ricaine Emma Navarro a bris\u00e9 le signe indien, s&rsquo;octroyant son premier succ\u00e8s contre la Polonaise. Au-del\u00e0 de cette prouesse, elle a inflig\u00e9 un cinglant 6-0 \u00e0 la n\u00b02 mondiale dans le troisi\u00e8me set pour s&rsquo;imposer 6-4, 4-6, 6-0 en 2h31. Durant cette ultime manche \u00e0 sens unique, Iga Swiatek s&rsquo;est litt\u00e9ralement effondr\u00e9e.<\/p>\n<p>Andreeva a mordu la poussi\u00e8re<\/p>\n<p>Jusque-l\u00e0 \u00e9quilibr\u00e9es, les statistiques ont largement tourn\u00e9 en faveur de l&rsquo;Am\u00e9ricaine qui a notamment asphyxi\u00e9 son adversaire en retour de service, y compris sur premi\u00e8res balles avec un taux de r\u00e9ussite sup\u00e9rieur \u00e0 la moyenne (57%). En quarts, Emma Navarro pourrait affronter sa compatriote, Jessica Pegula, oppos\u00e9e \u00e0 l&rsquo;Ukrainienne Marta Kostyuk. Cependant, le meilleur classement de l&rsquo;Am\u00e9ricaine \u00e0 la WTA ne repr\u00e9sente en rien un gage de r\u00e9ussite. Emma Navarro l&rsquo;a d\u00e9montr\u00e9e. Sonay Kartal \u00e9galement.<\/p>\n<p>Class\u00e9e 81e mondiale, la Britannique a domin\u00e9 la Russe Mirra Andreeva, n\u00b05 mondiale (7-5, 5-7, 6-2), pour se hisser elle aussi en quarts o\u00f9 elle jouera sa place dans le dernier carr\u00e9 face \u00e0 la Tch\u00e8que Linda Noskova. Cette derni\u00e8re s&rsquo;est d\u00e9barrass\u00e9e de la Russe Anastasia Potapova en deux sets (6-2, 6-4).<\/p>\n","protected":false},"excerpt":{"rendered":"Faraj Benlahoucine, Media365, publi\u00e9 le mercredi 01 octobre 2025 \u00e0 17h46 Contre toute attente, Iga Swiatek a subi&hellip;\n","protected":false},"author":2,"featured_media":432227,"comment_status":"","ping_status":"","sticky":false,"template":"","format":"standard","meta":{"footnotes":""},"categories":[1415],"tags":[1011,27,60,1467],"class_list":{"0":"post-432226","1":"post","2":"type-post","3":"status-publish","4":"format-standard","5":"has-post-thumbnail","7":"category-tennis","8":"tag-fr","9":"tag-france","10":"tag-sports","11":"tag-tennis"},"share_on_mastodon":{"url":"https:\/\/pubeurope.com\/@fr\/115301367345484423","error":""},"_links":{"self":[{"href":"https:\/\/www.europesays.com\/fr\/wp-json\/wp\/v2\/posts\/432226","targetHints":{"allow":["GET"]}}],"collection":[{"href":"https:\/\/www.europesays.com\/fr\/wp-json\/wp\/v2\/posts"}],"about":[{"href":"https:\/\/www.europesays.com\/fr\/wp-json\/wp\/v2\/types\/post"}],"author":[{"embeddable":true,"href":"https:\/\/www.europesays.com\/fr\/wp-json\/wp\/v2\/users\/2"}],"replies":[{"embeddable":true,"href":"https:\/\/www.europesays.com\/fr\/wp-json\/wp\/v2\/comments?post=432226"}],"version-history":[{"count":0,"href":"https:\/\/www.europesays.com\/fr\/wp-json\/wp\/v2\/posts\/432226\/revisions"}],"wp:featuredmedia":[{"embeddable":true,"href":"https:\/\/www.europesays.com\/fr\/wp-json\/wp\/v2\/media\/432227"}],"wp:attachment":[{"href":"https:\/\/www.europesays.com\/fr\/wp-json\/wp\/v2\/media?parent=432226"}],"wp:term":[{"taxonomy":"category","embeddable":true,"href":"https:\/\/www.europesays.com\/fr\/wp-json\/wp\/v2\/categories?post=432226"},{"taxonomy":"post_tag","embeddable":true,"href":"https:\/\/www.europesays.com\/fr\/wp-json\/wp\/v2\/tags?post=432226"}],"curies":[{"name":"wp","href":"https:\/\/api.w.org\/{rel}","templated":true}]}}