{"id":432228,"date":"2025-10-01T22:54:30","date_gmt":"2025-10-01T22:54:30","guid":{"rendered":"https:\/\/www.europesays.com\/fr\/432228\/"},"modified":"2025-10-01T22:54:30","modified_gmt":"2025-10-01T22:54:30","slug":"diffusion-grand-prix-de-la-motogp-de-malaisie-a-quelle-heure-et-sur-quelle-chaine-regarder-la-course-en-direct","status":"publish","type":"post","link":"https:\/\/www.europesays.com\/fr\/432228\/","title":{"rendered":"Diffusion Grand Prix de la MotoGP de Malaisie : \u00e0 quelle heure et sur quelle cha\u00eene regarder la course en direct ?"},"content":{"rendered":"<p class=\"paragraph text_align_left lp-f-body-02\">Ce dimanche, tous les regards seront tourn\u00e9s vers la Malaisie pour suivre la rivalit\u00e9 entre Jorge Martin et Pecco Bagnaia. \u00c0 l\u2019heure actuelle, Jorge Martin occupe la premi\u00e8re place du tableau (453 points), devant le champion en titre Francesco Bagnaia (436 points). L\u2019enjeu est fort pour le pilote espagnol, qui a l\u2019occasion de se rapprocher d\u2019un premier sacre mondial. De son c\u00f4t\u00e9, Marc Marquez monte sur la troisi\u00e8me marche du podium, avec onze points d\u2019avance sur Enea Bastianini. Les Fran\u00e7ais Fabio Quartararo et Johann Zarco, quant \u00e0 eux, sont respectivement treizi\u00e8me (93 points) et dix-septi\u00e8me (48 points). Cette semaine, les concurrents se retrouvent sur la piste de Sepang. Le trac\u00e9 s\u2019\u00e9tend sur 5, 54 kilom\u00e8tres, et comporte quinze virages. L\u2019encha\u00eenement des courbes rapides, des \u00e9pingles et des lignes droites offre de nombreuses possibilit\u00e9s de d\u00e9passement \u00e0 haute vitesse. Dans ces lignes, <a href=\"http:\/\/bit.ly\/3KoJDu8\" target=\"_blank\" rel=\"sponsored nofollow noopener\">on vous dit \u00e0 quelle heure et sur quelle cha\u00eene regarder le Grand Prix\u2122 de la MotoGP\u2122 de Malaisie<\/a>, en direct ce dimanche matin.<\/p>\n<p>Diffusion Grand Prix\u2122 de la MotoGP\u2122 de Malaisie en direct : sur quelle cha\u00eene regarder la course ?<\/p>\n<p class=\"paragraph text_align_left lp-f-body-02\"><b>Le Grand Prix\u2122 de la MotoGP\u2122 de Malaisie est diffus\u00e9 ce dimanche 3 novembre, <\/b><a href=\"http:\/\/bit.ly\/3KoJDu8\" target=\"_blank\" rel=\"sponsored nofollow noopener\"><b>en direct sur la cha\u00eene CANAL+<\/b><\/a><b>. Le d\u00e9part de la course sera donn\u00e9 \u00e0 8 heures, sur le Circuit International de Sepang.<\/b> Les experts vous donnent rendez-vous \u00e0 7 heures 16 pour l\u2019\u00e9mission \u00ab La grille Moto \u00bb consacr\u00e9e \u00e0 l\u2019actualit\u00e9 de la discipline. Les commentateurs prennent ensuite le relais pour vous plonger au c\u0153ur des paddocks et d\u00e9crypter les performances des pilotes sur la piste. \u00c0 l\u2019issue de la course, vous assistez au podium et au d\u00e9brief.<\/p>\n<p class=\"paragraph text_align_left lp-f-body-02\"><b>Suivez ici la MotoGP \u2122 <\/b><a href=\"http:\/\/bit.ly\/3KoJDu8\" rel=\"sponsored nofollow noopener\" target=\"_blank\"><b>toute l\u2019ann\u00e9e avec CANAL+<\/b><\/a><\/p>\n","protected":false},"excerpt":{"rendered":"Ce dimanche, tous les regards seront tourn\u00e9s vers la Malaisie pour suivre la rivalit\u00e9 entre Jorge Martin et&hellip;\n","protected":false},"author":2,"featured_media":432229,"comment_status":"","ping_status":"","sticky":false,"template":"","format":"standard","meta":{"footnotes":""},"categories":[1413],"tags":[1011,27,749,1457,1456,60,6718],"class_list":{"0":"post-432228","1":"post","2":"type-post","3":"status-publish","4":"format-standard","5":"has-post-thumbnail","7":"category-moto","8":"tag-fr","9":"tag-france","10":"tag-guide-shopping","11":"tag-moto","12":"tag-motocycle","13":"tag-sports","14":"tag-tv-streaming"},"share_on_mastodon":{"url":"https:\/\/pubeurope.com\/@fr\/115301375363354295","error":""},"_links":{"self":[{"href":"https:\/\/www.europesays.com\/fr\/wp-json\/wp\/v2\/posts\/432228","targetHints":{"allow":["GET"]}}],"collection":[{"href":"https:\/\/www.europesays.com\/fr\/wp-json\/wp\/v2\/posts"}],"about":[{"href":"https:\/\/www.europesays.com\/fr\/wp-json\/wp\/v2\/types\/post"}],"author":[{"embeddable":true,"href":"https:\/\/www.europesays.com\/fr\/wp-json\/wp\/v2\/users\/2"}],"replies":[{"embeddable":true,"href":"https:\/\/www.europesays.com\/fr\/wp-json\/wp\/v2\/comments?post=432228"}],"version-history":[{"count":0,"href":"https:\/\/www.europesays.com\/fr\/wp-json\/wp\/v2\/posts\/432228\/revisions"}],"wp:featuredmedia":[{"embeddable":true,"href":"https:\/\/www.europesays.com\/fr\/wp-json\/wp\/v2\/media\/432229"}],"wp:attachment":[{"href":"https:\/\/www.europesays.com\/fr\/wp-json\/wp\/v2\/media?parent=432228"}],"wp:term":[{"taxonomy":"category","embeddable":true,"href":"https:\/\/www.europesays.com\/fr\/wp-json\/wp\/v2\/categories?post=432228"},{"taxonomy":"post_tag","embeddable":true,"href":"https:\/\/www.europesays.com\/fr\/wp-json\/wp\/v2\/tags?post=432228"}],"curies":[{"name":"wp","href":"https:\/\/api.w.org\/{rel}","templated":true}]}}