{"id":432230,"date":"2025-10-01T22:55:14","date_gmt":"2025-10-01T22:55:14","guid":{"rendered":"https:\/\/www.europesays.com\/fr\/432230\/"},"modified":"2025-10-01T22:55:14","modified_gmt":"2025-10-01T22:55:14","slug":"les-sainz-pere-et-fils-au-volant-du-ford-raptor-t1","status":"publish","type":"post","link":"https:\/\/www.europesays.com\/fr\/432230\/","title":{"rendered":"Les Sainz, p\u00e8re et fils, au volant du Ford Raptor T1+"},"content":{"rendered":"<p style=\"text-align: justify;\"><strong>Les Sainz, p\u00e8re et fils, ont offert un moment rare et pr\u00e9cieux, loin des projecteurs mais riche en \u00e9motions. Deux g\u00e9n\u00e9rations d\u2019une dynastie du sport automobile se sont retrouv\u00e9es, non pas sur un podium, mais dans les dunes espagnoles.<\/strong><\/p>\n<p style=\"text-align: justify;\">Carlos Sainz Sr, l\u00e9gende absolue du rallye mondial, double champion WRC et quadruple vainqueur du Dakar, \u00e9tait au volant du Ford Raptor T1+, la machine avec laquelle il pr\u00e9pare le prochain Rallye du Maroc puis le Dakar 2026. \u00c0 ses c\u00f4t\u00e9s, un passager inhabituel : son fils, <a href=\"https:\/\/franceracing.fr\/driver\/carlos-sainz-jr\" target=\"_blank\" rel=\"noopener\">Carlos Sainz Jr<\/a>, pilote star de chez Williams.<\/p>\n<p>Les Sainz \u00e0 bord du Ford Raptor T1+<\/p>\n<p style=\"text-align: justify;\" data-start=\"580\" data-end=\"1015\">La sc\u00e8ne s\u2019est d\u00e9roul\u00e9e \u00e0 Saragosse, lors des ultimes essais de l\u2019\u00e9quipe Ford. Install\u00e9 \u00e0 la place habituellement occup\u00e9e par Lucas Cruz, copilote de confiance, Carlos Jr a d\u00e9couvert avec stupeur les capacit\u00e9s d\u2019un v\u00e9hicule taill\u00e9 pour les pistes les plus impitoyables. La vid\u00e9o qui immortalise l\u2019instant montre un fils partag\u00e9 entre fascination et frayeur, tandis que son p\u00e8re, imperturbable, dompte le sable avec son brio habituel.<\/p>\n<p style=\"text-align: justify;\" data-start=\"1017\" data-end=\"1334\">Mais l\u2019\u00e9change ne s\u2019est pas arr\u00eat\u00e9 l\u00e0. Piqu\u00e9 par la curiosit\u00e9, le pilote de F1 a pris le volant du Raptor, cette fois guid\u00e9 par les conseils de son p\u00e8re install\u00e9 \u00e0 droite. Un renversement de r\u00f4les aussi savoureux qu\u2019\u00e9mouvant, qui t\u00e9moigne de la complicit\u00e9 entre ces deux champions, chacun ma\u00eetre dans sa discipline.<\/p>\n<p style=\"text-align: justify;\" data-start=\"1336\" data-end=\"1711\">Au-del\u00e0 de l\u2019exercice technique, l\u2019\u00e9pisode raconte surtout une belle histoire de transmission. Loin des circuits et des millions de spectateurs, les Sainz ont partag\u00e9 un moment de pur plaisir, simple et authentique, o\u00f9 l\u2019adr\u00e9naline se m\u00eale aux rires. Preuve que, m\u00eame au sommet du sport automobile, il existe encore des instants o\u00f9 la passion prend le dessus sur la gloire.<\/p>\n<p style=\"text-align: center;\" data-start=\"1336\" data-end=\"1711\">\n","protected":false},"excerpt":{"rendered":"Les Sainz, p\u00e8re et fils, ont offert un moment rare et pr\u00e9cieux, loin des projecteurs mais riche en&hellip;\n","protected":false},"author":2,"featured_media":432231,"comment_status":"","ping_status":"","sticky":false,"template":"","format":"standard","meta":{"footnotes":""},"categories":[1412],"tags":[1451,1452,1453,1454,1455,1011,27,60],"class_list":{"0":"post-432230","1":"post","2":"type-post","3":"status-publish","4":"format-standard","5":"has-post-thumbnail","7":"category-f1","8":"tag-f1","9":"tag-formula-1","10":"tag-formula1","11":"tag-formule-1","12":"tag-formule1","13":"tag-fr","14":"tag-france","15":"tag-sports"},"share_on_mastodon":{"url":"https:\/\/pubeurope.com\/@fr\/115301379218712598","error":""},"_links":{"self":[{"href":"https:\/\/www.europesays.com\/fr\/wp-json\/wp\/v2\/posts\/432230","targetHints":{"allow":["GET"]}}],"collection":[{"href":"https:\/\/www.europesays.com\/fr\/wp-json\/wp\/v2\/posts"}],"about":[{"href":"https:\/\/www.europesays.com\/fr\/wp-json\/wp\/v2\/types\/post"}],"author":[{"embeddable":true,"href":"https:\/\/www.europesays.com\/fr\/wp-json\/wp\/v2\/users\/2"}],"replies":[{"embeddable":true,"href":"https:\/\/www.europesays.com\/fr\/wp-json\/wp\/v2\/comments?post=432230"}],"version-history":[{"count":0,"href":"https:\/\/www.europesays.com\/fr\/wp-json\/wp\/v2\/posts\/432230\/revisions"}],"wp:featuredmedia":[{"embeddable":true,"href":"https:\/\/www.europesays.com\/fr\/wp-json\/wp\/v2\/media\/432231"}],"wp:attachment":[{"href":"https:\/\/www.europesays.com\/fr\/wp-json\/wp\/v2\/media?parent=432230"}],"wp:term":[{"taxonomy":"category","embeddable":true,"href":"https:\/\/www.europesays.com\/fr\/wp-json\/wp\/v2\/categories?post=432230"},{"taxonomy":"post_tag","embeddable":true,"href":"https:\/\/www.europesays.com\/fr\/wp-json\/wp\/v2\/tags?post=432230"}],"curies":[{"name":"wp","href":"https:\/\/api.w.org\/{rel}","templated":true}]}}