{"id":432233,"date":"2025-10-01T22:57:11","date_gmt":"2025-10-01T22:57:11","guid":{"rendered":"https:\/\/www.europesays.com\/fr\/432233\/"},"modified":"2025-10-01T22:57:11","modified_gmt":"2025-10-01T22:57:11","slug":"jump-de-van-halen-joue-par-le-fc-barcelone-avant-le-match-contre-paris","status":"publish","type":"post","link":"https:\/\/www.europesays.com\/fr\/432233\/","title":{"rendered":"\u00ab\u00a0Jump\u00a0\u00bb de Van Halen jou\u00e9 par le FC Barcelone avant le match contre Paris"},"content":{"rendered":"<p>Est-ce du chambrage, une semaine apr\u00e8s le Clasico remport\u00e9 par l&rsquo;OM au V\u00e9lodrome, ou simplement de l&rsquo;admiration pour Van Halen ? Quelques minutes avant le choc de la 2e journ\u00e9e de Ligue des champions entre le FC Barcelone et le Paris Saint-Germain, ce mercredi soir au stade de Montju\u00efc, le club catalan a jou\u00e9 le titre \u00ab\u00a0Jump\u00a0\u00bb du groupe am\u00e9ricain.<\/p>\n<p>Un choix qui a bien fait rire les supporters marseillais sur les r\u00e9seaux sociaux puisqu&rsquo;il s&rsquo;agit de la musique d&rsquo;entr\u00e9e des Olympiens lors de leurs rencontres dans l&rsquo;enceinte du boulevard Michelet.<\/p>\n","protected":false},"excerpt":{"rendered":"Est-ce du chambrage, une semaine apr\u00e8s le Clasico remport\u00e9 par l&rsquo;OM au V\u00e9lodrome, ou simplement de l&rsquo;admiration pour&hellip;\n","protected":false},"author":2,"featured_media":432234,"comment_status":"","ping_status":"","sticky":false,"template":"","format":"standard","meta":{"footnotes":""},"categories":[1410],"tags":[17,4791,63,1011,27,56007,16026,56006,149,5912,60,22596],"class_list":{"0":"post-432233","1":"post","2":"type-post","3":"status-publish","4":"format-standard","5":"has-post-thumbnail","7":"category-football","8":"tag-17","9":"tag-barcelone","10":"tag-football","11":"tag-fr","12":"tag-france","13":"tag-halen","14":"tag-joue","15":"tag-jump","16":"tag-om","17":"tag-par","18":"tag-sports","19":"tag-van"},"share_on_mastodon":{"url":"https:\/\/pubeurope.com\/@fr\/115301387128597857","error":""},"_links":{"self":[{"href":"https:\/\/www.europesays.com\/fr\/wp-json\/wp\/v2\/posts\/432233","targetHints":{"allow":["GET"]}}],"collection":[{"href":"https:\/\/www.europesays.com\/fr\/wp-json\/wp\/v2\/posts"}],"about":[{"href":"https:\/\/www.europesays.com\/fr\/wp-json\/wp\/v2\/types\/post"}],"author":[{"embeddable":true,"href":"https:\/\/www.europesays.com\/fr\/wp-json\/wp\/v2\/users\/2"}],"replies":[{"embeddable":true,"href":"https:\/\/www.europesays.com\/fr\/wp-json\/wp\/v2\/comments?post=432233"}],"version-history":[{"count":0,"href":"https:\/\/www.europesays.com\/fr\/wp-json\/wp\/v2\/posts\/432233\/revisions"}],"wp:featuredmedia":[{"embeddable":true,"href":"https:\/\/www.europesays.com\/fr\/wp-json\/wp\/v2\/media\/432234"}],"wp:attachment":[{"href":"https:\/\/www.europesays.com\/fr\/wp-json\/wp\/v2\/media?parent=432233"}],"wp:term":[{"taxonomy":"category","embeddable":true,"href":"https:\/\/www.europesays.com\/fr\/wp-json\/wp\/v2\/categories?post=432233"},{"taxonomy":"post_tag","embeddable":true,"href":"https:\/\/www.europesays.com\/fr\/wp-json\/wp\/v2\/tags?post=432233"}],"curies":[{"name":"wp","href":"https:\/\/api.w.org\/{rel}","templated":true}]}}