{"id":432237,"date":"2025-10-01T22:59:17","date_gmt":"2025-10-01T22:59:17","guid":{"rendered":"https:\/\/www.europesays.com\/fr\/432237\/"},"modified":"2025-10-01T22:59:17","modified_gmt":"2025-10-01T22:59:17","slug":"amiens-met-a-lhonneur-la-carriere-prolifique-dalbert-maignan-peintre-de-la-belle-epoque","status":"publish","type":"post","link":"https:\/\/www.europesays.com\/fr\/432237\/","title":{"rendered":"Amiens met \u00e0 l\u2019honneur la carri\u00e8re prolifique d\u2019Albert Maignan, peintre de la Belle \u00e9poque"},"content":{"rendered":"<p><strong>CRITIQUE &#8211;<\/strong> Le Mus\u00e9e de Picardie consacre une r\u00e9trospective d\u2019ampleur \u00e0 ce d\u00e9corateur de plusieurs \u00e9difices parisiens, tel le magnifique restaurant Le Train bleu, gare de Lyon.<\/p>\n<p class=\"fig-paragraph\">Fameux pour ses grands formats du XIXe\u00a0si\u00e8cle,\u00a0<a href=\"https:\/\/www.lefigaro.fr\/arts-expositions\/a-amiens-la-renaissance-du-premier-musee-moderne-20200228\" data-fig-type=\"Article\" data-gtm-custom-categorie=\"navigation\" data-gtm-custom-action=\"crossclick\" data-gtm-custom-label=\"Contextuel\" data-gtm-event=\"customEventSPE\" data-fig-domain=\"LEFIGARO\" rel=\"nofollow noopener\" target=\"_blank\">le mus\u00e9e d\u2019Amiens<\/a>\u00a0conserve notamment Les Voix du Tocsin, all\u00e9gorie monumentale (pr\u00e8s de 5\u00a0\u00d7<strong>\u00a0<\/strong>5\u00a0m\u00a0!) du sentiment national. On y voit, dans la fum\u00e9e de Strasbourg bombard\u00e9e par les Prussiens en 1870, un peuple de hardis g\u00e9nies faisant battre \u00e0 toute vol\u00e9e la plus \u00e9norme des cloches de la cath\u00e9drale martyre. Ces personnages tout en musculature et tourbillonnant conservent la le\u00e7on de Michel-Ange. Leur auteur, Albert Maignan (1845-1908), est \u00e9galement celui de nombre de peintures et de d\u00e9cors caract\u00e9ristiques du style dominant\u00a0<a href=\"https:\/\/www.lefigaro.fr\/livres\/les-francais-de-la-belle-epoque-d-antoine-prost-pas-si-belle-que-ca-20191211\" target=\"_blank\" data-fig-type=\"Article\" rel=\"noopener nofollow\" data-gtm-custom-categorie=\"navigation\" data-gtm-custom-action=\"crossclick\" data-gtm-custom-label=\"Contextuel\" data-gtm-event=\"customEventSPE\" data-fig-domain=\"LEFIGARO\">\u00e0 la Belle \u00c9poque<\/a>. Un vrai stakhanoviste que ce multir\u00e9compens\u00e9, m\u00e9daille d\u2019or \u00e0 l\u2019Exposition universelle de 1889 (celle du centenaire de la R\u00e9volution et pour laquelle la tour Eiffel a \u00e9t\u00e9 construite).<\/p>\n<p class=\"fig-paragraph\">L\u2019institution picarde, qui conserve le fonds d\u2019atelier de Maignan ainsi que sa riche collection arch\u00e9ologique et m\u00e9di\u00e9vale lui consacre cette saison une r\u00e9trospective d\u2019ampleur, toute \u00e0 sa mesure. Elle court dans des espaces rouges du salon, jaune ou rose du premier, mais aussi au rez-de-chauss\u00e9e ainsi qu\u2019au sous-sol. Toutes les facettes de cette carri\u00e8re prolifique, qui est all\u00e9e de succ\u00e8s en succ\u00e8s, sont donc \u00e9voqu\u00e9es. Soit 395 \u0153uvres pr\u00e9sent\u00e9es (les travaux pr\u00e9alables comme les peintures d\u00e9finitives). Parmi elles, 270 sortent des r\u00e9serves, ce qui signifie qu\u2019on d\u00e9couvre beaucoup.<\/p>\n<p>                                    <a class=\"fig-a11y-skip a11y-hidden\" href=\"#fig-a11y-skip-main-inarticle\"><br \/>\n        Passer la publicit\u00e9<br \/>\n    <\/a><\/p>\n<p class=\"fig-paragraph\">Ayant pratiqu\u00e9 fort efficacement les circuits officiels de la commande publique, Maignan a laiss\u00e9 un peu partout ses couleurs pimpantes. \u00c0 Paris, le restaurant\u00a0<a href=\"https:\/\/www.lefigaro.fr\/gastronomie\/le-train-bleu-une-cuisine-francaise-de-grande-tradition-20230113\" target=\"_blank\" data-fig-type=\"Article\" rel=\"noopener nofollow\" data-gtm-custom-categorie=\"navigation\" data-gtm-custom-action=\"crossclick\" data-gtm-custom-label=\"Contextuel\" data-gtm-event=\"customEventSPE\" data-fig-domain=\"LEFIGARO\">Le Train bleu de la gare de Lyon<\/a>\u00a0lui doit l\u2019all\u00e9gorie de La Bourgogne et du vin au plafond. Et, sur un mur, la vue du th\u00e9\u00e2tre d\u2019Orange avec, dans les gradins, parmi le public, lui-m\u00eame, son \u00e9pouse et aussi\u00a0<a href=\"https:\/\/www.lefigaro.fr\/arts-expositions\/au-petit-palais-les-mille-visages-de-sarah-bernhardt-la-comedienne-qui-fut-aussi-sculptrice-et-peintre-20230412\" data-fig-type=\"Article\" data-gtm-custom-categorie=\"navigation\" data-gtm-custom-action=\"crossclick\" data-gtm-custom-label=\"Contextuel\" data-gtm-event=\"customEventSPE\" data-fig-domain=\"LEFIGARO\" rel=\"nofollow noopener\" target=\"_blank\">Sarah Bernhardt<\/a>, R\u00e9jane, Edmond Rostand\u2026<\/p>\n<p>Le meilleur de sa peinture d\u2019histoire<\/p>\n<p class=\"fig-paragraph\">Au foyer de l\u2019Op\u00e9ra-Comique il a m\u00eal\u00e9 \u00e9galement divers personnages d\u2019op\u00e9rettes sur le mur du fond, tandis que des figures volantes, all\u00e9gorie de la \u00ab\u00a0ronde de notes\u00a0\u00bb, peuplent le plafond\u00a0: un ciel ouvert rappelant la grande tradition baroque. Dans la capitale, Maignan a encore con\u00e7u des tapisseries pour le tribunal de commerce et d\u2019autres pour le S\u00e9nat, \u0153uvr\u00e9 pour le Salon des Lettres de l\u2019H\u00f4tel de ville ou dessin\u00e9 des vitraux pour Notre-Dame-de-Consolation (8e). Comme ce monument a \u00e9t\u00e9 \u00e9rig\u00e9 sur les cendres du Bazar de la Charit\u00e9 en m\u00e9moire des victimes de ce drame, Maignan y a figur\u00e9 les \u00e2mes des victimes rejoignant le paradis. Simultan\u00e9ment, \u00e0 Saint-Philippe-du-Roule, il alignait les saints.<\/p>\n<p class=\"fig-body-link\">\n            \u00c0 lire aussi<br \/>\n        <a class=\"fig-body-link__link fig-premium-mark\" href=\"http:\/\/www.lefigaro.fr\/arts-expositions\/van-gogh-gauguin-riviere-le-paris-canaille-de-la-belle-epoque-a-redecouvrir-a-evian-20250820\" target=\"_blank\" data-fig-type=\"Article\" rel=\"noopener nofollow\" data-gtm-custom-categorie=\"navigation\" data-gtm-custom-action=\"crossclick\" data-gtm-custom-label=\"Contextuel\" data-gtm-event=\"customEventSPE\" data-fig-domain=\"LEFIGARO\">Van Gogh, Gauguin, Rivi\u00e8re&#8230; Le \u00abParis canaille\u00bb de la Belle \u00c9poque \u00e0 red\u00e9couvrir \u00e0 \u00c9vian<br \/>\n    <\/a>\n<\/p>\n<p class=\"fig-paragraph\">Pierre St\u00e9panoff, directeur du mus\u00e9e et commissaire avec la sp\u00e9cialiste V\u00e9ronique Alemany a \u00e9galement tenu \u00e0 accrocher le meilleur de sa peinture d\u2019histoire. Son D\u00e9part de la flotte normande pour la conqu\u00eate de l\u2019Angleterre est d\u2019une \u00e9rudition impeccable et vaut la peine qu\u2019on s\u2019y attarde m\u00eame si l\u2019effet g\u00e9n\u00e9ral est celui du p\u00e9plum. Son Napol\u00e9on et Marie Louise traversant la grande galerie du Louvre le jour de leur mariage le 2\u00a0avril 1810 ou son Saint Louis consolant un L\u00e9preux ont le charme des films en costumes de\u00a0<a href=\"https:\/\/www.lefigaro.fr\/vox\/culture\/sacha-guitry-le-temps-beni-de-l-esprit-francais-20230827\" target=\"_blank\" data-fig-type=\"Article\" rel=\"noopener nofollow\" data-gtm-custom-categorie=\"navigation\" data-gtm-custom-action=\"crossclick\" data-gtm-custom-label=\"Contextuel\" data-gtm-event=\"customEventSPE\" data-fig-domain=\"LEFIGARO\">Sacha Guitry<\/a>.<\/p>\n<p class=\"fig-paragraph\">Derri\u00e8re ce chantre des grandes heures ayant fait la France, sous ce peintre qualifi\u00e9 p\u00e9jorativement de pompier, se discerne aussi, de mani\u00e8re sous-jacente, un sage m\u00e9ditant sur l\u2019inconstance du pouvoir ou sur ces exercices difficiles que sont la justice et la compassion (voir son Hommage \u00e0 Clovis II, portrait d\u2019un enfant avachi sur un tr\u00f4ne trop grand pour lui). Maignan ne se prive pas de morale. Peintes en 1895, La Muse verte pr\u00e9vient des ravages de l\u2019absinthe et La Fortune passe, qui a pour d\u00e9cor le palais Brongniard, ancien si\u00e8ge de la Bourse, d\u00e9nonce la sp\u00e9culation financi\u00e8re.<\/p>\n<p>Modernit\u00e9 et autod\u00e9rision<\/p>\n<p class=\"fig-paragraph\">Il y a plus encore\u00a0: de Maignan on voit diff\u00e9rents projets de publications, des affiches et jusqu\u2019\u00e0 d\u2019autres cartons pour des projets non aboutis. Ainsi, son cycle pr\u00e9vu pour la cath\u00e9drale d\u2019Orl\u00e9ans. Il conte la vie de Jeanne d\u2019Arc. En ce qui concerne les portraits il laisse quelques \u00e9l\u00e9gantes dans leur pergola fleurie ou observant des mouettes sur la Riviera. Ici, le peintre flirte avec le langage impressionniste. Son H\u00e9l\u00e8ne \u00e0 la Fontaine et discutant avec un paon (collection particuli\u00e8re) est franchement belle. Alternent encore paysans, ouvriers au labeur ou industriels, personnages des d\u00e9cors de la chambre de commerce de Saint-\u00c9tienne.<\/p>\n<p class=\"fig-body-link\">\n            \u00c0 lire aussi<br \/>\n        <a class=\"fig-body-link__link fig-premium-mark\" href=\"http:\/\/www.lefigaro.fr\/f-art-de-vivre\/george-condo-incontrolable-artiste-une-retrospective-a-nulle-autre-pareille-au-musee-d-art-moderne-de-paris-20250927\" target=\"_blank\" data-fig-type=\"Article\" rel=\"noopener nofollow\" data-gtm-custom-categorie=\"navigation\" data-gtm-custom-action=\"crossclick\" data-gtm-custom-label=\"Contextuel\" data-gtm-event=\"customEventSPE\" data-fig-domain=\"LEFIGARO\">George Condo, incontr\u00f4lable artiste\u00a0: une r\u00e9trospective \u00e0 nulle autre pareille au Mus\u00e9e d\u2019art moderne de Paris<br \/>\n    <\/a>\n<\/p>\n<p>                                    <a class=\"fig-a11y-skip a11y-hidden\" href=\"#fig-a11y-skip-main-inarticle_mtf\"><br \/>\n        Passer la publicit\u00e9<br \/>\n    <\/a><\/p>\n<p class=\"fig-paragraph\">Les paysages suivent, croquis ou pochades rapidement bross\u00e9es durant les voyages dans les r\u00e9gions de France ou d\u2019Italie. Ils se trouvent accroch\u00e9s \u00e0 touche-touche avec succ\u00e8s. Leur masse impressionne et s\u00e9duit. Maignan a aussi comme cela capt\u00e9 l\u2019Andalousie, la Hollande ou encore le tout nouveau canal de Suez. Bien s\u00fbr, on le trouve r\u00e9guli\u00e8rement copiant les ma\u00eetres, celui de la chapelle Sixtine en t\u00eate. C\u2019est bien la base pour un acad\u00e9mique. Comme de multiplier les \u00e9tudes de nus.<\/p>\n<p class=\"fig-paragraph\">Plus originales sont ses natures mortes, \u00e9tudes de fleurs ou de fonds marins avec algues, an\u00e9mones, rougets et m\u00e9duses. En somme cet art quoique d\u00e9suet ne manque pas d\u2019int\u00e9r\u00eat. Il contient une certaine dose de modernit\u00e9 et n\u2019est pas exempt, malgr\u00e9 son emphase, d\u2019autod\u00e9rision. Maignan se qualifiait d\u2019ailleurs de \u00ab\u00a0vieux jeu original\u00a0\u00bb. Il s\u2019\u00e9tait bien cern\u00e9.<\/p>\n<p class=\"fig-paragraph\">Jusqu\u2019au 4\u00a0janvier au Mus\u00e9e de Picardie \u00e0 Amiens (80). Puis au Mus\u00e9e de Tess\u00e9, Le\u00a0Mans, du 11\u00a0avril au 27\u00a0septembre 2026. Catalogue Invenit, 400\u00a0p., 39\u00a0\u20ac.<\/p>\n","protected":false},"excerpt":{"rendered":"CRITIQUE &#8211; Le Mus\u00e9e de Picardie consacre une r\u00e9trospective d\u2019ampleur \u00e0 ce d\u00e9corateur de plusieurs \u00e9difices parisiens, tel&hellip;\n","protected":false},"author":2,"featured_media":432238,"comment_status":"","ping_status":"","sticky":false,"template":"","format":"standard","meta":{"footnotes":""},"categories":[1358],"tags":[24738,1348,1384,1385,1386,58,59,1011,27,54112,1585],"class_list":{"0":"post-432237","1":"post","2":"type-post","3":"status-publish","4":"format-standard","5":"has-post-thumbnail","7":"category-arts-et-design","8":"tag-amiens","9":"tag-arts","10":"tag-arts-and-design","11":"tag-arts-et-design","12":"tag-design","13":"tag-divertissement","14":"tag-entertainment","15":"tag-fr","16":"tag-france","17":"tag-la-belle-epoque","18":"tag-peinture"},"share_on_mastodon":{"url":"https:\/\/pubeurope.com\/@fr\/115301394960553266","error":""},"_links":{"self":[{"href":"https:\/\/www.europesays.com\/fr\/wp-json\/wp\/v2\/posts\/432237","targetHints":{"allow":["GET"]}}],"collection":[{"href":"https:\/\/www.europesays.com\/fr\/wp-json\/wp\/v2\/posts"}],"about":[{"href":"https:\/\/www.europesays.com\/fr\/wp-json\/wp\/v2\/types\/post"}],"author":[{"embeddable":true,"href":"https:\/\/www.europesays.com\/fr\/wp-json\/wp\/v2\/users\/2"}],"replies":[{"embeddable":true,"href":"https:\/\/www.europesays.com\/fr\/wp-json\/wp\/v2\/comments?post=432237"}],"version-history":[{"count":0,"href":"https:\/\/www.europesays.com\/fr\/wp-json\/wp\/v2\/posts\/432237\/revisions"}],"wp:featuredmedia":[{"embeddable":true,"href":"https:\/\/www.europesays.com\/fr\/wp-json\/wp\/v2\/media\/432238"}],"wp:attachment":[{"href":"https:\/\/www.europesays.com\/fr\/wp-json\/wp\/v2\/media?parent=432237"}],"wp:term":[{"taxonomy":"category","embeddable":true,"href":"https:\/\/www.europesays.com\/fr\/wp-json\/wp\/v2\/categories?post=432237"},{"taxonomy":"post_tag","embeddable":true,"href":"https:\/\/www.europesays.com\/fr\/wp-json\/wp\/v2\/tags?post=432237"}],"curies":[{"name":"wp","href":"https:\/\/api.w.org\/{rel}","templated":true}]}}