{"id":432239,"date":"2025-10-01T23:00:14","date_gmt":"2025-10-01T23:00:14","guid":{"rendered":"https:\/\/www.europesays.com\/fr\/432239\/"},"modified":"2025-10-01T23:00:14","modified_gmt":"2025-10-01T23:00:14","slug":"une-drole-damitie-sur-le-chemin-du-retour-liberation","status":"publish","type":"post","link":"https:\/\/www.europesays.com\/fr\/432239\/","title":{"rendered":"une dr\u00f4le d\u2019amiti\u00e9 sur le chemin du retour \u2013 Lib\u00e9ration"},"content":{"rendered":"<p class=\"sc-cPiKLX AiZTS text-element\">Il y a le temps de l\u2019\u00e9cole, le temps de la maison, et tout l\u2019entre-deux. Ce moment \u00e0 part, sur le chemin du retour, o\u00f9 peuvent na\u00eetre mille histoires. C\u2019est dans cette bulle que Cl\u00e9o et L\u00e9o, d\u00e9j\u00e0 familiers des lecteurs du Journal de Mickey, se retrouvent chaque jour, dans un savoureux m\u00e9lange de vannes et de candeur. L\u00e9o gamberge. Pourquoi on dit doigts de pied et pas orteils de la main ? Tu as d\u00e9j\u00e0 essay\u00e9 de marcher en avan\u00e7ant la jambe gauche et le pied gauche en m\u00eame temps ? Sans faire des pieds leur obsession, les deux enfants d\u00e9couvrent \u00e9galement que les adultes jugent acceptable de se vernir les ongles des mains, pas les autres. Va comprendre. <\/p>\n<p class=\"sc-cPiKLX AiZTS text-element\">Cl\u00e9o, petite fille de son temps, s\u2019insurge qu\u2019on ne fasse pas de bonnes femmes de neige et que les femmes raquent plus que les hommes chez le coiffeur. Et se demande pourquoi, sur les bulletins de notes, le ma\u00eetre met \u00abpeut mieux faire\u00bb et jamais \u00abpeut moins bien faire\u00bb. Ensemble, les deux meilleurs amis d\u00e9frichent ainsi le sens de la vie, entre deux glaces achet\u00e9es \u00e0 Olga, descendante de glaciers sur six g\u00e9n\u00e9rations qu\u2019ils soup\u00e7onnent d\u2019\u00eatre une espionne hyperdangereuse recherch\u00e9e par toutes les polices du monde, car sinon pourquoi vendrait-elle des sorbets en hiver ? (on est tout de m\u00eame en droit de leur demander pourquoi eux en ach\u00e8tent, bonnet sur le cr\u00e2ne et \u00e9charpe autour du cou) <\/p>\n<p class=\"sc-cPiKLX AiZTS text-element\">Surtout, L\u00e9o et Cl\u00e9o se charrient. Beaucoup. Dans cette BD o\u00f9 chaque planche est un gag, L\u00e9o se moque des pi\u00e8tres talents de ch <\/p>\n","protected":false},"excerpt":{"rendered":"Il y a le temps de l\u2019\u00e9cole, le temps de la maison, et tout l\u2019entre-deux. Ce moment \u00e0&hellip;\n","protected":false},"author":2,"featured_media":432240,"comment_status":"","ping_status":"","sticky":false,"template":"","format":"standard","meta":{"footnotes":""},"categories":[1357],"tags":[1379,10488,58,59,1011,27,1380,51780],"class_list":{"0":"post-432239","1":"post","2":"type-post","3":"status-publish","4":"format-standard","5":"has-post-thumbnail","7":"category-livres","8":"tag-books","9":"tag-cahier-livres","10":"tag-divertissement","11":"tag-entertainment","12":"tag-fr","13":"tag-france","14":"tag-livres","15":"tag-pages-jeunes"},"share_on_mastodon":{"url":"https:\/\/pubeurope.com\/@fr\/115301398901127343","error":""},"_links":{"self":[{"href":"https:\/\/www.europesays.com\/fr\/wp-json\/wp\/v2\/posts\/432239","targetHints":{"allow":["GET"]}}],"collection":[{"href":"https:\/\/www.europesays.com\/fr\/wp-json\/wp\/v2\/posts"}],"about":[{"href":"https:\/\/www.europesays.com\/fr\/wp-json\/wp\/v2\/types\/post"}],"author":[{"embeddable":true,"href":"https:\/\/www.europesays.com\/fr\/wp-json\/wp\/v2\/users\/2"}],"replies":[{"embeddable":true,"href":"https:\/\/www.europesays.com\/fr\/wp-json\/wp\/v2\/comments?post=432239"}],"version-history":[{"count":0,"href":"https:\/\/www.europesays.com\/fr\/wp-json\/wp\/v2\/posts\/432239\/revisions"}],"wp:featuredmedia":[{"embeddable":true,"href":"https:\/\/www.europesays.com\/fr\/wp-json\/wp\/v2\/media\/432240"}],"wp:attachment":[{"href":"https:\/\/www.europesays.com\/fr\/wp-json\/wp\/v2\/media?parent=432239"}],"wp:term":[{"taxonomy":"category","embeddable":true,"href":"https:\/\/www.europesays.com\/fr\/wp-json\/wp\/v2\/categories?post=432239"},{"taxonomy":"post_tag","embeddable":true,"href":"https:\/\/www.europesays.com\/fr\/wp-json\/wp\/v2\/tags?post=432239"}],"curies":[{"name":"wp","href":"https:\/\/api.w.org\/{rel}","templated":true}]}}