{"id":43224,"date":"2025-04-22T05:47:11","date_gmt":"2025-04-22T05:47:11","guid":{"rendered":"https:\/\/www.europesays.com\/fr\/43224\/"},"modified":"2025-04-22T05:47:11","modified_gmt":"2025-04-22T05:47:11","slug":"dans-cette-ville-pres-de-nantes-les-moutons-jouent-le-role-de-tondeuse-dans-des-espaces-verts","status":"publish","type":"post","link":"https:\/\/www.europesays.com\/fr\/43224\/","title":{"rendered":"Dans cette ville pr\u00e8s de Nantes, les moutons jouent le r\u00f4le de tondeuse dans des espaces verts"},"content":{"rendered":"<p>            Par<br \/>\n        <strong><br \/>\n            <a href=\"https:\/\/actu.fr\/auteur\/journaliste-sm\" title=\"Consulter tous les articles de R\u00e9daction Clisson\" target=\"_blank\" rel=\"noopener\">R\u00e9daction Clisson<\/a><br \/>\n        <\/strong><\/p>\n<p>        Publi\u00e9 le<\/p>\n<p>            22 avr. 2025 \u00e0 7h16        <\/p>\n<p>Annonc\u00e9 par Fabrice Cuchot, le maire de <a href=\"https:\/\/actu.fr\/pays-de-la-loire\/haute-goulaine_44071\" target=\"_blank\" rel=\"noopener\"><b>Haute-Goulaine<\/b><\/a>, lors des v\u0153ux \u00e0 la population, en d\u00e9but d\u2019ann\u00e9e, ce projet est <b>l\u2019une des 10 mesures phares de l\u2019engagement de la municipalit\u00e9 envers la transition \u00e9cologique<\/b>.\u00a0<\/p>\n<blockquote class=\"ac-article-quote wall-content\">\n<p>L\u2019\u00e9co-p\u00e2turage nous est apparu comme la solution pour entretenir \u00e9cologiquement et durablement nos espaces publics, tout en se reconnectant \u00e0 la nature. Cette m\u00e9thode authentique et \u00e9co-responsable, alternative efficace aux machines thermiques et \u00e0 l\u2019utilisation de produits chimiques, permet de tondre, faucher et d\u00e9broussailler tout en respectant l\u2019environnement et en pr\u00e9servant la biodiversit\u00e9 locale. Simple, \u00e9ducatif et vertueux, l\u2019\u00e9co-p\u00e2turage s\u2019inscrit dans la d\u00e9marche de gestion diff\u00e9renci\u00e9e, initi\u00e9e il y a plusieurs ann\u00e9es, et adapt\u00e9e \u00e0 chaque zone verte de la commune.<\/p>\n<p>Suzanne Desforges, premi\u00e8re adjointe en charge de l\u2019environnement.<\/p><\/blockquote>\n<p>\u00ab Ne pas les nourrir \u00bb<\/p>\n<p class=\" wall-content\">Au-del\u00e0 de l\u2019entretien des espaces,<b> l\u2019\u00e9co-p\u00e2turage met \u00e9galement en lumi\u00e8re un m\u00e9tier ancestral : celui de berger<\/b>. En r\u00e9int\u00e9grant ces pratiques mill\u00e9naires dans la vie quotidienne, la commune ne se contente pas de pr\u00e9server la nature, <b>elle valorise aussi un savoir-faire traditionnel,<\/b> tout en renfor\u00e7ant le lien humain avec le vivant.<\/p>\n<blockquote class=\"ac-article-quote wall-content\">\n<p>Nous avons d\u00e9cid\u00e9 de travailler avec une entreprise locale, Les Moutons de l\u2019Ouest, bas\u00e9e \u00e0 Monni\u00e8res. Son approche didactique et f\u00e9d\u00e9ratrice nous a totalement convaincus.<\/p>\n<p>Jean-Louis Mah\u00e9, conseiller municipal d\u00e9l\u00e9gu\u00e9 \u00e0 la coordination de l\u2019action municipale et initiateur du projet.<\/p><\/blockquote>\n<p>Vid\u00e9os : en ce moment sur Actu<\/p>\n<p class=\" wall-content\">Ainsi, <b>un panneau p\u00e9dagogique a \u00e9t\u00e9 install\u00e9 sur site <\/b>pour expliquer aux familles le fonctionnement de l\u2019\u00e9co-p\u00e2turage. Les moutons attendent les Goulainais pour une visite permettant aux plus jeunes de comprendre l\u2019importance de d\u00e9velopper toujours plus la pr\u00e9servation de notre environnement. Conseill\u00e8re municipale d\u00e9l\u00e9gu\u00e9e \u00e0 la renaturation des parcs et jardins, Fanny Ferrand donne cette recommandation :<\/p>\n<blockquote class=\"ac-article-quote wall-content\">\n<p>Il peut \u00eatre tentant de nourrir les moutons, mais il faut s\u2019abstenir. Ils ont en effet tout ce qu\u2019il faut pour manger sain et \u00e9quilibr\u00e9. Seules des pommes en faible quantit\u00e9 peuvent leur \u00eatre donn\u00e9es.<\/p>\n<\/blockquote>\n<p class=\" wall-content\">Suivez toute l\u2019actualit\u00e9 de vos villes et m\u00e9dias favoris en vous inscrivant \u00e0 <a href=\"https:\/\/moncompte.actu.fr\" title=\"D\u00e9couvez Mon Actu\" rel=\"nofollow noopener\" data-trk=\"{&quot;cta&quot;:{&quot;action&quot;:&quot;https:\\\/\\\/moncompte.actu.fr&quot;,&quot;category&quot;:&quot;mon compte&quot;,&quot;from&quot;:&quot;article footer&quot;,&quot;name&quot;:&quot;Mon actu&quot;,&quot;type&quot;:&quot;cta&quot;}}\" target=\"_blank\">Mon Actu<\/a>.<\/p>\n","protected":false},"excerpt":{"rendered":"Par R\u00e9daction Clisson Publi\u00e9 le 22 avr. 2025 \u00e0 7h16 Annonc\u00e9 par Fabrice Cuchot, le maire de Haute-Goulaine,&hellip;\n","protected":false},"author":2,"featured_media":43225,"comment_status":"","ping_status":"","sticky":false,"template":"","format":"standard","meta":{"footnotes":""},"categories":[2818],"tags":[1111,11,1867,436,1777,674,1011,27,766,12,2636,25,104,2900],"class_list":{"0":"post-43224","1":"post","2":"type-post","3":"status-publish","4":"format-standard","5":"has-post-thumbnail","7":"category-nantes","8":"tag-actu","9":"tag-actualites","10":"tag-animaux","11":"tag-environnement","12":"tag-eu","13":"tag-europe","14":"tag-fr","15":"tag-france","16":"tag-nantes","17":"tag-news","18":"tag-pays-de-la-loire","19":"tag-republique-francaise","20":"tag-societe","21":"tag-vignoble-nantais"},"share_on_mastodon":{"url":"https:\/\/pubeurope.com\/@fr\/114380042656882942","error":""},"_links":{"self":[{"href":"https:\/\/www.europesays.com\/fr\/wp-json\/wp\/v2\/posts\/43224","targetHints":{"allow":["GET"]}}],"collection":[{"href":"https:\/\/www.europesays.com\/fr\/wp-json\/wp\/v2\/posts"}],"about":[{"href":"https:\/\/www.europesays.com\/fr\/wp-json\/wp\/v2\/types\/post"}],"author":[{"embeddable":true,"href":"https:\/\/www.europesays.com\/fr\/wp-json\/wp\/v2\/users\/2"}],"replies":[{"embeddable":true,"href":"https:\/\/www.europesays.com\/fr\/wp-json\/wp\/v2\/comments?post=43224"}],"version-history":[{"count":0,"href":"https:\/\/www.europesays.com\/fr\/wp-json\/wp\/v2\/posts\/43224\/revisions"}],"wp:featuredmedia":[{"embeddable":true,"href":"https:\/\/www.europesays.com\/fr\/wp-json\/wp\/v2\/media\/43225"}],"wp:attachment":[{"href":"https:\/\/www.europesays.com\/fr\/wp-json\/wp\/v2\/media?parent=43224"}],"wp:term":[{"taxonomy":"category","embeddable":true,"href":"https:\/\/www.europesays.com\/fr\/wp-json\/wp\/v2\/categories?post=43224"},{"taxonomy":"post_tag","embeddable":true,"href":"https:\/\/www.europesays.com\/fr\/wp-json\/wp\/v2\/tags?post=43224"}],"curies":[{"name":"wp","href":"https:\/\/api.w.org\/{rel}","templated":true}]}}