{"id":432241,"date":"2025-10-01T23:01:18","date_gmt":"2025-10-01T23:01:18","guid":{"rendered":"https:\/\/www.europesays.com\/fr\/432241\/"},"modified":"2025-10-01T23:01:18","modified_gmt":"2025-10-01T23:01:18","slug":"des-propos-de-plus-en-plus-laurent-fontaine-lache-un-commentaire-tendancieux-sur-cette-celebre-actrice","status":"publish","type":"post","link":"https:\/\/www.europesays.com\/fr\/432241\/","title":{"rendered":"\u201cDes propos de plus en plus\u2026\u201d : Laurent Fontaine l\u00e2che un commentaire tendancieux sur cette c\u00e9l\u00e8bre actrice"},"content":{"rendered":"<p>Ces derniers jours, les chroniqueurs de Tout beau tout<br \/>\nn9uf commentent les apparitions t\u00e9l\u00e9vis\u00e9es et propos de Marine<br \/>\nFo\u00efs, avec qui ils sont en total d\u00e9saccord. Ce 1er<br \/>\noctobre, cependant, un discours de l\u2019actrice sur sa vision de la<br \/>\n\u00ab\u00a0femme forte\u00a0\u00bb a \u00e9t\u00e9 plut\u00f4t bien accueillie en<br \/>\nplateau.<\/p>\n<p>Mais Laurent Fontaine a l\u00e2ch\u00e9 un petit commentaire tendancieux,<br \/>\nlaissant penser qu\u2019il ne porte pas la com\u00e9dienne dans son c\u0153ur.<\/p>\n<p>Marine Fo\u00efs\u00a0: ses propos comment\u00e9s dans TBT9<\/p>\n<p><strong>\u00a0<\/strong>Ce mercredi 1er octobre,<br \/>\n<a href=\"https:\/\/www.closermag.fr\/people\/que-dalle-laurent-fontaine-depite-il-en-dit-plus-sur-le-montant-de-sa-retraite-3413860\" rel=\"nofollow noopener\" target=\"_blank\"><br \/>\nLaurent Fontaine<\/a> animait TBT9, pour remplacer <a href=\"https:\/\/www.closermag.fr\/people\/impossible-de-passer-a-lacte-sans-cyril-hanouna-geraldine-maillet-se-lache-3583832\" rel=\"nofollow noopener\" target=\"_blank\"><br \/>\nCyril Hanouna<\/a>. L\u2019animateur a alors repris les codes du<br \/>\ntalk-show et comment\u00e9 l\u2019actualit\u00e9 people. Il a notamment \u00e9voqu\u00e9 le<br \/>\nd\u00e9fil\u00e9 Louis Vuitton, o\u00f9 un panel de stars \u00e9tait pr\u00e9sent. Lors de<br \/>\nl\u2019\u00e9v\u00e9nement, <a href=\"https:\/\/www.telestar.fr\/actu_tv\/sale-gauchiste-marina-fois-na-pas-peur-des-mots-face-a-audrey-crespo-mara-1738885\" rel=\"nofollow noopener\" target=\"_blank\"><br \/>\nMarina Fo\u00efs<\/a> a \u00e9t\u00e9 interrog\u00e9e par le m\u00e9dia Lou Media.<br \/>\n\u00ab\u00a0Marina Fo\u00efs a \u00e9galement exprim\u00e9 sur ce qu&rsquo;\u00e9tait cette<br \/>\nd\u00e9finition d&rsquo;une femme forte\u00a0\u00bb\u00a0a lanc\u00e9 le chroniqueur,<br \/>\navant de diffuser l\u2019interview de l\u2019actrice.<\/p>\n<p>\u00ab\u00a0En fait je vais vous dire la v\u00e9rit\u00e9, &lsquo;femme forte&rsquo;<br \/>\n<strong>\u00e7a me saoule<\/strong> en fait. \u00catre une femme c&rsquo;est encore<br \/>\ncompliqu\u00e9 aujourd&rsquo;hui, <strong>il n&rsquo;y a pas de femme qui ne soit<br \/>\npas forte<\/strong>. Mener une vie de femme du d\u00e9but \u00e0 la fin en<br \/>\nayant des enfants etc, plus un travail, plus une vie amoureuse,<br \/>\nplus machin, oui <strong>on est toutes fortes<\/strong> et puis<br \/>\nquoi. Et alors, quand on dit \u00e7a on m\u00e9prise celles qui sont faibles<br \/>\nou qui ont des moments de faiblesse ? Non, je ne suis pas d&rsquo;accord.<br \/>\nFemme, point\u00a0\u00bb\u00a0a-t-elle l\u00e2ch\u00e9. Des propos applaudis en<br \/>\nplateau.<\/p>\n<blockquote class=\"twitter-tweet\"><p><a class=\"twitter-link\" rel=\"noindex, nofollow noopener\" href=\"https:\/\/twitter.com\/TBT9_W9\/status\/1973445349340750181\" target=\"_blank\"><\/p><\/blockquote>\n<p>Laurent Fontaine pas vraiment fan de<br \/>\nMarine Fo\u00efs<\/p>\n<p>Laurent Fontaine, qui a manifestement un avis bien tranch\u00e9 sur<br \/>\nl&rsquo;actrice, a alors lanc\u00e9 : \u00ab\u00a0\u00c7a c&rsquo;est dit. <strong>Elle a des<br \/>\npropos de plus en plus s\u00fbre elle, Marina<\/strong>, sur plein de<br \/>\nsujets, c&rsquo;est tr\u00e8s bien, \u00e7a la regarde\u00a0\u00bb. Les chroniqueurs ont<br \/>\nensuite comment\u00e9 \u00e0 leur tour le discours de l\u2019actrice, avec qui ils<br \/>\n\u00e9taient pour la plupart d\u2019accord.<\/p>\n<p>R\u00e9cemment, les propos de Marina Fo\u00efs sur le manque d\u2019empathie<br \/>\nface au sort des <strong>migrants<\/strong> en France n\u2019ont pas \u00e9t\u00e9<br \/>\nre\u00e7us de la m\u00eame fa\u00e7on dans <a href=\"https:\/\/www.closermag.fr\/people\/ils-changent-de-genre-derapage-transphobe-en-direct-sur-tbt9-les-propos-lunaires-de-matthieu-delormeau-3583565\" rel=\"nofollow noopener\" target=\"_blank\"><br \/>\nTBT9<\/a>. Les chroniqueurs avaient d\u00e9nonc\u00e9 des<br \/>\n\u00ab\u00a0<strong>le\u00e7ons<\/strong>\u00a0\u00bb jug\u00e9es moralisatrices. <a href=\"https:\/\/www.closermag.fr\/people\/pas-beaucoup-la-fortune-dangele-devoilee-la-reaction-hors-sol-de-matthieu-delormeau-3582758\" rel=\"nofollow noopener\" target=\"_blank\"><br \/>\nMatthieu Delormeau<\/a> avait notamment lanc\u00e9 :\u00a0 \u00ab\u00a0je ne<br \/>\npense pas qu&rsquo;elle partage son appartement de 150 m\u00b2 avec un<br \/>\nSyrien\u00a0\u00bb.<\/p>\n<p><script async src=\"https:\/\/platform.twitter.com\/widgets.js\" charset=\"utf-8\"><\/script><\/p>\n","protected":false},"excerpt":{"rendered":"Ces derniers jours, les chroniqueurs de Tout beau tout n9uf commentent les apparitions t\u00e9l\u00e9vis\u00e9es et propos de Marine&hellip;\n","protected":false},"author":2,"featured_media":432242,"comment_status":"","ping_status":"","sticky":false,"template":"","format":"standard","meta":{"footnotes":""},"categories":[1356],"tags":[58,59,1011,27,252,1364],"class_list":{"0":"post-432241","1":"post","2":"type-post","3":"status-publish","4":"format-standard","5":"has-post-thumbnail","7":"category-television","8":"tag-divertissement","9":"tag-entertainment","10":"tag-fr","11":"tag-france","12":"tag-television","13":"tag-tv"},"share_on_mastodon":{"url":"https:\/\/pubeurope.com\/@fr\/115301402879116732","error":""},"_links":{"self":[{"href":"https:\/\/www.europesays.com\/fr\/wp-json\/wp\/v2\/posts\/432241","targetHints":{"allow":["GET"]}}],"collection":[{"href":"https:\/\/www.europesays.com\/fr\/wp-json\/wp\/v2\/posts"}],"about":[{"href":"https:\/\/www.europesays.com\/fr\/wp-json\/wp\/v2\/types\/post"}],"author":[{"embeddable":true,"href":"https:\/\/www.europesays.com\/fr\/wp-json\/wp\/v2\/users\/2"}],"replies":[{"embeddable":true,"href":"https:\/\/www.europesays.com\/fr\/wp-json\/wp\/v2\/comments?post=432241"}],"version-history":[{"count":0,"href":"https:\/\/www.europesays.com\/fr\/wp-json\/wp\/v2\/posts\/432241\/revisions"}],"wp:featuredmedia":[{"embeddable":true,"href":"https:\/\/www.europesays.com\/fr\/wp-json\/wp\/v2\/media\/432242"}],"wp:attachment":[{"href":"https:\/\/www.europesays.com\/fr\/wp-json\/wp\/v2\/media?parent=432241"}],"wp:term":[{"taxonomy":"category","embeddable":true,"href":"https:\/\/www.europesays.com\/fr\/wp-json\/wp\/v2\/categories?post=432241"},{"taxonomy":"post_tag","embeddable":true,"href":"https:\/\/www.europesays.com\/fr\/wp-json\/wp\/v2\/tags?post=432241"}],"curies":[{"name":"wp","href":"https:\/\/api.w.org\/{rel}","templated":true}]}}