{"id":432243,"date":"2025-10-01T23:02:10","date_gmt":"2025-10-01T23:02:10","guid":{"rendered":"https:\/\/www.europesays.com\/fr\/432243\/"},"modified":"2025-10-01T23:02:10","modified_gmt":"2025-10-01T23:02:10","slug":"kid-cudi-met-entre-parenthese-sa-carriere-musicale","status":"publish","type":"post","link":"https:\/\/www.europesays.com\/fr\/432243\/","title":{"rendered":"Kid Cudi met entre parenth\u00e8se sa carri\u00e8re musicale"},"content":{"rendered":"<p class=\"mb-4 text-lg md:leading-8 break-words\">Un dernier single, qui sonne comme une lettre d&rsquo;adieu. Apr\u00e8s avoir sorti dimanche le <a data-i13n=\"cpos:1;pos:1\" href=\"https:\/\/x.com\/KiDCuDi\/status\/1972496936436740310?ref_src=twsrc%5Etfw%7Ctwcamp%5Etweetembed%7Ctwterm%5E1972496936436740310%7Ctwgr%5E9511e85c2fc770f240b948048d0173be54ade7f0%7Ctwcon%5Es1_&amp;ref_url=https%3A%2F%2Fwww.lefigaro.fr%2Fmusique%2Fkid-cudi-met-sa-carriere-musicale-sur-pause-et-prepare-un-documentaire-20250930\" rel=\"nofollow noopener\" target=\"_blank\" data-ylk=\"slk:titre in\u00e9dit Once sur SoundCloud;cpos:1;pos:1;elm:context_link;itc:0;sec:content-canvas\" class=\"link \">titre in\u00e9dit Once sur SoundCloud<\/a>, le rappeur am\u00e9ricain de 41 ans a annonc\u00e9 mardi qu&rsquo;il mettait sa carri\u00e8re musicale sur pause. Il a qualifi\u00e9 cette derni\u00e8re d'\u00a0\u00bbassez longue\u00a0\u00bb.<\/p>\n<p class=\"mb-4 text-lg md:leading-8 break-words\">Le rappeur pr\u00e9f\u00e8re notamment se focaliser sur le cin\u00e9ma. \u00ab\u00a0Je viens de terminer le premier jour de tournage de mon documentaire. J\u2019ai termin\u00e9 deux s\u00e9quences aujourd\u2019hui. Je suis combl\u00e9\u00a0\u00bb, a-t-il confi\u00e9.<\/p>\n<p class=\"mb-4 text-lg md:leading-8 break-words\">D\u00e9but septembre, Kid Cudi avait \u00e9galement r\u00e9alis\u00e9 et jou\u00e9 dans son court-m\u00e9trage, Mr. Miracle, aux c\u00f4t\u00e9s de l\u2019acteur am\u00e9ricain LaKeith Stanfield. \u00ab\u00a0Je vais certainement r\u00e9aliser d\u2019autres courts m\u00e9trages \u00e0 l\u2019avenir, avait-il indiqu\u00e9 \u00e0 <a data-i13n=\"cpos:2;pos:1\" href=\"https:\/\/www.billboard.com\/music\/rb-hip-hop\/kid-cudi-music-hiatus-new-song-once-1236077937\/\" rel=\"nofollow noopener\" target=\"_blank\" data-ylk=\"slk:Billboard;cpos:2;pos:1;elm:context_link;itc:0;sec:content-canvas\" class=\"link \">Billboard<\/a>. Je viens de terminer l\u2019\u00e9criture du suivant. (&#8230;) J\u2019esp\u00e8re que le tournage aura lieu le mois prochain.\u00a0\u00bb<\/p>\n<p class=\"mb-4 text-lg md:leading-8 break-words\"><a data-i13n=\"cpos:3;pos:1\" href=\"https:\/\/www.bfmtv.com\/people\/musique\/je-dois-me-retirer-kid-cudi-met-entre-parenthese-sa-carriere-musicale_AN-202510010964.html#xtor=AL-68\" rel=\"nofollow noopener\" target=\"_blank\" data-ylk=\"slk:Article original publi\u00e9 sur BFMTV.com;cpos:3;pos:1;elm:context_link;itc:0;sec:content-canvas\" class=\"link \">Article original publi\u00e9 sur BFMTV.com<\/a><\/p>\n","protected":false},"excerpt":{"rendered":"Un dernier single, qui sonne comme une lettre d&rsquo;adieu. Apr\u00e8s avoir sorti dimanche le titre in\u00e9dit Once sur&hellip;\n","protected":false},"author":2,"featured_media":432244,"comment_status":"","ping_status":"","sticky":false,"template":"","format":"standard","meta":{"footnotes":""},"categories":[1355],"tags":[56009,58,59,1011,27,34272,56008,1361,873,22714],"class_list":{"0":"post-432243","1":"post","2":"type-post","3":"status-publish","4":"format-standard","5":"has-post-thumbnail","7":"category-musique","8":"tag-billboard","9":"tag-divertissement","10":"tag-entertainment","11":"tag-fr","12":"tag-france","13":"tag-kid-cudi","14":"tag-lakeith-stanfield","15":"tag-music","16":"tag-musique","17":"tag-rappeur-americain"},"share_on_mastodon":{"url":"https:\/\/pubeurope.com\/@fr\/115301406801864599","error":""},"_links":{"self":[{"href":"https:\/\/www.europesays.com\/fr\/wp-json\/wp\/v2\/posts\/432243","targetHints":{"allow":["GET"]}}],"collection":[{"href":"https:\/\/www.europesays.com\/fr\/wp-json\/wp\/v2\/posts"}],"about":[{"href":"https:\/\/www.europesays.com\/fr\/wp-json\/wp\/v2\/types\/post"}],"author":[{"embeddable":true,"href":"https:\/\/www.europesays.com\/fr\/wp-json\/wp\/v2\/users\/2"}],"replies":[{"embeddable":true,"href":"https:\/\/www.europesays.com\/fr\/wp-json\/wp\/v2\/comments?post=432243"}],"version-history":[{"count":0,"href":"https:\/\/www.europesays.com\/fr\/wp-json\/wp\/v2\/posts\/432243\/revisions"}],"wp:featuredmedia":[{"embeddable":true,"href":"https:\/\/www.europesays.com\/fr\/wp-json\/wp\/v2\/media\/432244"}],"wp:attachment":[{"href":"https:\/\/www.europesays.com\/fr\/wp-json\/wp\/v2\/media?parent=432243"}],"wp:term":[{"taxonomy":"category","embeddable":true,"href":"https:\/\/www.europesays.com\/fr\/wp-json\/wp\/v2\/categories?post=432243"},{"taxonomy":"post_tag","embeddable":true,"href":"https:\/\/www.europesays.com\/fr\/wp-json\/wp\/v2\/tags?post=432243"}],"curies":[{"name":"wp","href":"https:\/\/api.w.org\/{rel}","templated":true}]}}