{"id":432255,"date":"2025-10-01T23:08:13","date_gmt":"2025-10-01T23:08:13","guid":{"rendered":"https:\/\/www.europesays.com\/fr\/432255\/"},"modified":"2025-10-01T23:08:13","modified_gmt":"2025-10-01T23:08:13","slug":"abattement-pour-les-retraites-emplois-a-domicile-pacte-dutreil-le-rapporteur-du-budget-suggere-de-raboter-plusieurs-niches-fiscales","status":"publish","type":"post","link":"https:\/\/www.europesays.com\/fr\/432255\/","title":{"rendered":"Abattement pour les retrait\u00e9s, emplois \u00e0 domicile, pacte Dutreil&#8230; Le rapporteur du budget sugg\u00e8re de raboter plusieurs niches fiscales"},"content":{"rendered":"\n<p class=\"c-chapo \">\n  Le d\u00e9put\u00e9 Charles de\u00a0Courson a pr\u00e9sent\u00e9 \u00e0 la commission des finances de l&rsquo;Assembl\u00e9e nationale plusieurs pistes d&rsquo;\u00e9conomies en vue du budget 2026.\n<\/p>\n<p>      lire plus tard<\/p>\n<p id=\"dialog__title\" class=\"dialog__title\">Pour sauvegarder cet article, connectez-vous ou cr\u00e9ez un compte franceinfo<\/p>\n<p class=\"dialog__description\">Sans paiement. Sans abonnement.<\/p>\n<p>        Fermer la fen\u00eatre d\u2019activation des notifications France Info<\/p>\n<p>      cr\u00e9er votre compte<\/p>\n<p>      se connecter<\/p>\n<p>        Fermer la fen\u00eatre de pr\u00e9sentation<\/p>\n<p>    <img loading=\"lazy\" decoding=\"async\" class=\"signature__image lazyload\" width=\"100\" height=\"100\" data- alt=\"\" src=\"https:\/\/www.europesays.com\/fr\/wp-content\/uploads\/2025\/06\/64a55fd777de4_placeholder-36b69ec8.png\"\/><\/p>\n<p>    Publi\u00e9 le 01\/10\/2025 19:02<\/p>\n<p>        Temps de lecture : 2min<\/p>\n<p>    <img decoding=\"async\"  alt=\"Le d\u00e9put\u00e9 Liot et rapporteur g\u00e9n\u00e9ral du budget \u00e0 l'Assembl\u00e9e, Charles de Courson, le 5 f\u00e9vrier 2025 \u00e0 la tribune de l'h\u00e9micycle du Palais-Bourbon, \u00e0 Paris. (MAGALI COHEN \/ HANS LUCAS \/ AFP)\" width=\"432\" height=\"243\" src=\"https:\/\/www.europesays.com\/fr\/wp-content\/uploads\/2025\/10\/080-hl-mcohen-2655590-68dd0c4ce4f04349920213.jpg\" fetchpriority=\"high\"\/><\/p>\n<p>      Le d\u00e9put\u00e9 Liot et rapporteur g\u00e9n\u00e9ral du budget \u00e0 l&rsquo;Assembl\u00e9e, Charles de Courson, le 5 f\u00e9vrier 2025 \u00e0 la tribune de l&rsquo;h\u00e9micycle du Palais-Bourbon, \u00e0 Paris. (MAGALI COHEN \/ HANS LUCAS \/ AFP)<\/p>\n<p>Le minist\u00e8re de l&rsquo;Economie va-t-il \u00eatre sensible aux pistes d&rsquo;\u00e9conomies propos\u00e9es par le rapporteur g\u00e9n\u00e9ral du budget, dont le mandat se termine mercredi\u00a0? A l&rsquo;approche du prochain projet de loi de finances (PLF), et alors que le pr\u00e9c\u00e9dent gouvernement de Fran\u00e7ois Bayrou <a href=\"https:\/\/www.franceinfo.fr\/economie\/budget\/annee-blanche-tva-sociale-niches-fiscales-quelles-sont-les-pistes-du-gouvernement-pour-economiser-40-milliards-d-euros-dans-le-budget-2026_7350822.html\" rel=\"nofollow noopener\" target=\"_blank\">voulait mettre fin \u00e0 certaines niches fiscales<\/a> pour faire des \u00e9conomies, le d\u00e9put\u00e9 centriste de la Marne, Charles de\u00a0Courson (Liot), a propos\u00e9 d&rsquo;en raboter certaines lors de la pr\u00e9sentation \u00e0 la commission des finances de l&rsquo;Assembl\u00e9e nationale de son rapport sur l&rsquo;application des mesures fiscales.<\/p>\n<p>Ce document de 157\u00a0pages, pr\u00e9sent\u00e9 mardi 30\u00a0septembre et consult\u00e9 par franceinfo, s&rsquo;int\u00e9resse notamment \u00e0 plusieurs exemptions accord\u00e9es \u00e0 certains contribuables, et qui b\u00e9n\u00e9ficient principalement aux plus ais\u00e9s. Le cr\u00e9dit d&rsquo;imp\u00f4t pour l&#8217;emploi d&rsquo;un salari\u00e9 \u00e0 domicile, qui permet aux contribuables de b\u00e9n\u00e9ficier d&rsquo;une r\u00e9duction d&rsquo;imp\u00f4t \u00e9gale \u00e0 50% des d\u00e9penses annuelles d\u00e9di\u00e9es, est notamment jug\u00e9 trop on\u00e9reux. Son co\u00fbt est estim\u00e9 \u00e0 6,9\u00a0milliards\u00a0d&rsquo;euros en 2025, soit une part importante de l&rsquo;ensemble des 474\u00a0niches fiscales <a href=\"https:\/\/www2.assemblee-nationale.fr\/static\/17\/Annexes-DL\/PLF-2025\/Voies_et_moyens_Tome_2_2025.pdf\" target=\"_blank\" rel=\"noopener nofollow\">estim\u00e9es \u00e0 85\u00a0milliards cette ann\u00e9e<\/a>. Charles de\u00a0Courson recommande de plafonner cette aide \u00e0 2\u00a0000\u00a0euros par an et par foyer (contre 12\u00a0000\u00a0euros actuellement) et d&rsquo;exclure certaines activit\u00e9s du dispositif.<\/p>\n<p>Le d\u00e9put\u00e9 centriste propose aussi de raboter l&rsquo;abattement fiscal de 10% dont b\u00e9n\u00e9ficient les retrait\u00e9s. Alors que le co\u00fbt de cette niche fiscale a \u00e9t\u00e9 estim\u00e9 \u00e0 pr\u00e8s de 5\u00a0milliards\u00a0d&rsquo;euros par <a href=\"https:\/\/www.ccomptes.fr\/sites\/default\/files\/2024-04\/NEB-2023-Depenses-fiscales.pdf\" target=\"_blank\" rel=\"noopener nofollow\">la Cour des comptes<\/a>, Charles de\u00a0Courson propose de modifier cet \u00ab\u00a0abattement qui b\u00e9n\u00e9ficie avant tout aux m\u00e9nages les plus ais\u00e9s\u00a0\u00bb. Il sugg\u00e8re\u00a0d&rsquo;abaisser le plafond entre 2\u00a0000\u00a0euros (pour un retrait\u00e9) et 4\u00a0000\u00a0euros (pour un couple de retrait\u00e9s), <a href=\"https:\/\/www.franceinfo.fr\/economie\/retraite\/impots-des-retraites-ce-que-changerait-le-passage-d-un-abattement-fiscal-de-10-a-un-plafond-de-2-000-euros-par-an_7380397.html\" rel=\"nofollow noopener\" target=\"_blank\">une id\u00e9e d\u00e9j\u00e0 propos\u00e9e par Fran\u00e7ois Bayrou<\/a> et qui avait \u00e9t\u00e9 critiqu\u00e9e.<\/p>\n<p>Deux niches fiscales moins connues sont aussi \u00e9pingl\u00e9es par le rapporteur du budget. Charles de\u00a0Courson propose de mieux encadrer le pacte Dutreil, qui exon\u00e8re en grande partie de droits de succession les transmissions d&rsquo;entreprises. \u00ab\u00a0Le pacte Dutreil, dont le co\u00fbt est m\u00e9connu, a connu un important d\u00e9veloppement tandis que son efficacit\u00e9 demeure insuffisamment \u00e9valu\u00e9e\u00a0\u00bb, estime le d\u00e9put\u00e9. Il propose enfin de mieux encadrer l&rsquo;apport-cession, qui permet de reporter l&rsquo;imposition des plus-values sur certaines transactions.<\/p>\n","protected":false},"excerpt":{"rendered":"Le d\u00e9put\u00e9 Charles de\u00a0Courson a pr\u00e9sent\u00e9 \u00e0 la commission des finances de l&rsquo;Assembl\u00e9e nationale plusieurs pistes d&rsquo;\u00e9conomies en&hellip;\n","protected":false},"author":2,"featured_media":432256,"comment_status":"","ping_status":"","sticky":false,"template":"","format":"standard","meta":{"footnotes":""},"categories":[6],"tags":[35,33,34,1011,27],"class_list":{"0":"post-432255","1":"post","2":"type-post","3":"status-publish","4":"format-standard","5":"has-post-thumbnail","7":"category-economie","8":"tag-business","9":"tag-economie","10":"tag-economy","11":"tag-fr","12":"tag-france"},"share_on_mastodon":{"url":"https:\/\/pubeurope.com\/@fr\/115301430598281755","error":""},"_links":{"self":[{"href":"https:\/\/www.europesays.com\/fr\/wp-json\/wp\/v2\/posts\/432255","targetHints":{"allow":["GET"]}}],"collection":[{"href":"https:\/\/www.europesays.com\/fr\/wp-json\/wp\/v2\/posts"}],"about":[{"href":"https:\/\/www.europesays.com\/fr\/wp-json\/wp\/v2\/types\/post"}],"author":[{"embeddable":true,"href":"https:\/\/www.europesays.com\/fr\/wp-json\/wp\/v2\/users\/2"}],"replies":[{"embeddable":true,"href":"https:\/\/www.europesays.com\/fr\/wp-json\/wp\/v2\/comments?post=432255"}],"version-history":[{"count":0,"href":"https:\/\/www.europesays.com\/fr\/wp-json\/wp\/v2\/posts\/432255\/revisions"}],"wp:featuredmedia":[{"embeddable":true,"href":"https:\/\/www.europesays.com\/fr\/wp-json\/wp\/v2\/media\/432256"}],"wp:attachment":[{"href":"https:\/\/www.europesays.com\/fr\/wp-json\/wp\/v2\/media?parent=432255"}],"wp:term":[{"taxonomy":"category","embeddable":true,"href":"https:\/\/www.europesays.com\/fr\/wp-json\/wp\/v2\/categories?post=432255"},{"taxonomy":"post_tag","embeddable":true,"href":"https:\/\/www.europesays.com\/fr\/wp-json\/wp\/v2\/tags?post=432255"}],"curies":[{"name":"wp","href":"https:\/\/api.w.org\/{rel}","templated":true}]}}