{"id":43226,"date":"2025-04-22T05:48:12","date_gmt":"2025-04-22T05:48:12","guid":{"rendered":"https:\/\/www.europesays.com\/fr\/43226\/"},"modified":"2025-04-22T05:48:12","modified_gmt":"2025-04-22T05:48:12","slug":"nantes-psg-en-direct-a-quelle-heure-et-sur-quelle-chaine-voir-le-match-en-direct","status":"publish","type":"post","link":"https:\/\/www.europesays.com\/fr\/43226\/","title":{"rendered":"Nantes \u2013 PSG en direct : \u00e0 quelle heure et sur quelle cha\u00eene voir le match en direct ?"},"content":{"rendered":"<p class=\"paragraph text_align_left\">Ce mardi, tous les regards seront tourn\u00e9s vers Nantes, pour l\u2019une des affiches \u00e9v\u00e9nements de la saison de Ligue 1 McDonald\u2019s. Initialement pr\u00e9vue le week-end du 12 et 13 mars, la rencontre entre les deux clubs a \u00e9t\u00e9 report\u00e9e, en raison du calendrier europ\u00e9en du PSG. \u00c0 l\u2019heure actuelle, les Canaris se maintiennent dans la deuxi\u00e8me partie du tableau, avec une diff\u00e9rence de buts n\u00e9gative. En face, le Paris Saint-Germain est d\u2019ores et d\u00e9j\u00e0 champion, car l\u2019\u00e9cart de points entre le PSG et les autres \u00e9quipes ne peut pas \u00eatre combl\u00e9 d\u2019ici la fin du championnat. Le PSG remporte le troph\u00e9e pour la quatri\u00e8me ann\u00e9e cons\u00e9cutive. En parall\u00e8le, les co\u00e9quipiers de Bradley Barcola ont obtenu une place en demi-finale de l\u2019UEFA Champions League, apr\u00e8s avoir \u00e9limin\u00e9 Aston Villa (4-5). Pour m\u00e9moire, la derni\u00e8re confrontation entre les Canaris et les Rouge et Bleu s\u2019est sold\u00e9e par un nul (1-1). Dans ces lignes, <a href=\"https:\/\/dazn.prf.hn\/click\/camref:1011lSfUI\/destination:https%3A%2F%2Fwww.dazn.com%2Ffr-FR%2F\" target=\"_blank\" rel=\"sponsored nofollow noopener\">on vous dit \u00e0 quelle heure et sur quelle cha\u00eene regarder le match FC Nantes \u2013 Paris Saint-Germain, en direct ce mardi soir.<\/a><\/p>\n<p>Diffusion Nantes \u2013 PSG en direct : sur quelle cha\u00eene regarder le match ?<\/p>\n<p class=\"paragraph text_align_left\"><b>Le match qui oppose le FC Nantes et le Paris SG est diffus\u00e9 ce mardi 22 avril, <\/b><a href=\"https:\/\/dazn.prf.hn\/click\/camref:1011lSfUI\/destination:https%3A%2F%2Fwww.dazn.com%2Ffr-FR%2F\" target=\"_blank\" rel=\"sponsored nofollow noopener\"><b>en direct sur la cha\u00eene DAZN 1<\/b><\/a><b>. La rencontre est pr\u00e9vue au stade de la Beaujoire, \u00e0 20 heures 45. <\/b>Les commentateurs prennent l\u2019antenne quelques minutes avant le d\u00e9but de la rencontre, pour faire le point sur les effectifs, les enjeux et les derni\u00e8res actualit\u00e9s des clubs en lice. Ils vous plongent ensuite au c\u0153ur des tribunes, d\u00e9cryptent les performances des joueurs, analysent les r\u00e9sultats et les temps forts de la soir\u00e9e.<\/p>\n<p class=\"paragraph text_align_left\"><b>Cliquez ici pour<\/b><a href=\"https:\/\/dazn.prf.hn\/click\/camref:1011lSfUI\/destination:https%3A%2F%2Fwww.dazn.com%2Ffr-FR%2F\" rel=\"sponsored nofollow noopener\" target=\"_blank\"><b> retrouver les offres DAZN<\/b><\/a><\/p>\n<p class=\"paragraph text_align_left\"><b>NOUVELLE OFFRE LIMIT\u00c9E : <\/b><a href=\"https:\/\/dazn.prf.hn\/click\/camref:1011lSfUI\/destination:https%3A%2F%2Fwww.dazn.com%2Ffr-FR%2F\" rel=\"sponsored nofollow noopener\" target=\"_blank\"><b> b\u00e9n\u00e9ficiez de la fin de saison de Ligue 1 pour 35 euros<\/b><\/a><b> !<\/b><\/p>\n<p class=\"paragraph text_align_left\"><b>En ce moment, deux offres sont disponibles sur les abonnements DAZN :<\/b><\/p>\n","protected":false},"excerpt":{"rendered":"Ce mardi, tous les regards seront tourn\u00e9s vers Nantes, pour l\u2019une des affiches \u00e9v\u00e9nements de la saison de&hellip;\n","protected":false},"author":2,"featured_media":43227,"comment_status":"","ping_status":"","sticky":false,"template":"","format":"standard","meta":{"footnotes":""},"categories":[2818],"tags":[1111,11,1777,674,1011,27,749,766,12,2636,25],"class_list":{"0":"post-43226","1":"post","2":"type-post","3":"status-publish","4":"format-standard","5":"has-post-thumbnail","7":"category-nantes","8":"tag-actu","9":"tag-actualites","10":"tag-eu","11":"tag-europe","12":"tag-fr","13":"tag-france","14":"tag-guide-shopping","15":"tag-nantes","16":"tag-news","17":"tag-pays-de-la-loire","18":"tag-republique-francaise"},"share_on_mastodon":{"url":"https:\/\/pubeurope.com\/@fr\/114380046577225815","error":""},"_links":{"self":[{"href":"https:\/\/www.europesays.com\/fr\/wp-json\/wp\/v2\/posts\/43226","targetHints":{"allow":["GET"]}}],"collection":[{"href":"https:\/\/www.europesays.com\/fr\/wp-json\/wp\/v2\/posts"}],"about":[{"href":"https:\/\/www.europesays.com\/fr\/wp-json\/wp\/v2\/types\/post"}],"author":[{"embeddable":true,"href":"https:\/\/www.europesays.com\/fr\/wp-json\/wp\/v2\/users\/2"}],"replies":[{"embeddable":true,"href":"https:\/\/www.europesays.com\/fr\/wp-json\/wp\/v2\/comments?post=43226"}],"version-history":[{"count":0,"href":"https:\/\/www.europesays.com\/fr\/wp-json\/wp\/v2\/posts\/43226\/revisions"}],"wp:featuredmedia":[{"embeddable":true,"href":"https:\/\/www.europesays.com\/fr\/wp-json\/wp\/v2\/media\/43227"}],"wp:attachment":[{"href":"https:\/\/www.europesays.com\/fr\/wp-json\/wp\/v2\/media?parent=43226"}],"wp:term":[{"taxonomy":"category","embeddable":true,"href":"https:\/\/www.europesays.com\/fr\/wp-json\/wp\/v2\/categories?post=43226"},{"taxonomy":"post_tag","embeddable":true,"href":"https:\/\/www.europesays.com\/fr\/wp-json\/wp\/v2\/tags?post=43226"}],"curies":[{"name":"wp","href":"https:\/\/api.w.org\/{rel}","templated":true}]}}