{"id":432267,"date":"2025-10-01T23:14:17","date_gmt":"2025-10-01T23:14:17","guid":{"rendered":"https:\/\/www.europesays.com\/fr\/432267\/"},"modified":"2025-10-01T23:14:17","modified_gmt":"2025-10-01T23:14:17","slug":"un-univers-fascinant-a-decouvrir","status":"publish","type":"post","link":"https:\/\/www.europesays.com\/fr\/432267\/","title":{"rendered":"Un univers fascinant \u00e0 d\u00e9couvrir"},"content":{"rendered":"<p><strong>Le 3 octobre \u00e0 18h, la Nuit de la Science ouvre les festivit\u00e9s #fetedelascience \u00e0 la MJC Nomade de Vand\u0153uvre-l\u00e8s-Nancy.<\/strong><\/p>\n<p><img loading=\"lazy\" decoding=\"async\" class=\"size-full wp-image-82208\" src=\"https:\/\/www.europesays.com\/fr\/wp-content\/uploads\/2025\/10\/nuit-de-la-science.jpg\" alt=\"Nuit de la science (photos universit\u00e9 de Lorraine)\" width=\"1200\" height=\"799\"  \/>Nuit de la science (photos universit\u00e9 de Lorraine)<\/p>\n<p>L\u2019Universit\u00e9 de Lorraine et les organismes de recherche du site lorrain invitent le public \u00e0 d\u00e9couvrir la science en images, en jeux, en manipulations et en \u00e9motions. Une cinquantaine d\u2019acteurs de la recherche partageront ce moment festif avec le plus grand nombre.<\/p>\n<p>Un \u00e9v\u00e9nement en ouverture de la F\u00eate de la Science<\/p>\n<p>La F\u00eate de la Science est une opportunit\u00e9 pour les citoyens de tout \u00e2ge de d\u00e9couvrir la science sous un jour nouveau, en images, en d\u00e9bats, en actions et en \u00e9motions. C\u2019est aussi un moyen de partager une culture scientifique commune et de d\u00e9velopper l\u2019esprit critique afin de permettre \u00e0 chacun de contribuer au d\u00e9bat public.<\/p>\n<p>Une diversit\u00e9 de chercheurs, une vari\u00e9t\u00e9 de formats<\/p>\n<p>L\u2019Universit\u00e9 de Lorraine fait appel aux scientifiques de la r\u00e9gion afin qu\u2019ils partagent leurs recherches avec le plus grand nombre. Intelligence artificielle, \u00e9cologie, g\u00e9ologie, arch\u00e9ologie, physique, langues\u2026 il y en a pour tous les go\u00fbts. Animations, escape game, jeux, spectacle\u2026 les formats propos\u00e9s sont vari\u00e9s et permettent \u00e0 chacun de d\u00e9couvrir en s\u2019amusant.<\/p>\n<p>Un \u00e9v\u00e9nement accessible<\/p>\n<p>La Nuit de la Science propose aux personnes sourdes et malentendantes d\u2019\u00eatre accompagn\u00e9es par des interpr\u00e8tes en langue des signes fran\u00e7aise au c\u0153ur de l\u2019\u00e9v\u00e9nement, sans contrainte, comme pourraient le faire des amis.<br \/>Les intervenants ont \u00e9t\u00e9 particuli\u00e8rement sensibilis\u00e9s au public familial attendu en soir\u00e9e, pour \u00eatre accessible d\u00e8s 10 ans.<\/p>\n<p style=\"text-align: center;\"><strong>Informations pratiques<\/strong><br \/>MJC Nomade, 8 rue de Norv\u00e8ge \u00e0 Vand\u0153uvre-l\u00e8s-Nancy<br \/>Entr\u00e9e libre et gratuite, ouvert \u00e0 tous, \u00e0 partir de 10 ans<br \/>14h-16h : public scolaire<br \/>17 h 30-18h : visite protocolaire<br \/>18h-22h : grand public<br \/><a class=\"bouton\" href=\"https:\/\/www.univ-lorraine.fr\/culture\/culturesci\/fetedelascience\/nuitdelascience\/\" target=\"_blank\" rel=\"noopener\">Programme complet\u00a0<\/a><\/p>\n","protected":false},"excerpt":{"rendered":"Le 3 octobre \u00e0 18h, la Nuit de la Science ouvre les festivit\u00e9s #fetedelascience \u00e0 la MJC Nomade&hellip;\n","protected":false},"author":2,"featured_media":432268,"comment_status":"","ping_status":"","sticky":false,"template":"","format":"standard","meta":{"footnotes":""},"categories":[9635],"tags":[1111,11,1777,674,1011,27,775,1702,12,56011,25,56012],"class_list":{"0":"post-432267","1":"post","2":"type-post","3":"status-publish","4":"format-standard","5":"has-post-thumbnail","7":"category-nancy","8":"tag-actu","9":"tag-actualites","10":"tag-eu","11":"tag-europe","12":"tag-fr","13":"tag-france","14":"tag-grand-est","15":"tag-nancy","16":"tag-news","17":"tag-nuit-de-la-science","18":"tag-republique-francaise","19":"tag-universite-de-lorraine"},"share_on_mastodon":{"url":"https:\/\/pubeurope.com\/@fr\/115301454404535171","error":""},"_links":{"self":[{"href":"https:\/\/www.europesays.com\/fr\/wp-json\/wp\/v2\/posts\/432267","targetHints":{"allow":["GET"]}}],"collection":[{"href":"https:\/\/www.europesays.com\/fr\/wp-json\/wp\/v2\/posts"}],"about":[{"href":"https:\/\/www.europesays.com\/fr\/wp-json\/wp\/v2\/types\/post"}],"author":[{"embeddable":true,"href":"https:\/\/www.europesays.com\/fr\/wp-json\/wp\/v2\/users\/2"}],"replies":[{"embeddable":true,"href":"https:\/\/www.europesays.com\/fr\/wp-json\/wp\/v2\/comments?post=432267"}],"version-history":[{"count":0,"href":"https:\/\/www.europesays.com\/fr\/wp-json\/wp\/v2\/posts\/432267\/revisions"}],"wp:featuredmedia":[{"embeddable":true,"href":"https:\/\/www.europesays.com\/fr\/wp-json\/wp\/v2\/media\/432268"}],"wp:attachment":[{"href":"https:\/\/www.europesays.com\/fr\/wp-json\/wp\/v2\/media?parent=432267"}],"wp:term":[{"taxonomy":"category","embeddable":true,"href":"https:\/\/www.europesays.com\/fr\/wp-json\/wp\/v2\/categories?post=432267"},{"taxonomy":"post_tag","embeddable":true,"href":"https:\/\/www.europesays.com\/fr\/wp-json\/wp\/v2\/tags?post=432267"}],"curies":[{"name":"wp","href":"https:\/\/api.w.org\/{rel}","templated":true}]}}