{"id":432275,"date":"2025-10-01T23:22:15","date_gmt":"2025-10-01T23:22:15","guid":{"rendered":"https:\/\/www.europesays.com\/fr\/432275\/"},"modified":"2025-10-01T23:22:15","modified_gmt":"2025-10-01T23:22:15","slug":"un-homme-roue-de-coups-et-filme-par-trois-jeunes-a-rouen","status":"publish","type":"post","link":"https:\/\/www.europesays.com\/fr\/432275\/","title":{"rendered":"un homme roue\u0301 de coups et filme\u0301 par trois jeunes a\u0300 Rouen"},"content":{"rendered":"<p>Publi\u00e9 le 01 oct. 2025 \u00e0 20:54<\/p>\n<p><strong>Dans la nuit du 30 septembre au 1er octobre 2025, \u00e0 Rouen, pr\u00e8s du CHU Charles-Nicolle, un homme de 40 ans a \u00e9t\u00e9 agress\u00e9 par trois personnes, qui ont \u00e9galement film\u00e9 la sc\u00e8ne. <\/strong><\/p>\n<p>Dans la nuit du mardi 30 septembre au mercredi 1er octobre \u00e0 Rouen (Seine-Maritime), un homme de 40 ans a \u00e9t\u00e9 violemment pass\u00e9 \u00e0 tabac \u00e0 l\u00a0\u00bbarr\u00eat du TEOR, en face de la maternit\u00e9 du CHU Charles-Nicolle, par trois jeunes dont un homme de 21 ans, une femme de 23 ans et une adolescente de 17 ans. Les faits ont \u00e9t\u00e9 film\u00e9s par les agresseurs eux-m\u00eames.<\/p>\n<p>Tout a commenc\u00e9 par des moqueries film\u00e9es, selon une source polici\u00e8re cit\u00e9e par des m\u00e9dias locaux. Lorsque l&rsquo;homme leur a demand\u00e9 d\u2019arr\u00eater, l&rsquo;un des trois jeunes lui fait une \u00ab\u00a0balayette\u00a0\u00bb, le projetant au sol, selon une t\u00e9moin pr\u00e9sente sur les lieux. Toujours selon cette derni\u00e8re, les agresseurs ont ensuite frapp\u00e9 la victime au visage en criant \u00ab\u00a0penalty !\u00a0\u00bb.<\/p>\n<p>Oeil gauche tum\u00e9fi\u00e9, nez cass\u00e9 : l&rsquo;agression film\u00e9e d&rsquo;un homme \u00e0 Rouen<\/p>\n<p>La s\u00e9curit\u00e9 de l\u2019h\u00f4pital voisin a \u00e9t\u00e9 alert\u00e9e, et lorsque les policiers sont arriv\u00e9s, la victime \u00e9tait d\u00e9j\u00e0 prise en charge par les urgences. Son \u0153il gauche tum\u00e9fi\u00e9 et compl\u00e8tement ferm\u00e9, son nez \u00ab\u00a0enfonc\u00e9 sur le c\u00f4t\u00e9\u00a0\u00bb t\u00e9moignent de la brutalit\u00e9 des (&#8230;)<\/p>\n","protected":false},"excerpt":{"rendered":"Publi\u00e9 le 01 oct. 2025 \u00e0 20:54 Dans la nuit du 30 septembre au 1er octobre 2025, \u00e0&hellip;\n","protected":false},"author":2,"featured_media":432276,"comment_status":"","ping_status":"","sticky":false,"template":"","format":"standard","meta":{"footnotes":""},"categories":[9587],"tags":[1111,11,1777,674,1011,27,12,5161,25,9590],"class_list":{"0":"post-432275","1":"post","2":"type-post","3":"status-publish","4":"format-standard","5":"has-post-thumbnail","7":"category-rouen","8":"tag-actu","9":"tag-actualites","10":"tag-eu","11":"tag-europe","12":"tag-fr","13":"tag-france","14":"tag-news","15":"tag-normandie","16":"tag-republique-francaise","17":"tag-rouen"},"share_on_mastodon":{"url":"https:\/\/pubeurope.com\/@fr\/115301485519991888","error":""},"_links":{"self":[{"href":"https:\/\/www.europesays.com\/fr\/wp-json\/wp\/v2\/posts\/432275","targetHints":{"allow":["GET"]}}],"collection":[{"href":"https:\/\/www.europesays.com\/fr\/wp-json\/wp\/v2\/posts"}],"about":[{"href":"https:\/\/www.europesays.com\/fr\/wp-json\/wp\/v2\/types\/post"}],"author":[{"embeddable":true,"href":"https:\/\/www.europesays.com\/fr\/wp-json\/wp\/v2\/users\/2"}],"replies":[{"embeddable":true,"href":"https:\/\/www.europesays.com\/fr\/wp-json\/wp\/v2\/comments?post=432275"}],"version-history":[{"count":0,"href":"https:\/\/www.europesays.com\/fr\/wp-json\/wp\/v2\/posts\/432275\/revisions"}],"wp:featuredmedia":[{"embeddable":true,"href":"https:\/\/www.europesays.com\/fr\/wp-json\/wp\/v2\/media\/432276"}],"wp:attachment":[{"href":"https:\/\/www.europesays.com\/fr\/wp-json\/wp\/v2\/media?parent=432275"}],"wp:term":[{"taxonomy":"category","embeddable":true,"href":"https:\/\/www.europesays.com\/fr\/wp-json\/wp\/v2\/categories?post=432275"},{"taxonomy":"post_tag","embeddable":true,"href":"https:\/\/www.europesays.com\/fr\/wp-json\/wp\/v2\/tags?post=432275"}],"curies":[{"name":"wp","href":"https:\/\/api.w.org\/{rel}","templated":true}]}}