{"id":432279,"date":"2025-10-01T23:24:48","date_gmt":"2025-10-01T23:24:48","guid":{"rendered":"https:\/\/www.europesays.com\/fr\/432279\/"},"modified":"2025-10-01T23:24:48","modified_gmt":"2025-10-01T23:24:48","slug":"un-candidat-a-la-mairie-de-grenoble-sera-choisi-par-plebiscite","status":"publish","type":"post","link":"https:\/\/www.europesays.com\/fr\/432279\/","title":{"rendered":"un candidat \u00e0 la mairie de Grenoble sera choisi par pl\u00e9biscite"},"content":{"rendered":"<p class=\"mb-4 text-lg md:leading-8 break-words\">C&rsquo;est une liste in\u00e9dite qui na\u00eet \u00e0 <a href=\"https:\/\/www.bfmtv.com\/isere\/elections-municipales-2026-laurence-ruffin-veut-porter-l-idee-d-une-union-a-gauche-a-grenoble_AD-202509260315.html\" rel=\"nofollow noopener\" target=\"_blank\" data-ylk=\"slk:Grenoble;elm:context_link;itc:0;sec:content-canvas\" class=\"link \">Grenoble<\/a> pour les \u00e9lections municipales de 2026. Grenoble Alpes Collectif (GAC) n&rsquo;a pas encore de candidat pour porter son programme. Il faudra attendre le 15 novembre pour savoir qui des citoyens du collectif briguera la maire de la capitale des <a href=\"https:\/\/www.bfmtv.com\/lyon\/videos\/video-auvergne-rhone-alpes-21-des-salaries-optent-pour-le-teletravail_VN-202510010279.html\" rel=\"nofollow noopener\" target=\"_blank\" data-ylk=\"slk:Alpes;elm:context_link;itc:0;sec:content-canvas\" class=\"link \">Alpes<\/a>. Car, oui, c&rsquo;est bien une d\u00e9signation populaire, un vote avant le vote nomm\u00e9 \u00ab\u00a0pl\u00e9biscite citoyen\u00a0\u00bb qui a \u00e9t\u00e9 lanc\u00e9 par ces militants.<\/p>\n<p class=\"mb-4 text-lg md:leading-8 break-words\">Peu banale, la m\u00e9thode permet aux personnes qui vivent, travaillent, \u00e9tudient ou sont engag\u00e9es \u00e0 Grenoble de choisir des personnalit\u00e9s \u00ab\u00a0qui se sentent \u00e9loign\u00e9es de la politique telle que conduite par les partis traditionnels\u00a0\u00bb, est-il expliqu\u00e9 sur le site internet du collectif. Gr\u00e2ce \u00e0 ce processus, le GAC entend faire ressortir des candidats motiv\u00e9s non pas par des envies individuelles et des ambitions carri\u00e9ristes.<\/p>\n<p>Un monde politique trop verrouill\u00e9<\/p>\n<p class=\"mb-4 text-lg md:leading-8 break-words\">\u00ab\u00a0On a vraiment l&rsquo;impression que le monde de la politique est trop verrouill\u00e9, avec de nombreux jeux de pouvoirs. Nous, on veut donner de la puissance \u00e0 tout le monde\u00a0\u00bb, a expliqu\u00e9 Thomas Simon, porte-parole du mouvement, aupr\u00e8s d&rsquo;Actu Grenoble. Il ajoute avoir la conviction profonde que \u00ab\u00a0tout le monde peut \u00eatre \u00e9lu et que les comp\u00e9tences peuvent s\u2019acqu\u00e9rir au cours du mandat, surtout si l&rsquo;on est bien accompagn\u00e9.\u00a0\u00bb<\/p>\n<p class=\"mb-4 text-lg md:leading-8 break-words\">Thomas Simon admet toutefois que son collectif s&rsquo;est tr\u00e8s largement inspir\u00e9 d&rsquo;autres initiatives. \u00c0 l&rsquo;instar du mouvement Archipel Citoyens \u00e0 <a href=\"https:\/\/www.bfmtv.com\/economie\/entreprises\/transports\/la-justice-rejette-un-nouveau-recours-des-opposants-a-la-ligne-a-grande-vitesse-entre-toulouse-et-bordeaux_AV-202509300634.html\" rel=\"nofollow noopener\" target=\"_blank\" data-ylk=\"slk:Toulouse;elm:context_link;itc:0;sec:content-canvas\" class=\"link \">Toulouse<\/a>, lors des municipales de 2020. Mais aussi de l&rsquo;actuelle maire de <a href=\"https:\/\/www.bfmtv.com\/poitiers\/mort-d-ines-a-poitiers-la-juge-gwenola-joly-coz-estime-que-ce-feminicide-appelle-un-changement-d-approche_AD-202509250588.html\" rel=\"nofollow noopener\" target=\"_blank\" data-ylk=\"slk:Poitiers;elm:context_link;itc:0;sec:content-canvas\" class=\"link \">Poitiers<\/a>, <a href=\"https:\/\/fr.news.yahoo.com\/municipales-eelv-remporte-poitiers-face-183041589.html\" data-ylk=\"slk:L\u00e9onore Moncond\u2019huy;elm:context_link;itc:0;sec:content-canvas;outcm:mb_qualified_link;_E:mb_qualified_link;ct:story;\" class=\"link  yahoo-link\" target=\"_blank\" rel=\"noopener\">L\u00e9onore Moncond\u2019huy<\/a> qui avait remport\u00e9 les \u00e9lections avec son collectif Poitiers Collectif. \u00ab\u00a0Le but, c\u2019est d\u2019\u00e9largir au maximum le panel des candidats potentiels \u00e0 la mairie de Grenoble. Ici, c\u2019est le collectif qui d\u00e9signe sa t\u00eate de liste\u00a0\u00bb, explique encore son repr\u00e9sentant.<\/p>\n<p class=\"mb-4 text-lg md:leading-8 break-words\">Le GAC se revendique comme une liste citoyenne qui porte des valeurs \u00ab\u00a0comme l&rsquo;\u00e9cologie populaire, l&rsquo;antiracisme, la d\u00e9fense des minorit\u00e9s, des solidarit\u00e9s fortes et la capacit\u00e9 d&rsquo;exp\u00e9rimenter ensemble la d\u00e9mocratie directe \u00e0 l&rsquo;\u00e9chelle d&rsquo;une ville comme Grenoble\u00a0\u00bb.<\/p>\n<p class=\"mb-4 text-lg md:leading-8 break-words\">Le pl\u00e9biscite citoyen prend fin le 15 novembre. Dans la foul\u00e9e, les cinquante personnes les plus pl\u00e9biscit\u00e9es devront participer \u00e0 un week-end d&rsquo;int\u00e9gration. Du 17 novembre au 6 d\u00e9cembre prochains, ils entreront dans une campagne interne. Et le 7 d\u00e9cembre, fum\u00e9e blanche, le candidat sera officiellement d\u00e9sign\u00e9.<\/p>\n<p class=\"mb-4 text-lg md:leading-8 break-words\"><a href=\"https:\/\/www.bfmtv.com\/politique\/ici-c-est-le-collectif-qui-designe-sa-tete-de-liste-un-candidat-a-la-mairie-de-grenoble-sera-choisi-par-plebiscite_AN-202510010817.html#xtor=AL-68\" rel=\"nofollow noopener\" target=\"_blank\" data-ylk=\"slk:Article original publi\u00e9 sur BFMTV.com;elm:context_link;itc:0;sec:content-canvas\" class=\"link \">Article original publi\u00e9 sur BFMTV.com<\/a><\/p>\n","protected":false},"excerpt":{"rendered":"C&rsquo;est une liste in\u00e9dite qui na\u00eet \u00e0 Grenoble pour les \u00e9lections municipales de 2026. Grenoble Alpes Collectif (GAC)&hellip;\n","protected":false},"author":2,"featured_media":432280,"comment_status":"","ping_status":"","sticky":false,"template":"","format":"standard","meta":{"footnotes":""},"categories":[9566],"tags":[1111,11,2430,2511,1777,674,1011,27,56015,2731,56014,12,25,56013],"class_list":{"0":"post-432279","1":"post","2":"type-post","3":"status-publish","4":"format-standard","5":"has-post-thumbnail","7":"category-grenoble","8":"tag-actu","9":"tag-actualites","10":"tag-auvergne-rhone-alpes","11":"tag-cest","12":"tag-eu","13":"tag-europe","14":"tag-fr","15":"tag-france","16":"tag-gac","17":"tag-grenoble","18":"tag-grenoble-alpes-collectif","19":"tag-news","20":"tag-republique-francaise","21":"tag-thomas-simon"},"share_on_mastodon":{"url":"https:\/\/pubeurope.com\/@fr\/115301497124176181","error":""},"_links":{"self":[{"href":"https:\/\/www.europesays.com\/fr\/wp-json\/wp\/v2\/posts\/432279","targetHints":{"allow":["GET"]}}],"collection":[{"href":"https:\/\/www.europesays.com\/fr\/wp-json\/wp\/v2\/posts"}],"about":[{"href":"https:\/\/www.europesays.com\/fr\/wp-json\/wp\/v2\/types\/post"}],"author":[{"embeddable":true,"href":"https:\/\/www.europesays.com\/fr\/wp-json\/wp\/v2\/users\/2"}],"replies":[{"embeddable":true,"href":"https:\/\/www.europesays.com\/fr\/wp-json\/wp\/v2\/comments?post=432279"}],"version-history":[{"count":0,"href":"https:\/\/www.europesays.com\/fr\/wp-json\/wp\/v2\/posts\/432279\/revisions"}],"wp:featuredmedia":[{"embeddable":true,"href":"https:\/\/www.europesays.com\/fr\/wp-json\/wp\/v2\/media\/432280"}],"wp:attachment":[{"href":"https:\/\/www.europesays.com\/fr\/wp-json\/wp\/v2\/media?parent=432279"}],"wp:term":[{"taxonomy":"category","embeddable":true,"href":"https:\/\/www.europesays.com\/fr\/wp-json\/wp\/v2\/categories?post=432279"},{"taxonomy":"post_tag","embeddable":true,"href":"https:\/\/www.europesays.com\/fr\/wp-json\/wp\/v2\/tags?post=432279"}],"curies":[{"name":"wp","href":"https:\/\/api.w.org\/{rel}","templated":true}]}}