{"id":432287,"date":"2025-10-01T23:28:13","date_gmt":"2025-10-01T23:28:13","guid":{"rendered":"https:\/\/www.europesays.com\/fr\/432287\/"},"modified":"2025-10-01T23:28:13","modified_gmt":"2025-10-01T23:28:13","slug":"une-affiche-qui-manque-de-contexte-2","status":"publish","type":"post","link":"https:\/\/www.europesays.com\/fr\/432287\/","title":{"rendered":"une affiche qui manque de contexte"},"content":{"rendered":"<p class=\"mb-4 text-lg md:leading-8 break-words\">Une affiche de la ville de Strasbourg mettant en avant une habitante voil\u00e9e a d\u00e9clench\u00e9 une pol\u00e9mique virale, des comptes accusant la mairie d\u2019une atteinte \u00e0 la la\u00efcit\u00e9. L\u2019affiche fait cependant partie d\u2019une campagne de communication plus large sur les \u00ab\u00a0a\u00een\u00e9s\u00a0\u00bb, avec une s\u00e9rie de portraits vari\u00e9s d\u2019habitants. La ville r\u00e9fute toute instrumentalisation.<\/p>\n<p class=\"mb-4 text-lg md:leading-8 break-words\">\u00ab\u00a0Une ville qui tourne le dos \u00e0 la la\u00efcit\u00e9\u00a0\u00bb et \u00ab\u00a0une propagande islamiste\u00a0\u00bb : c\u2019est en ces termes qu\u2019Emmanuelle Brisson, militante du parti Les R\u00e9publicains et ex-candidate aux \u00e9lections l\u00e9gislatives, a d\u00e9nonc\u00e9 samedi 27 septembre sur X une affiche, visible dans les rues de Strasbourg, montrant le portrait d\u2019une femme voil\u00e9e. Sa publication, vue plus de deux millions de fois, comprend le hashtag \u00ab\u00a0Strasbourgistan\u00a0\u00bb, repris par d\u2019autres comptes, certains clairement marqu\u00e9s \u00e0 droite et \u00e0 l\u2019extr\u00eame droite, sur X et sur Facebook, pour critiquer la mise en avant de cette femme musulmane, identifi\u00e9e sur l\u2019affiche comme \u00ab\u00a0Nacera, 66 ans\u00a0\u00bb.<\/p>\n<p class=\"mb-4 text-lg md:leading-8 break-words\">Parmi les militants d&rsquo;extr\u00eame droite, l&rsquo;affiche a notamment \u00e9t\u00e9 relay\u00e9e par Alice Cordier, directrice du collectif Nemesis, qui se pr\u00e9sente comme \u00ab\u00a0protecteur des femmes\u00a0\u00bb et connu pour ses positions antimigrants.<\/p>\n<p>Sept autres affiches<\/p>\n<p class=\"mb-4 text-lg md:leading-8 break-words\">Sur l\u2019affiche, on peut lire le slogan <a href=\"https:\/\/www.strasbourg.eu\/-\/seniors-un-guide-pour-planifier-vos-sorties\" rel=\"nofollow noopener\" target=\"_blank\" data-ylk=\"slk:&quot;Strasbourg, la douceur de ville&quot;;elm:context_link;itc:0;sec:content-canvas\" class=\"link \">\u00ab\u00a0Strasbourg, la douceur de ville\u00a0\u00bb<\/a>, une op\u00e9ration de communication de la municipalit\u00e9 alsacienne en vue de la Journ\u00e9e internationale des personnes \u00e2g\u00e9es, le 1er octobre. La ville dit souhaiter obtenir le label \u00ab\u00a0ami des a\u00een\u00e9s\u00a0\u00bb initi\u00e9 par l\u2019Organisation mondiale de la sant\u00e9 (OMS). Ce label r\u00e9compense les villes qui \u00ab\u00a0s\u2019engagent \u00e0 prendre en compte l\u2019exp\u00e9rience des habitants \u00e2g\u00e9s pour am\u00e9liorer leur qualit\u00e9 de vie au quotidien\u00a0\u00bb, explique le site gouvernemental fran\u00e7ais <a href=\"https:\/\/www.pour-les-personnes-agees.gouv.fr\/actualites\/qu-est-ce-qu-une-ville-amie-des-aines\" rel=\"nofollow noopener\" target=\"_blank\" data-ylk=\"slk:Pour les personnes \u00e2g\u00e9es;elm:context_link;itc:0;sec:content-canvas\" class=\"link \">Pour les personnes \u00e2g\u00e9es<\/a>. L\u2019attribution de ce label \u00e0 une ville ne lui donne pas de financements automatiques.<\/p>\n<p class=\"mb-4 text-lg md:leading-8 break-words\">En faisant des recherches sur les r\u00e9seaux sociaux avec les termes \u00ab\u00a0Strasbourg, la douceur de ville\u00a0\u00bb, on trouve un visuel, notamment relay\u00e9 par des adjoints \u00e0 la mairie de Strasbourg, qui rassemble plusieurs autres affiches de la m\u00eame campagne. Sur le m\u00eame mod\u00e8le que l\u2019affiche pol\u00e9mique, sept autres \u00ab\u00a0a\u00een\u00e9s\u00a0\u00bb strasbourgeois y sont visibles, pr\u00e9sent\u00e9s avec leurs pr\u00e9noms : Dani\u00e8le, Oogesh, Jean-Pierre, Monique, Pierre, Aline et Nadia. Aucun n\u2019affiche de signe susceptible de le rattacher \u00e0 une religion.<\/p>\n<p class=\"mb-4 text-lg md:leading-8 break-words\">Les publications comme celle d&rsquo;Emmanuelle Brisson, qui critiquait l\u2019affiche de Nacera, ne mentionnent pas l\u2019existence de ces autres affiches. Elles apparaissent d\u00e8s lors comme trompeuses, ne permettant pas d\u2019\u00e9valuer le contexte dans lequel cette affiche a \u00e9t\u00e9 dispos\u00e9e \u00e0 travers la ville de Strasbourg.<\/p>\n<p>Pol\u00e9miques\u2026 au sein de la gauche strasbourgeoise<\/p>\n<p class=\"mb-4 text-lg md:leading-8 break-words\">La majorit\u00e9 municipale \u00e0 Strasbourg est compos\u00e9e de plusieurs partis, parmi lesquels Europe \u00c9cologie-Les Verts, dont est issue la maire depuis 2020, Jeanne Barseghian.<\/p>\n<p class=\"mb-4 text-lg md:leading-8 break-words\">Si la pol\u00e9mique a commenc\u00e9 \u00e0 droite et \u00e0 l\u2019extr\u00eame droite, elle a \u00e9galement secou\u00e9 la gauche strasbourgeoise, dont une partie ne soutient pas la majorit\u00e9 municipale. Une \u00e9lue socialiste strasbourgeoise, Pernelle Richardot, <a href=\"https:\/\/x.com\/PernelRichardot\/status\/1972258688321626181\" rel=\"nofollow noopener\" target=\"_blank\" data-ylk=\"slk:a ainsi critiqu\u00e9;elm:context_link;itc:0;sec:content-canvas\" class=\"link \">a ainsi critiqu\u00e9<\/a> dimanche \u00ab\u00a0le pros\u00e9lytisme de la municipalit\u00e9 Barseghian\u00a0\u00bb, jugeant qu\u2019elle utilisait les musulmans \u00ab\u00a0comme d&rsquo;une marchandise \u00e9lectorale\u00a0\u00bb, alors que des \u00e9lections municipales sont pr\u00e9vues en mars prochain en France.<\/p>\n<p class=\"mb-4 text-lg md:leading-8 break-words\">La majorit\u00e9 municipale a r\u00e9pliqu\u00e9. <a href=\"https:\/\/www.dna.fr\/insolite\/2025\/09\/29\/une-affiche-avec-une-strasbourgeoise-voilee-declenche-la-polemique\" rel=\"nofollow noopener\" target=\"_blank\" data-ylk=\"slk:Comme le note le quotidien r\u00e9gional Les Derni\u00e8res Nouvelles d\u2019Alsace;elm:context_link;itc:0;sec:content-canvas\" class=\"link \">Comme le note le quotidien r\u00e9gional Les Derni\u00e8res Nouvelles d\u2019Alsace<\/a>, Floriane Varieras, adjointe charg\u00e9e de la ville inclusive, a soulign\u00e9 que l\u2018affiche et la campagne visaient \u00ab\u00a0\u00e0 mettre \u00e0 l\u2019honneur les Strasbourgeois et Strasbourgeoises ayant particip\u00e9 \u00e0 des s\u00e9minaires et r\u00e9unions de travail\u00a0\u00bb. De son c\u00f4t\u00e9, le premier adjoint \u00e0 la mairie de Strasbourg, Syamak Agha Babaei, relayant l\u2019ensemble des affiches de la campagne \u00ab\u00a0La douceur de ville\u00a0\u00bb, a d\u00e9fendu \u00ab\u00a0des femmes comme Nacera\u00a0\u00bb, qui \u00ab\u00a0ont gard\u00e9 nos enfants, nettoy\u00e9 nos \u00e9coles, accompagn\u00e9 nos a\u00een\u00e9\u00b7es, souvent loin de leur pays d\u2019origine, parfois sans les mots de notre langue \u2013 mais avec la force tranquille de celles qui tiennent la soci\u00e9t\u00e9 debout\u00a0\u00bb.<\/p>\n<p class=\"mb-4 text-lg md:leading-8 break-words\">Selon le journal t\u00e9l\u00e9vis\u00e9 de France 2 (reportage \u00e0 17\u201930 <a href=\"https:\/\/www.franceinfo.fr\/replay-jt\/france-2\/20-heures\/jt-de-20h-du-mardi-30-septembre-2025_7483786.html\" rel=\"nofollow noopener\" target=\"_blank\" data-ylk=\"slk:ici;elm:context_link;itc:0;sec:content-canvas\" class=\"link \">ici<\/a>), Nacera dit ne pas avoir \u00e9t\u00e9 pr\u00e9venue que son portrait serait affich\u00e9 en ville, ce que conteste la mairie. Contact\u00e9e par France 24, la ville de Strasbourg n\u2019avait pas r\u00e9pondu \u00e0 nos questions au moment de la publication de cet article.<\/p>\n","protected":false},"excerpt":{"rendered":"Une affiche de la ville de Strasbourg mettant en avant une habitante voil\u00e9e a d\u00e9clench\u00e9 une pol\u00e9mique virale,&hellip;\n","protected":false},"author":2,"featured_media":432037,"comment_status":"","ping_status":"","sticky":false,"template":"","format":"standard","meta":{"footnotes":""},"categories":[2820],"tags":[1111,11,2084,55987,1777,674,1011,27,775,487,55986,12,25,640],"class_list":{"0":"post-432287","1":"post","2":"type-post","3":"status-publish","4":"format-standard","5":"has-post-thumbnail","7":"category-strasbourg","8":"tag-actu","9":"tag-actualites","10":"tag-affiche","11":"tag-campagne-de-communication","12":"tag-eu","13":"tag-europe","14":"tag-fr","15":"tag-france","16":"tag-grand-est","17":"tag-lorganisation-mondiale-de-la-sante","18":"tag-mairie-de-strasbourg","19":"tag-news","20":"tag-republique-francaise","21":"tag-strasbourg"},"share_on_mastodon":{"url":"https:\/\/pubeurope.com\/@fr\/115301508990775927","error":""},"_links":{"self":[{"href":"https:\/\/www.europesays.com\/fr\/wp-json\/wp\/v2\/posts\/432287","targetHints":{"allow":["GET"]}}],"collection":[{"href":"https:\/\/www.europesays.com\/fr\/wp-json\/wp\/v2\/posts"}],"about":[{"href":"https:\/\/www.europesays.com\/fr\/wp-json\/wp\/v2\/types\/post"}],"author":[{"embeddable":true,"href":"https:\/\/www.europesays.com\/fr\/wp-json\/wp\/v2\/users\/2"}],"replies":[{"embeddable":true,"href":"https:\/\/www.europesays.com\/fr\/wp-json\/wp\/v2\/comments?post=432287"}],"version-history":[{"count":0,"href":"https:\/\/www.europesays.com\/fr\/wp-json\/wp\/v2\/posts\/432287\/revisions"}],"wp:featuredmedia":[{"embeddable":true,"href":"https:\/\/www.europesays.com\/fr\/wp-json\/wp\/v2\/media\/432037"}],"wp:attachment":[{"href":"https:\/\/www.europesays.com\/fr\/wp-json\/wp\/v2\/media?parent=432287"}],"wp:term":[{"taxonomy":"category","embeddable":true,"href":"https:\/\/www.europesays.com\/fr\/wp-json\/wp\/v2\/categories?post=432287"},{"taxonomy":"post_tag","embeddable":true,"href":"https:\/\/www.europesays.com\/fr\/wp-json\/wp\/v2\/tags?post=432287"}],"curies":[{"name":"wp","href":"https:\/\/api.w.org\/{rel}","templated":true}]}}