{"id":432297,"date":"2025-10-01T23:34:11","date_gmt":"2025-10-01T23:34:11","guid":{"rendered":"https:\/\/www.europesays.com\/fr\/432297\/"},"modified":"2025-10-01T23:34:11","modified_gmt":"2025-10-01T23:34:11","slug":"previsions-du-jeudi-2-octobre-2025-2","status":"publish","type":"post","link":"https:\/\/www.europesays.com\/fr\/432297\/","title":{"rendered":"pr\u00e9visions du jeudi 2 octobre 2025"},"content":{"rendered":"<p>C&rsquo;est un soleil splendide qui va se montrer aujourd&rsquo;hui sur Bordeaux. Les valeurs seront de 10\u00b0C au minimum et de 25\u00b0C au plus haut. Un vent de nord-est rafra\u00eechira l\u00e9g\u00e8rement l&rsquo;atmosph\u00e8re. Le matin, le thermom\u00e8tre affichera 16\u00b0C en moyenne. Le temps va se r\u00e9chauffer l&rsquo;apr\u00e8s-midi avec une hausse de plusieurs degr\u00e9s. Les temp\u00e9ratures seront comprises entre 21 et 25\u00b0C. Le ciel va s&rsquo;\u00e9claircir au cours de la soir\u00e9e. Il va faire environ 18\u00b0C. Durant la nuit de jeudi \u00e0 vendredi, le ciel sera limpide.<\/p>\n<p>Demain, le vent va peu \u00e0 peu \u00e9loigner les nuages \u00e0 Bordeaux. C&rsquo;est une hausse de quelques degr\u00e9s que vont enregistrer les temp\u00e9ratures. On pr\u00e9voit des valeurs avoisinant 19\u00b0C. Dans la matin\u00e9e, les temp\u00e9ratures avoisineront les 19\u00b0C. Une l\u00e9g\u00e8re brise de sud-ouest sera ressentie par les habitants. Les temp\u00e9ratures afficheront entre 19\u00b0C et 22\u00b0C dans l&rsquo;apr\u00e8s-midi. Des pluies \u00e9parses sont attendues dans la soir\u00e9e. Un petit vent de sud-ouest soufflera.<\/p>\n<p>Les jours passent mais ne se ressemblent pas. Le temps sera changeant les jours suivants. Une am\u00e9lioration est annonc\u00e9e dimanche, tandis que la journ\u00e9e de samedi aura \u00e9t\u00e9 pluvieuse.<\/p>\n<p><\/p>\n","protected":false},"excerpt":{"rendered":"C&rsquo;est un soleil splendide qui va se montrer aujourd&rsquo;hui sur Bordeaux. Les valeurs seront de 10\u00b0C au minimum&hellip;\n","protected":false},"author":2,"featured_media":432298,"comment_status":"","ping_status":"","sticky":false,"template":"","format":"standard","meta":{"footnotes":""},"categories":[2817],"tags":[1111,11,1997,1777,674,1011,27,12,2219,2119,25],"class_list":{"0":"post-432297","1":"post","2":"type-post","3":"status-publish","4":"format-standard","5":"has-post-thumbnail","7":"category-bordeaux","8":"tag-actu","9":"tag-actualites","10":"tag-bordeaux","11":"tag-eu","12":"tag-europe","13":"tag-fr","14":"tag-france","15":"tag-news","16":"tag-nouvelle-aquitaine","17":"tag-previsions-meteo","18":"tag-republique-francaise"},"share_on_mastodon":{"url":"https:\/\/pubeurope.com\/@fr\/115301532606897770","error":""},"_links":{"self":[{"href":"https:\/\/www.europesays.com\/fr\/wp-json\/wp\/v2\/posts\/432297","targetHints":{"allow":["GET"]}}],"collection":[{"href":"https:\/\/www.europesays.com\/fr\/wp-json\/wp\/v2\/posts"}],"about":[{"href":"https:\/\/www.europesays.com\/fr\/wp-json\/wp\/v2\/types\/post"}],"author":[{"embeddable":true,"href":"https:\/\/www.europesays.com\/fr\/wp-json\/wp\/v2\/users\/2"}],"replies":[{"embeddable":true,"href":"https:\/\/www.europesays.com\/fr\/wp-json\/wp\/v2\/comments?post=432297"}],"version-history":[{"count":0,"href":"https:\/\/www.europesays.com\/fr\/wp-json\/wp\/v2\/posts\/432297\/revisions"}],"wp:featuredmedia":[{"embeddable":true,"href":"https:\/\/www.europesays.com\/fr\/wp-json\/wp\/v2\/media\/432298"}],"wp:attachment":[{"href":"https:\/\/www.europesays.com\/fr\/wp-json\/wp\/v2\/media?parent=432297"}],"wp:term":[{"taxonomy":"category","embeddable":true,"href":"https:\/\/www.europesays.com\/fr\/wp-json\/wp\/v2\/categories?post=432297"},{"taxonomy":"post_tag","embeddable":true,"href":"https:\/\/www.europesays.com\/fr\/wp-json\/wp\/v2\/tags?post=432297"}],"curies":[{"name":"wp","href":"https:\/\/api.w.org\/{rel}","templated":true}]}}