{"id":432315,"date":"2025-10-01T23:45:15","date_gmt":"2025-10-01T23:45:15","guid":{"rendered":"https:\/\/www.europesays.com\/fr\/432315\/"},"modified":"2025-10-01T23:45:15","modified_gmt":"2025-10-01T23:45:15","slug":"cette-ville-mediterraneenne-a-3-h-de-paris-seduit-les-retraites","status":"publish","type":"post","link":"https:\/\/www.europesays.com\/fr\/432315\/","title":{"rendered":"cette ville m\u00e9diterran\u00e9enne \u00e0 3 h de Paris s\u00e9duit les retrait\u00e9s"},"content":{"rendered":"<p class=\"mb-4 text-lg md:leading-8 break-words\">Et si le secret d\u2019une retraite paisible, ensoleill\u00e9e et abordable se trouvait \u00e0 seulement quelques heures d\u2019avion de Paris ? Depuis plusieurs mois, une ville espagnole attire de plus en plus de Fran\u00e7ais \u00e0 la recherche d\u2019un nouveau d\u00e9part loin du tumulte hexagonal. Son nom : Alicante. Une perle m\u00e9diterran\u00e9enne encore discr\u00e8te, mais qui s\u00e9duit de plus en plus de retrait\u00e9s gr\u00e2ce \u00e0 un co\u00fbt de la vie nettement inf\u00e9rieur \u00e0 celui de la France, des paysages de carte postale, une sc\u00e8ne culturelle dynamique et une atmosph\u00e8re chaleureuse \u00e0 l\u2019ann\u00e9e.<\/p>\n<p>Alicante, l\u2019adresse r\u00eav\u00e9e pour une retraite sous le soleil<\/p>\n<p class=\"mb-4 text-lg md:leading-8 break-words\">Nich\u00e9e sur la c\u00f4te est de l\u2019Espagne, dans la r\u00e9gion de Valence, Alicante coche toutes les cases d\u2019une retraite id\u00e9ale : climat doux toute l\u2019ann\u00e9e, mer turquoise, gastronomie savoureuse et style de vie d\u00e9tendu. Mais ce qui fait surtout parler, c\u2019est la possibilit\u00e9 d\u2019y vivre confortablement avec un budget de 1 000 \u20ac par mois par personne. Oui, vous avez bien lu. Selon le blog Retraite en Espagne, sp\u00e9cialis\u00e9 dans les destinations id\u00e9ales pour les seniors, les chiffres parlent d\u2019eux-m\u00eames : la location d\u2019un appartement deux chambres co\u00fbte entre 750 \u00e0 950 \u20ac\/mois. Pour les activit\u00e9s sportives (golf, yoga, tennis\u2026), comptez 100 \u00e0 200 euros par mois. Concernant les sorties culturelles (cin\u00e9ma, th\u00e9\u00e2tre, expositions), cela peut co\u00fbter entre 80 et 120 euros par mois. Enfin, les courses alimentaires vous co\u00fbterons moins de 400 (&#8230;)<\/p>\n<p class=\"mb-4 text-lg md:leading-8 break-words\"><a href=\"https:\/\/www.grazia.fr\/lifestyle\/voyages\/avec-1-000-e-par-mois-on-vit-mieux-quen-france-cette-ville-mediterraneenne-a-3-h-de-paris-seduit-les-retraites-1189918.html?utm_campaign=partenariat&amp;utm_source=yahoo-articles&amp;utm_medium=flux\" rel=\"nofollow noopener\" target=\"_blank\" data-ylk=\"slk:Lire la suite sur Grazia;elm:context_link;itc:0;sec:content-canvas\" class=\"link \">Lire la suite sur Grazia<\/a><\/p>\n<p class=\"mb-4 text-lg md:leading-8 break-words\"><a href=\"https:\/\/www.grazia.fr\/mode\/preuve-implacable-qualite-vetement-trouve-desormais-etiquette-1189837.html?utm_campaign=partenariat&amp;utm_source=yahoo-articles&amp;utm_medium=flux\" rel=\"nofollow noopener\" target=\"_blank\" data-ylk=\"slk:La preuve implacable de la qualit\u00e9 d\u2019un v\u00eatement se trouve d\u00e9sormais sur son \u00e9tiquette;elm:context_link;itc:0;sec:content-canvas\" class=\"link \">La preuve implacable de la qualit\u00e9 d\u2019un v\u00eatement se trouve d\u00e9sormais sur son \u00e9tiquette<\/a><br \/><a href=\"https:\/\/www.grazia.fr\/mode\/crush-shopping\/ce-sac-mango-a-moins-de-60-euros-decuple-instantanement-le-quotient-mode-cet-automne-assez-grand-pour-stocker-tous-nos-essentiels-1190153.html?utm_campaign=partenariat&amp;utm_source=yahoo-articles&amp;utm_medium=flux\" rel=\"nofollow noopener\" target=\"_blank\" data-ylk=\"slk:Ce sac Mango \u00e0 moins de 60 euros d\u00e9cuple instantan\u00e9ment le quotient mode cet automne (assez grand pour stocker tous nos essentiels);elm:context_link;itc:0;sec:content-canvas\" class=\"link \">Ce sac Mango \u00e0 moins de 60 euros d\u00e9cuple instantan\u00e9ment le quotient mode cet automne (assez grand pour stocker tous nos essentiels)<\/a><br \/><a href=\"https:\/\/www.grazia.fr\/beaute\/coiffure\/lerreur-capillaire-empeche-cheveux-detre-vraiment-propres-selon-coiffeuse-comment-remedier-1190169.html?utm_campaign=partenariat&amp;utm_source=yahoo-articles&amp;utm_medium=flux\" rel=\"nofollow noopener\" target=\"_blank\" data-ylk=\"slk:L\u2019erreur capillaire qui emp\u00eache vos cheveux d\u2019\u00eatre vraiment propres, selon une coiffeuse (et comment y rem\u00e9dier);elm:context_link;itc:0;sec:content-canvas\" class=\"link \">L\u2019erreur capillaire qui emp\u00eache vos cheveux d\u2019\u00eatre vraiment propres, selon une coiffeuse (et comment y rem\u00e9dier)<\/a><br \/><a href=\"https:\/\/www.grazia.fr\/people\/il-a-le-sentiment-quelle-lui-echappe-ana-de-armas-deja-saoulee-par-tom-cruise-leur-relation-sent-le-sapin-1190347.html?utm_campaign=partenariat&amp;utm_source=yahoo-articles&amp;utm_medium=flux\" rel=\"nofollow noopener\" target=\"_blank\" data-ylk=\"slk:&quot;Il a le sentiment qu&#039;elle lui \u00e9chappe...&quot; Ana de Armas d\u00e9j\u00e0 saoul\u00e9e par Tom Cruise, leur relation sent le sapin;elm:context_link;itc:0;sec:content-canvas\" class=\"link \">\u00ab\u00a0Il a le sentiment qu&rsquo;elle lui \u00e9chappe&#8230;\u00a0\u00bb Ana de Armas d\u00e9j\u00e0 saoul\u00e9e par Tom Cruise, leur relation sent le sapin<\/a><br \/><a href=\"https:\/\/www.grazia.fr\/beaute\/coiffure\/deva-cassel-21-ans-rayonne-nouvelle-coupe-defile-dior-ressemble-plus-que-jamais-monica-bellucci-1190439.html?utm_campaign=partenariat&amp;utm_source=yahoo-articles&amp;utm_medium=flux\" rel=\"nofollow noopener\" target=\"_blank\" data-ylk=\"slk:Deva Cassel (21 ans) rayonne avec sa nouvelle coupe au d\u00e9fil\u00e9 Dior, elle ressemble plus que jamais \u00e0 Monica Bellucci;elm:context_link;itc:0;sec:content-canvas\" class=\"link \">Deva Cassel (21 ans) rayonne avec sa nouvelle coupe au d\u00e9fil\u00e9 Dior, elle ressemble plus que jamais \u00e0 Monica Bellucci<\/a><\/p>\n","protected":false},"excerpt":{"rendered":"Et si le secret d\u2019une retraite paisible, ensoleill\u00e9e et abordable se trouvait \u00e0 seulement quelques heures d\u2019avion de&hellip;\n","protected":false},"author":2,"featured_media":432316,"comment_status":"","ping_status":"","sticky":false,"template":"","format":"standard","meta":{"footnotes":""},"categories":[1888],"tags":[1111,1928,11,1927,26570,35599,1777,674,1011,27,56019,2561,12,1926,626,1925,56018,25],"class_list":{"0":"post-432315","1":"post","2":"type-post","3":"status-publish","4":"format-standard","5":"has-post-thumbnail","7":"category-paris","8":"tag-actu","9":"tag-actu-paris","10":"tag-actualites","11":"tag-actualites-paris","12":"tag-alicante","13":"tag-cout-de-la-vie","14":"tag-eu","15":"tag-europe","16":"tag-fr","17":"tag-france","18":"tag-les-courses","19":"tag-mois","20":"tag-news","21":"tag-news-paris","22":"tag-paris","23":"tag-paris-news","24":"tag-region-de-valence","25":"tag-republique-francaise"},"share_on_mastodon":{"url":"https:\/\/pubeurope.com\/@fr\/115301575870362003","error":""},"_links":{"self":[{"href":"https:\/\/www.europesays.com\/fr\/wp-json\/wp\/v2\/posts\/432315","targetHints":{"allow":["GET"]}}],"collection":[{"href":"https:\/\/www.europesays.com\/fr\/wp-json\/wp\/v2\/posts"}],"about":[{"href":"https:\/\/www.europesays.com\/fr\/wp-json\/wp\/v2\/types\/post"}],"author":[{"embeddable":true,"href":"https:\/\/www.europesays.com\/fr\/wp-json\/wp\/v2\/users\/2"}],"replies":[{"embeddable":true,"href":"https:\/\/www.europesays.com\/fr\/wp-json\/wp\/v2\/comments?post=432315"}],"version-history":[{"count":0,"href":"https:\/\/www.europesays.com\/fr\/wp-json\/wp\/v2\/posts\/432315\/revisions"}],"wp:featuredmedia":[{"embeddable":true,"href":"https:\/\/www.europesays.com\/fr\/wp-json\/wp\/v2\/media\/432316"}],"wp:attachment":[{"href":"https:\/\/www.europesays.com\/fr\/wp-json\/wp\/v2\/media?parent=432315"}],"wp:term":[{"taxonomy":"category","embeddable":true,"href":"https:\/\/www.europesays.com\/fr\/wp-json\/wp\/v2\/categories?post=432315"},{"taxonomy":"post_tag","embeddable":true,"href":"https:\/\/www.europesays.com\/fr\/wp-json\/wp\/v2\/tags?post=432315"}],"curies":[{"name":"wp","href":"https:\/\/api.w.org\/{rel}","templated":true}]}}