{"id":432317,"date":"2025-10-01T23:46:10","date_gmt":"2025-10-01T23:46:10","guid":{"rendered":"https:\/\/www.europesays.com\/fr\/432317\/"},"modified":"2025-10-01T23:46:10","modified_gmt":"2025-10-01T23:46:10","slug":"previsions-du-jeudi-2-octobre-2025-6","status":"publish","type":"post","link":"https:\/\/www.europesays.com\/fr\/432317\/","title":{"rendered":"pr\u00e9visions du jeudi 2 octobre 2025"},"content":{"rendered":"<p class=\"mb-4 text-lg md:leading-8 break-words\"><strong>M\u00e9t\u00e9o &#8211; C&rsquo;est un soleil splendide qui va se montrer aujourd&rsquo;hui. Les temp\u00e9ratures seront de 15\u00b0C la matin\u00e9e et de 19\u00b0C l&rsquo;apr\u00e8s-midi&#8230;<\/strong><\/p>\n<p class=\"mb-4 text-lg md:leading-8 break-words\">Aujourd&rsquo;hui, les Parisiens vont pouvoir profiter d&rsquo;un soleil radieux. Les valeurs s&rsquo;\u00e9chelonneront entre 12 et 19\u00b0C. Un vent de sud-est rafra\u00eechira sensiblement l&rsquo;atmosph\u00e8re. Le matin, le thermom\u00e8tre affichera 15\u00b0C en moyenne. La m\u00e9t\u00e9o va se r\u00e9chauffer l&rsquo;apr\u00e8s-midi avec une hausse de quelques degr\u00e9s. Les temp\u00e9ratures seront comprises entre 17 et 19\u00b0C. Des \u00e9claircies feront leur apparition dans la soir\u00e9e. On anticipe des valeurs d&rsquo;environ 16\u00b0C. Un ciel clair est attendu dans la nuit entre jeudi et vendredi.<\/p>\n<p class=\"mb-4 text-lg md:leading-8 break-words\">Avec des nuages demain, \u00e0 Paris, le ciel sera encore couvert. Une chute des temp\u00e9ratures est \u00e0 pr\u00e9voir. Les valeurs afficheront entre 13 et 16\u00b0C. Des pluies \u00e9parses tomberont dans la matin\u00e9e. Un l\u00e9ger vent de sud soufflera. Mauvais temps : on annonce de la bruine pour demain apr\u00e8s-midi. Les valeurs s&rsquo;\u00e9chelonneront entre 13\u00b0C et 15\u00b0C. De la bruine l\u00e9g\u00e8re va tomber tout au long de la soir\u00e9e. Il va faire 13\u00b0C en moyenne. Une modeste brise de sud sera ressentie par les habitants.<\/p>\n<p class=\"mb-4 text-lg md:leading-8 break-words\">Le temps des journ\u00e9es qui suivent va changer peu \u00e0 peu. M\u00eame si le mauvais temps se maintiendra quelque peu samedi, il faut s&rsquo;attendre \u00e0 une am\u00e9lioration ensuite.<\/p>\n<p class=\"mb-4 text-lg md:leading-8 break-words\"><a href=\"https:\/\/www.20minutes.fr\/planete\/previsions-meteo\/4176552-20251002-meteo-paris-previsions-jeudi-2-octobre-2025?at_medium=RSS%20feed&amp;at_campaign=ynews&amp;utm_source=yahoo&amp;utm_medium=rss&amp;utm_campaign=news_feed&amp;utm_content=read_more_link&quot;\" rel=\"nofollow noopener\" target=\"_blank\" data-ylk=\"slk:Lire la suite sur 20minutes;elm:context_link;itc:0;sec:content-canvas\" class=\"link \">Lire la suite sur 20minutes<\/a><\/p>\n","protected":false},"excerpt":{"rendered":"M\u00e9t\u00e9o &#8211; C&rsquo;est un soleil splendide qui va se montrer aujourd&rsquo;hui. Les temp\u00e9ratures seront de 15\u00b0C la matin\u00e9e&hellip;\n","protected":false},"author":2,"featured_media":432318,"comment_status":"","ping_status":"","sticky":false,"template":"","format":"standard","meta":{"footnotes":""},"categories":[1888],"tags":[1111,1928,11,1927,1777,674,1011,27,51394,56020,12,1926,626,1925,25],"class_list":{"0":"post-432317","1":"post","2":"type-post","3":"status-publish","4":"format-standard","5":"has-post-thumbnail","7":"category-paris","8":"tag-actu","9":"tag-actu-paris","10":"tag-actualites","11":"tag-actualites-paris","12":"tag-eu","13":"tag-europe","14":"tag-fr","15":"tag-france","16":"tag-la-matinee","17":"tag-mauvais-temps","18":"tag-news","19":"tag-news-paris","20":"tag-paris","21":"tag-paris-news","22":"tag-republique-francaise"},"share_on_mastodon":{"url":"https:\/\/pubeurope.com\/@fr\/115301579769170143","error":""},"_links":{"self":[{"href":"https:\/\/www.europesays.com\/fr\/wp-json\/wp\/v2\/posts\/432317","targetHints":{"allow":["GET"]}}],"collection":[{"href":"https:\/\/www.europesays.com\/fr\/wp-json\/wp\/v2\/posts"}],"about":[{"href":"https:\/\/www.europesays.com\/fr\/wp-json\/wp\/v2\/types\/post"}],"author":[{"embeddable":true,"href":"https:\/\/www.europesays.com\/fr\/wp-json\/wp\/v2\/users\/2"}],"replies":[{"embeddable":true,"href":"https:\/\/www.europesays.com\/fr\/wp-json\/wp\/v2\/comments?post=432317"}],"version-history":[{"count":0,"href":"https:\/\/www.europesays.com\/fr\/wp-json\/wp\/v2\/posts\/432317\/revisions"}],"wp:featuredmedia":[{"embeddable":true,"href":"https:\/\/www.europesays.com\/fr\/wp-json\/wp\/v2\/media\/432318"}],"wp:attachment":[{"href":"https:\/\/www.europesays.com\/fr\/wp-json\/wp\/v2\/media?parent=432317"}],"wp:term":[{"taxonomy":"category","embeddable":true,"href":"https:\/\/www.europesays.com\/fr\/wp-json\/wp\/v2\/categories?post=432317"},{"taxonomy":"post_tag","embeddable":true,"href":"https:\/\/www.europesays.com\/fr\/wp-json\/wp\/v2\/tags?post=432317"}],"curies":[{"name":"wp","href":"https:\/\/api.w.org\/{rel}","templated":true}]}}