{"id":432322,"date":"2025-10-01T23:49:11","date_gmt":"2025-10-01T23:49:11","guid":{"rendered":"https:\/\/www.europesays.com\/fr\/432322\/"},"modified":"2025-10-01T23:49:11","modified_gmt":"2025-10-01T23:49:11","slug":"lidee-dutiliser-les-avoirs-russes-immobilises-dans-lunion-au-benefice-de-lukraine-gagne-du-terrain-mais-preoccupe-encore-la-belgique","status":"publish","type":"post","link":"https:\/\/www.europesays.com\/fr\/432322\/","title":{"rendered":"L&rsquo;id\u00e9e d&rsquo;utiliser les avoirs russes immobilis\u00e9s dans l&rsquo;Union au b\u00e9n\u00e9fice de l&rsquo;Ukraine gagne du terrain\u2026 mais pr\u00e9occupe encore la Belgique"},"content":{"rendered":"<p class=\"text-left ap-StoryElement ap-StoryElement--mb ap-StoryText\">La pr\u00e9sidente Ursula von der Leyen a pr\u00e9sent\u00e9 aux dirigeants europ\u00e9ens l&rsquo;id\u00e9e de la Commission quant \u00e0 une nouvelle mani\u00e8re d&rsquo;utiliser au b\u00e9n\u00e9fice de l&rsquo;Ukraine les avoirs de la Banque centrale russe immobilis\u00e9s dans l&rsquo;Union europ\u00e9enne \u2013 210 milliards d&rsquo;euros, dont 185 milliards se trouvent sur les comptes de la soci\u00e9t\u00e9 Euroclear, bas\u00e9e \u00e0 Bruxelles. Il ne s&rsquo;agit en aucun cas de confisquer les avoirs russes, mais de les utiliser pour faire \u00e0 l&rsquo;Ukraine un \u00ab\u00a0pr\u00eat de r\u00e9paration\u00a0\u00bb de 140 milliards que Kiev devrait rembourser si, \u00e0 l&rsquo;issue du conflit, la Russie paie les dommages commis durant l&rsquo;agression de son voisin. \u00ab\u00a0Il y a un consensus croissant que ce ne sont pas les contribuables europ\u00e9ens qui doivent payer le soutien \u00e0 l&rsquo;Ukraine. La Russie doit rendre des comptes\u00a0\u00bb, affirme Mme von der Leyen.<\/p>\n<p class=\"ap-StoryElement ap-StoryElement--mb ap-StoryText\">L&rsquo;id\u00e9e a re\u00e7u l&rsquo;appui des uns \u2013 les Nordiques, les Baltes, l&rsquo;Allemagne, des pays d&rsquo;Europe centrale et orientale \u2013 et suscite la franche r\u00e9serve des autres, ce qu&rsquo;a confirm\u00e9 la discussion au sommet. \u00c0 la t\u00eate des leaders europ\u00e9ens que le plan laisse tr\u00e8s circonspects, on trouve le Premier ministre belge Bart De Wever.<\/p>\n<p>Bart de Wever, \u00ab\u00a0pas enthousiaste\u00a0\u00bb<\/p>\n<p class=\"text-left ap-StoryElement ap-StoryElement--mb ap-StoryText\">L&rsquo;Anversois n&rsquo;a fait aucune d\u00e9claration avant l&rsquo;entame du sommet, mais il avait d\u00e9j\u00e0 exprim\u00e9 ses doutes et conditions mardi, lors d&rsquo;un d\u00e9bat \u00e0 la Chambre. \u00ab\u00a0Je ne suis pas enthousiaste, a indiqu\u00e9 le chef du gouvernement. Mais je vois naturellement ce que vous voyez aussi, \u00e0 savoir que les pays, l&rsquo;un apr\u00e8s l&rsquo;autre, sont en train de changer leur fusil d&rsquo;\u00e9paule\u00a0\u00bb. Le chancelier allemand Friedrich Merz, notamment, s&rsquo;est rang\u00e9 \u00e0 l&rsquo;id\u00e9e.<\/p>\n<p><a href=\"https:\/\/www.lalibre.be\/economie\/conjoncture\/2025\/02\/19\/trois-ans-apres-le-debut-de-la-guerre-la-belgique-a-gele-ou-immobilise-258-milliards-deuros-davoirs-russes-cest-un-record-sur-la-planete-4U24BKPRLNHPBLUKKWDEKR7JUI\/\" target=\"_blank\" rel=\"noopener noreferrer\" class=\"ap-StoryInterstitialLink ap-StoryElement ap-StoryElement--mb\">Trois ans apr\u00e8s le d\u00e9but de la guerre, la Belgique a \u00ab\u00a0gel\u00e9\u00a0\u00bb ou immobilis\u00e9 258 milliards d&rsquo;euros d&rsquo;avoirs russes.<\/a><\/p>\n<p class=\"text-left ap-StoryElement ap-StoryElement--mb ap-StoryText\">La Belgique ne ferme pas enti\u00e8rement la porte, mais pose ses conditions, dont celle de la mutualisation des risques juridico-financiers que poserait l&rsquo;op\u00e9ration envisag\u00e9e. <a href=\"https:\/\/www.lalibre.be\/international\/europe\/2024\/03\/19\/leurope-veut-que-les-profits-generes-par-les-avoirs-russes-geles-beneficient-a-lukraine-la-belgique-concernee-au-premier-chef-AWUNGUW62ZGKZEGN7GJ7PKALB4\/#:~:text=Entre%202%2C5%20et%203,financier%20des%20repr%C3%A9sailles%20de%20Moscou.\" target=\"_self\" rel=\"noopener\">L&rsquo;UE utilise d\u00e9j\u00e0 les 2,5 \u00e0 3 milliards d&rsquo;euros annuels g\u00e9n\u00e9r\u00e9s par les int\u00e9r\u00eats<\/a> des avoirs immobilis\u00e9s pour aider l&rsquo;Ukraine et la Belgique<a href=\"https:\/\/www.lalibre.be\/international\/europe\/2024\/03\/19\/leurope-veut-que-les-profits-generes-par-les-avoirs-russes-geles-beneficient-a-lukraine-la-belgique-concernee-au-premier-chef-AWUNGUW62ZGKZEGN7GJ7PKALB4\/#:~:text=Entre%202%2C5%20et%203,financier%20des%20repr%C3%A9sailles%20de%20Moscou.\" target=\"_self\" rel=\"noopener\"> ceux de l&rsquo;imp\u00f4t des soci\u00e9t\u00e9s pay\u00e9 par Euroclear<\/a>. Mais elle redoute que ce que pr\u00e9conise la Commission soit consid\u00e9r\u00e9 comme une confiscation, ill\u00e9gale, des avoirs d&rsquo;un \u00c9tat souverain, ce qui exposerait la Belgique, pays du si\u00e8ge d&rsquo;Euroclear, \u00e0 des repr\u00e9sailles juridiques et financi\u00e8res de Moscou. Bart De Wever tient absolument \u00e0 ce que, dans ce sc\u00e9nario, la Belgique b\u00e9n\u00e9ficie du soutien et de la solidarit\u00e9 de ses partenaires europ\u00e9ens. \u00ab\u00a0Il est absolument certain que la Belgique ne peut pas \u00eatre le seul \u00c9tat membre \u00e0 courir les risques\u00a0\u00bb, a cherch\u00e9 \u00e0 rassurer la pr\u00e9sidente de la Commission, \u00e0 l&rsquo;issue de la r\u00e9union.<\/p>\n<p>De \u00ab\u00a0solides bases l\u00e9gales\u00a0\u00bb ?<\/p>\n<p class=\"text-left ap-StoryElement ap-StoryElement--mb ap-StoryText\">La Belgique n&rsquo;est pas la seule \u00e0 se montrer dubitative. \u00ab\u00a0Comment un tel pr\u00eat serait-il rembours\u00e9 ? Que se passerait-il si la Russie ne remboursait pas ces r\u00e9parations dans un trait\u00e9 de paix ? Nous devons nous assurer que cela fonctionne dans la pratique et d\u00e9terminer qui en assumera la responsabilit\u00e9\u00a0\u00bb, a mis en garde le Premier ministre luxembourgeois Luc Frieden. \u00ab\u00a0Nous avons le devoir de rester une place attractive et fiable. Quand des avoirs sont gel\u00e9s, on respecte le droit international\u00a0\u00bb, estime de son c\u00f4t\u00e9 le pr\u00e9sident fran\u00e7ais Emmanuel Macron.<\/p>\n<p><a href=\"https:\/\/www.lalibre.be\/belgique\/judiciaire\/2023\/10\/20\/quand-la-belgique-aide-lukraine-financierement-grace-a-une-montagne-dargent-russe-I3NZYQDWSZBNFPXNB25DCT6SSY\/\" target=\"_blank\" rel=\"noopener noreferrer\" class=\"ap-StoryInterstitialLink ap-StoryElement ap-StoryElement--mb\">Quand la Belgique aide l&rsquo;Ukraine financi\u00e8rement gr\u00e2ce \u00e0 une montagne d&rsquo;argent russe<\/a><\/p>\n<p class=\"text-left ap-StoryElement ap-StoryElement--mb ap-StoryText\">La cheffe de la diplomatie europ\u00e9enne, Kaja Kallas, a soulign\u00e9 pour sa part qu&rsquo;en droit international, l&rsquo;\u00c9tat qui commet des dommages de guerre est tenu de les rembourser. Et d&rsquo;\u00e9vacuer la menace que d&rsquo;autres pays pourraient d\u00e9poser leurs avoirs hors d&rsquo;Europe s&rsquo;ils craignent de se les voir confisquer. \u00ab\u00a0Si vous ne d\u00e9clenchez pas de guerre contre un autre pays, vous ne courez aucun risque\u00a0\u00bb, a cingl\u00e9 l&rsquo;Estonienne. La pr\u00e9sidente de la Commission assure quant \u00e0 elle que sa proposition \u00ab\u00a0s&rsquo;appuie sur de solides bases l\u00e9gales\u00a0\u00bb. Ce dont tout le monde doit encore \u00eatre convaincu.<\/p>\n","protected":false},"excerpt":{"rendered":"La pr\u00e9sidente Ursula von der Leyen a pr\u00e9sent\u00e9 aux dirigeants europ\u00e9ens l&rsquo;id\u00e9e de la Commission quant \u00e0 une&hellip;\n","protected":false},"author":2,"featured_media":432323,"comment_status":"","ping_status":"","sticky":false,"template":"","format":"standard","meta":{"footnotes":""},"categories":[1591],"tags":[11,10350,21332,1887,1227,12,9024,1885,1886,132],"class_list":{"0":"post-432322","1":"post","2":"type-post","3":"status-publish","4":"format-standard","5":"has-post-thumbnail","7":"category-russie","8":"tag-actualites","9":"tag-conflict","10":"tag-diplomacy","11":"tag-federation-de-russie","12":"tag-horizontal","13":"tag-news","14":"tag-politics","15":"tag-russia","16":"tag-russian-federation","17":"tag-russie"},"share_on_mastodon":{"url":"https:\/\/pubeurope.com\/@fr\/115301591621479923","error":""},"_links":{"self":[{"href":"https:\/\/www.europesays.com\/fr\/wp-json\/wp\/v2\/posts\/432322","targetHints":{"allow":["GET"]}}],"collection":[{"href":"https:\/\/www.europesays.com\/fr\/wp-json\/wp\/v2\/posts"}],"about":[{"href":"https:\/\/www.europesays.com\/fr\/wp-json\/wp\/v2\/types\/post"}],"author":[{"embeddable":true,"href":"https:\/\/www.europesays.com\/fr\/wp-json\/wp\/v2\/users\/2"}],"replies":[{"embeddable":true,"href":"https:\/\/www.europesays.com\/fr\/wp-json\/wp\/v2\/comments?post=432322"}],"version-history":[{"count":0,"href":"https:\/\/www.europesays.com\/fr\/wp-json\/wp\/v2\/posts\/432322\/revisions"}],"wp:featuredmedia":[{"embeddable":true,"href":"https:\/\/www.europesays.com\/fr\/wp-json\/wp\/v2\/media\/432323"}],"wp:attachment":[{"href":"https:\/\/www.europesays.com\/fr\/wp-json\/wp\/v2\/media?parent=432322"}],"wp:term":[{"taxonomy":"category","embeddable":true,"href":"https:\/\/www.europesays.com\/fr\/wp-json\/wp\/v2\/categories?post=432322"},{"taxonomy":"post_tag","embeddable":true,"href":"https:\/\/www.europesays.com\/fr\/wp-json\/wp\/v2\/tags?post=432322"}],"curies":[{"name":"wp","href":"https:\/\/api.w.org\/{rel}","templated":true}]}}