{"id":432325,"date":"2025-10-01T23:51:14","date_gmt":"2025-10-01T23:51:14","guid":{"rendered":"https:\/\/www.europesays.com\/fr\/432325\/"},"modified":"2025-10-01T23:51:14","modified_gmt":"2025-10-01T23:51:14","slug":"les-etats-unis-approuvent-la-vente-de-systemes-de-roquettes-au-canada","status":"publish","type":"post","link":"https:\/\/www.europesays.com\/fr\/432325\/","title":{"rendered":"Les \u00c9tats-Unis approuvent la vente de syst\u00e8mes de roquettes au Canada"},"content":{"rendered":"<p>WASHINGTON \u2014 Le D\u00e9partement d\u2019\u00c9tat am\u00e9ricain a approuv\u00e9 la vente \u00e9ventuelle de syst\u00e8mes de roquettes d\u2019artillerie \u00e0 haute mobilit\u00e9 M142 et d\u2019\u00e9quipements connexes au Canada.<\/p>\n<p>Un communiqu\u00e9 de presse de l\u2019Agence de coop\u00e9ration pour la s\u00e9curit\u00e9 et la d\u00e9fense (Defense Security Cooperation Agency), qui fait partie du D\u00e9partement de la D\u00e9fense des \u00c9tats-Unis, estime le co\u00fbt de la vente \u00e0 1,75\u00a0milliard\u00a0$\u00a0US et pr\u00e9cise que le principal entrepreneur est Lockheed Martin.<\/p>\n<p>Le communiqu\u00e9 indique que le Canada a demand\u00e9 l\u2019achat de 26\u00a0de ces syst\u00e8mes \u2014 appel\u00e9s HIMARS \u2014 ainsi que d\u2019autres articles.<\/p>\n<p>Le communiqu\u00e9 pr\u00e9cise que la vente propos\u00e9e soutiendra les objectifs de politique \u00e9trang\u00e8re et de s\u00e9curit\u00e9 nationale des \u00c9tats-Unis en contribuant \u00e0 am\u00e9liorer les capacit\u00e9s militaires du Canada.<\/p>\n<p>\u00abCette capacit\u00e9 prot\u00e9gera le Canada en am\u00e9liorant sa contribution \u00e0 la d\u00e9fense collective de l\u2019h\u00e9misph\u00e8re et \u00e0 la d\u00e9fense et \u00e0 la dissuasion en Europe, conform\u00e9ment aux plans de d\u00e9fense de l\u2019OTAN, indique le communiqu\u00e9. Le Canada n\u2019aura aucune difficult\u00e9 \u00e0 int\u00e9grer ces articles et ces services \u00e0 ses forces arm\u00e9es.\u00bb<\/p>\n<p>Le premier ministre Mark Carney a promis d\u2019atteindre l\u2019objectif de d\u00e9penses de d\u00e9fense du Canada fix\u00e9 par l\u2019OTAN \u2014 l\u2019\u00e9quivalent de 2\u00a0% du produit int\u00e9rieur brut \u2014 au cours de l\u2019exercice 2025-2026.<\/p>\n<p>En juin, M.\u00a0Carney a indiqu\u00e9 que le Canada investirait plus de 9\u00a0milliards\u00a0$\u00a0US dans la d\u00e9fense au cours de cet exercice. Les plans d\u2019investissement du premier ministre en mati\u00e8re de d\u00e9fense comprennent de nouveaux a\u00e9ronefs, des v\u00e9hicules arm\u00e9s et des munitions.<\/p>\n<p>Ottawa a expliqu\u00e9 vouloir se doter d\u2019une capacit\u00e9 de frappe de pr\u00e9cision \u00e0 longue port\u00e9e, et des repr\u00e9sentants gouvernementaux ont propos\u00e9 la plateforme HIMARS.<\/p>\n<p>\u00abNous allons rapidement acqu\u00e9rir de nouveaux \u00e9quipements et technologies, renforcer notre capacit\u00e9 industrielle de d\u00e9fense et respecter notre engagement de d\u00e9fense envers l\u2019OTAN cette ann\u00e9e, a d\u00e9clar\u00e9 M.\u00a0Carney en juin. Le Canada saisira cette occasion avec urgence et d\u00e9termination.\u00bb<\/p>\n<p>M.\u00a0Carney a \u00e9galement indiqu\u00e9 qu\u2019Ottawa cherchait \u00e0 r\u00e9orienter ses d\u00e9penses de d\u00e9fense vers des pays autres que les \u00c9tats-Unis, compte tenu des relations bilat\u00e9rales tendues entre le Canada et l\u2019administration Trump.<\/p>\n<p>Les cabinets du ministre de l\u2019Approvisionnement, Jo\u00ebl Lightbound, et du ministre de la D\u00e9fense, David McGuinty, n\u2019ont pas encore r\u00e9pondu aux demandes de commentaires.<\/p>\n<p>Le pr\u00e9sident am\u00e9ricain Donald Trump a pass\u00e9 des ann\u00e9es \u00e0 critiquer les pays de l\u2019OTAN qui n\u2019ont pas atteint leurs objectifs de d\u00e9penses de d\u00e9fense, dont le Canada.<\/p>\n<p>Apr\u00e8s le retour de Donald Trump \u00e0 la Maison-Blanche plus t\u00f4t cette ann\u00e9e, et alors que la guerre men\u00e9e par la Russie en Ukraine se poursuit, les pays de l\u2019OTAN se sont engag\u00e9s \u00e0 accro\u00eetre rapidement leurs d\u00e9penses de d\u00e9fense.<\/p>\n<p>La vente de HIMARS a \u00e9t\u00e9 approuv\u00e9e par l\u2019Agence de coop\u00e9ration pour la s\u00e9curit\u00e9 et la d\u00e9fense, mais elle devra encore \u00eatre approuv\u00e9e par le Congr\u00e8s. Des n\u00e9gociations distinctes auront \u00e9galement lieu entre Ottawa et Lockheed Martin.<\/p>\n<p>Le communiqu\u00e9 de presse pr\u00e9cise que la valeur en dollars annonc\u00e9e mercredi correspond \u00e0 la quantit\u00e9 estim\u00e9e la plus \u00e9lev\u00e9e, bas\u00e9e sur les besoins initiaux, et que le prix final pourrait \u00eatre inf\u00e9rieur, selon l\u2019accord de vente sign\u00e9.<\/p>\n<p>L\u2019achat approuv\u00e9 comprend des nacelles de lancement de fus\u00e9es, des services de soutien \u00e0 l\u2019int\u00e9gration, des pi\u00e8ces de rechange et des formations.<\/p>\n","protected":false},"excerpt":{"rendered":"WASHINGTON \u2014 Le D\u00e9partement d\u2019\u00c9tat am\u00e9ricain a approuv\u00e9 la vente \u00e9ventuelle de syst\u00e8mes de roquettes d\u2019artillerie \u00e0 haute&hellip;\n","protected":false},"author":2,"featured_media":432326,"comment_status":"","ping_status":"","sticky":false,"template":"","format":"standard","meta":{"footnotes":""},"categories":[1589],"tags":[11,73,1866,4574,11621,48760,4576,12,1864,1865,1863,308],"class_list":{"0":"post-432325","1":"post","2":"type-post","3":"status-publish","4":"format-standard","5":"has-post-thumbnail","7":"category-etats-unis","8":"tag-actualites","9":"tag-etats-unis","10":"tag-etats-unis-damerique","11":"tag-https-lactualite-com-sujet-affaires","12":"tag-https-lactualite-com-sujet-defense","13":"tag-https-lactualite-com-sujet-fabrication","14":"tag-https-lactualite-com-sujet-politique","15":"tag-news","16":"tag-united-states","17":"tag-united-states-of-america","18":"tag-us","19":"tag-usa"},"share_on_mastodon":{"url":"https:\/\/pubeurope.com\/@fr\/115301599523562977","error":""},"_links":{"self":[{"href":"https:\/\/www.europesays.com\/fr\/wp-json\/wp\/v2\/posts\/432325","targetHints":{"allow":["GET"]}}],"collection":[{"href":"https:\/\/www.europesays.com\/fr\/wp-json\/wp\/v2\/posts"}],"about":[{"href":"https:\/\/www.europesays.com\/fr\/wp-json\/wp\/v2\/types\/post"}],"author":[{"embeddable":true,"href":"https:\/\/www.europesays.com\/fr\/wp-json\/wp\/v2\/users\/2"}],"replies":[{"embeddable":true,"href":"https:\/\/www.europesays.com\/fr\/wp-json\/wp\/v2\/comments?post=432325"}],"version-history":[{"count":0,"href":"https:\/\/www.europesays.com\/fr\/wp-json\/wp\/v2\/posts\/432325\/revisions"}],"wp:featuredmedia":[{"embeddable":true,"href":"https:\/\/www.europesays.com\/fr\/wp-json\/wp\/v2\/media\/432326"}],"wp:attachment":[{"href":"https:\/\/www.europesays.com\/fr\/wp-json\/wp\/v2\/media?parent=432325"}],"wp:term":[{"taxonomy":"category","embeddable":true,"href":"https:\/\/www.europesays.com\/fr\/wp-json\/wp\/v2\/categories?post=432325"},{"taxonomy":"post_tag","embeddable":true,"href":"https:\/\/www.europesays.com\/fr\/wp-json\/wp\/v2\/tags?post=432325"}],"curies":[{"name":"wp","href":"https:\/\/api.w.org\/{rel}","templated":true}]}}