{"id":432327,"date":"2025-10-01T23:52:11","date_gmt":"2025-10-01T23:52:11","guid":{"rendered":"https:\/\/www.europesays.com\/fr\/432327\/"},"modified":"2025-10-01T23:52:11","modified_gmt":"2025-10-01T23:52:11","slug":"au-royaume-uni-le-labour-de-keir-starmer-face-a-lusure-acceleree-du-pouvoir-liberation","status":"publish","type":"post","link":"https:\/\/www.europesays.com\/fr\/432327\/","title":{"rendered":"Au Royaume-Uni, le Labour de Keir Starmer face \u00e0 l\u2019usure acc\u00e9l\u00e9r\u00e9e du pouvoir \u2013 Lib\u00e9ration"},"content":{"rendered":"<p class=\"sc-cPiKLX AiZTS text-element\">A Liverpool, le congr\u00e8s du Parti travailliste s\u2019ach\u00e8ve sur une note d\u2019espoir, ce mercredi 1er octobre. Keir Starmer a sauv\u00e9 la mise en livrant un discours plut\u00f4t inspir\u00e9. La veille, le grand raout des travaillistes avait pourtant bien mal commenc\u00e9. Dans les docks de briques et de verre qui bordent le fleuve Mersey, les v\u00e9ritables activistes \u00e9taient rares, les manifestants nombreux, et dans le centre de conf\u00e9rence, les lobbyistes \u00e9taient plus nombreux que les militants. <\/p>\n<p class=\"sc-cPiKLX AiZTS text-element\">\u00abQuinze mois ont pass\u00e9 <a href=\"https:\/\/www.liberation.fr\/international\/europe\/elections-au-royaume-uni-large-victoire-du-labour-la-gauche-revient-triomphalement-au-pouvoir-20240704_CJILLCRCFBAF7IW4QRGL6ZOO4M\/\" target=\"_blank\" rel=\"noreferrer noopener\" title=\"https:\/\/www.liberation.fr\/international\/europe\/elections-au-royaume-uni-large-victoire-du-labour-la-gauche-revient-triomphalement-au-pouvoir-20240704_CJILLCRCFBAF7IW4QRGL6ZOO4M\/\">apr\u00e8s des \u00e9lections qui ont donn\u00e9 au Labour une \u00e9norme majorit\u00e9<\/a> et il n\u2019y a pas grand-chose qui aille dans la bonne direction. \u00c7a n\u2019a jamais \u00e9t\u00e9 aussi calme\u2026\u00bb s\u2019\u00e9tonne une lobbyiste. Elle regrette, en vrac, \u00abla confusion, le manque d\u2019optimisme, de direction et de vision\u00bb et s\u2019interrompt pour regarder la chanceli\u00e8re de l\u2019Echiquier, Rachel Reeves, traverser la cour d\u2019un pas d\u00e9termin\u00e9, entour\u00e9e de gardes du corps. \u00abOn a vot\u00e9 pour le changement et il n\u2019y en a pas\u00bb, reprend-elle. Un jeune Liverpuldien confirme son diagnostic : lui aussi aimerait \u00abque le <\/p>\n","protected":false},"excerpt":{"rendered":"A Liverpool, le congr\u00e8s du Parti travailliste s\u2019ach\u00e8ve sur une note d\u2019espoir, ce mercredi 1er octobre. Keir Starmer&hellip;\n","protected":false},"author":2,"featured_media":432328,"comment_status":"","ping_status":"","sticky":false,"template":"","format":"standard","meta":{"footnotes":""},"categories":[1588],"tags":[11,1777,674,2581,12,473,1853,1851,1850,1852],"class_list":{"0":"post-432327","1":"post","2":"type-post","3":"status-publish","4":"format-standard","5":"has-post-thumbnail","7":"category-royaume-uni","8":"tag-actualites","9":"tag-eu","10":"tag-europe","11":"tag-keir-starmer","12":"tag-news","13":"tag-royaume-uni","14":"tag-royaume-uni-de-grande-bretagne-et-dirlande-du-nord","15":"tag-uk","16":"tag-united-kingdom","17":"tag-united-kingdom-of-great-britain-and-northern-ireland"},"share_on_mastodon":{"url":"https:\/\/pubeurope.com\/@fr\/115301603498641937","error":""},"_links":{"self":[{"href":"https:\/\/www.europesays.com\/fr\/wp-json\/wp\/v2\/posts\/432327","targetHints":{"allow":["GET"]}}],"collection":[{"href":"https:\/\/www.europesays.com\/fr\/wp-json\/wp\/v2\/posts"}],"about":[{"href":"https:\/\/www.europesays.com\/fr\/wp-json\/wp\/v2\/types\/post"}],"author":[{"embeddable":true,"href":"https:\/\/www.europesays.com\/fr\/wp-json\/wp\/v2\/users\/2"}],"replies":[{"embeddable":true,"href":"https:\/\/www.europesays.com\/fr\/wp-json\/wp\/v2\/comments?post=432327"}],"version-history":[{"count":0,"href":"https:\/\/www.europesays.com\/fr\/wp-json\/wp\/v2\/posts\/432327\/revisions"}],"wp:featuredmedia":[{"embeddable":true,"href":"https:\/\/www.europesays.com\/fr\/wp-json\/wp\/v2\/media\/432328"}],"wp:attachment":[{"href":"https:\/\/www.europesays.com\/fr\/wp-json\/wp\/v2\/media?parent=432327"}],"wp:term":[{"taxonomy":"category","embeddable":true,"href":"https:\/\/www.europesays.com\/fr\/wp-json\/wp\/v2\/categories?post=432327"},{"taxonomy":"post_tag","embeddable":true,"href":"https:\/\/www.europesays.com\/fr\/wp-json\/wp\/v2\/tags?post=432327"}],"curies":[{"name":"wp","href":"https:\/\/api.w.org\/{rel}","templated":true}]}}