{"id":432329,"date":"2025-10-01T23:53:11","date_gmt":"2025-10-01T23:53:11","guid":{"rendered":"https:\/\/www.europesays.com\/fr\/432329\/"},"modified":"2025-10-01T23:53:11","modified_gmt":"2025-10-01T23:53:11","slug":"incendie-explosifs-suicide-ce-que-lon-sait-apres-la-fermeture-provisoire-de-la-fete-de-la-biere-a-munich","status":"publish","type":"post","link":"https:\/\/www.europesays.com\/fr\/432329\/","title":{"rendered":"Incendie, explosifs, suicide\u2026 Ce que l\u2019on sait apr\u00e8s la fermeture provisoire de la F\u00eate de la bi\u00e8re \u00e0 Munich"},"content":{"rendered":"<p class=\"mb-4 text-lg md:leading-8 break-words\"><strong>menace et confusion &#8211; L\u2019alerte \u00e0 la bombe, qui avait provoqu\u00e9 la fermeture provisoire de l\u2019Oktoberfest, a \u00e9t\u00e9 lev\u00e9e apr\u00e8s la mort de l\u2019auteur pr\u00e9sum\u00e9 des menaces, qui transportait bien des explosifs<\/strong><\/p>\n<p class=\"mb-4 text-lg md:leading-8 break-words\">La bi\u00e8re va pouvoir de nouveau couler \u00e0 flots dans le sud de l\u2019<a href=\"https:\/\/www.20minutes.fr\/dossier\/allemagne?at_medium=RSS%20feed&amp;at_campaign=ynews&amp;utm_source=yahoo&amp;utm_medium=rss&amp;utm_campaign=news_feed&amp;utm_content=in_article_link\" rel=\"nofollow noopener\" target=\"_blank\" data-ylk=\"slk:Allemagne;elm:context_link;itc:0;sec:content-canvas\" class=\"link \">Allemagne<\/a>. Le maire de <a href=\"https:\/\/www.20minutes.fr\/dossier\/munich?at_medium=RSS%20feed&amp;at_campaign=ynews&amp;utm_source=yahoo&amp;utm_medium=rss&amp;utm_campaign=news_feed&amp;utm_content=in_article_link\" rel=\"nofollow noopener\" target=\"_blank\" data-ylk=\"slk:Munich;elm:context_link;itc:0;sec:content-canvas\" class=\"link \">Munich<\/a>, Dieter Reiter (SPD), a annonc\u00e9 la r\u00e9ouverture de la F\u00eate de la bi\u00e8re \u00e0 17h30, <a href=\"https:\/\/www.20minutes.fr\/monde\/allemagne\/4176373-20251001-munich-fete-biere-fermee-apres-incendie-suivi-explosion?at_medium=RSS%20feed&amp;at_campaign=ynews&amp;utm_source=yahoo&amp;utm_medium=rss&amp;utm_campaign=news_feed&amp;utm_content=in_article_link\" rel=\"nofollow noopener\" target=\"_blank\" data-ylk=\"slk:apr\u00e8s plusieurs heures de fermeture provisoire,;elm:context_link;itc:0;sec:content-canvas\" class=\"link \">apr\u00e8s plusieurs heures de fermeture provisoire,<\/a> en raison d\u2019une alerte \u00e0 la bombe. 20 Minutes fait le point sur ce que l\u2019on sait des \u00e9v\u00e9nements survenus dans la capitale bavaroise mercredi.<\/p>\n<p>Des explosions et une maison en flamme<\/p>\n<p class=\"mb-4 text-lg md:leading-8 break-words\">Mercredi matin, sur son compte X, la police de Munich a annonc\u00e9 qu\u2019elle intervenait sur l\u2019incendie d\u2019une maison dans le nord de la ville et que plusieurs d\u00e9tonations avaient \u00e9t\u00e9 entendues. Dans son direct, le quotidien allemand <a href=\"https:\/\/www.sueddeutsche.de\/muenchen\/oktoberfest-2025-news-muenchen-1-oktober-liveticker-li.3318969?at_medium=RSS%20feed&amp;at_campaign=ynews&amp;utm_source=yahoo&amp;utm_medium=rss&amp;utm_campaign=news_feed&amp;utm_content=in_article_link\" rel=\"nofollow noopener\" target=\"_blank\" data-ylk=\"slk:S\u00fcddeutsche Zeitung;elm:context_link;itc:0;sec:content-canvas\" class=\"link \">S\u00fcddeutsche Zeitung<\/a> rapporte une maison et trois v\u00e9hicules sont en flamme \u00e0 la suite de plusieurs explosions.<\/p>\n<p class=\"mb-4 text-lg md:leading-8 break-words\">Dans un deuxi\u00e8me temps, les forces de l\u2019ordre annoncent que des engins explosifs ont \u00e9t\u00e9 d\u00e9couverts sur les lieux et qu\u2019elles enqu\u00eatent sur un lien \u00e9ventuel avec l\u2019Oktoberfest, qui se tient pr\u00e8s du centre de la capitale bavaroise. Par mesure de pr\u00e9caution, la F\u00eate de la bi\u00e8re reste ferm\u00e9e provisoirement jusqu\u2019\u00e0 17 heures \u00ab en raison d\u2019une alerte \u00e0 la bombe \u00bb, annonce l\u2019\u00e9v\u00e8nement sur son site Internet.<\/p>\n<p class=\"mb-4 text-lg md:leading-8 break-words\">Dans le quartier, des immeubles sont \u00e9vacu\u00e9s et une \u00e9cole voisine est ferm\u00e9e.<\/p>\n<p>Une personne morte, deux bless\u00e9es<\/p>\n<p class=\"mb-4 text-lg md:leading-8 break-words\">A proximit\u00e9 de la maison incendi\u00e9e, pr\u00e8s d\u2019un lac, une personne est retrouv\u00e9e bless\u00e9e. Il s\u2019agit de l\u2019auteur pr\u00e9sum\u00e9 des faits, qui d\u00e9c\u00e8de rapidement, indique la police, \u00e9voquant la piste d\u2019un suicide.<\/p>\n<p class=\"mb-4 text-lg md:leading-8 break-words\">D\u2019apr\u00e8s les premiers \u00e9l\u00e9ments de l\u2019enqu\u00eate(&#8230;)<\/p>\n<p class=\"mb-4 text-lg md:leading-8 break-words\"><a href=\"https:\/\/www.20minutes.fr\/monde\/allemagne\/4176489-20251001-allemagne-incendie-explosifs-suicide-sait-apres-fermeture-provisoire-fete-biere-munich?at_medium=RSS%20feed&amp;at_campaign=ynews&amp;utm_source=yahoo&amp;utm_medium=rss&amp;utm_campaign=news_feed&amp;utm_content=read_more_link&quot;\" rel=\"nofollow noopener\" target=\"_blank\" data-ylk=\"slk:Lire la suite sur 20minutes;elm:context_link;itc:0;sec:content-canvas\" class=\"link \">Lire la suite sur 20minutes<\/a><\/p>\n<p>\u00c0 lire aussi :<br \/><a href=\"https:\/\/www.20minutes.fr\/faits_divers\/4176136-20250930-lyon-explosion-restaurant-centre-ville-fait-trois-blesses-dont-deux-graves?at_medium=RSS%20feed&amp;at_campaign=ynews&amp;utm_source=yahoo&amp;utm_medium=rss&amp;utm_campaign=news_feed&amp;utm_content=related_content_link\" rel=\"nofollow noopener\" target=\"_blank\" data-ylk=\"slk:Lyon : Une explosion dans un restaurant du centre-ville fait trois bless\u00e9s dont deux graves;elm:context_link;itc:0;sec:content-canvas\" class=\"link \">Lyon : Une explosion dans un restaurant du centre-ville fait trois bless\u00e9s dont deux graves<\/a><br \/><a href=\"https:\/\/www.20minutes.fr\/faits_divers\/4174286-20250920-grenoble-deux-gendarmes-blesses-tirs-feux-artifice?at_medium=RSS%20feed&amp;at_campaign=ynews&amp;utm_source=yahoo&amp;utm_medium=rss&amp;utm_campaign=news_feed&amp;utm_content=related_content_link\" rel=\"nofollow noopener\" target=\"_blank\" data-ylk=\"slk:Grenoble : Deux gendarmes bless\u00e9s par des tirs de feux d\u2019artifice;elm:context_link;itc:0;sec:content-canvas\" class=\"link \">Grenoble : Deux gendarmes bless\u00e9s par des tirs de feux d\u2019artifice<\/a><\/p>\n","protected":false},"excerpt":{"rendered":"menace et confusion &#8211; L\u2019alerte \u00e0 la bombe, qui avait provoqu\u00e9 la fermeture provisoire de l\u2019Oktoberfest, a \u00e9t\u00e9&hellip;\n","protected":false},"author":2,"featured_media":432330,"comment_status":"","ping_status":"","sticky":false,"template":"","format":"standard","meta":{"footnotes":""},"categories":[1587],"tags":[11,37571,672,1804,1805,1803,56024,1777,674,13407,45553,1801,56023,12,17453,1802],"class_list":{"0":"post-432329","1":"post","2":"type-post","3":"status-publish","4":"format-standard","5":"has-post-thumbnail","7":"category-allemagne","8":"tag-actualites","9":"tag-alerte-a-la-bombe","10":"tag-allemagne","11":"tag-bundesrepublik-deutschland","12":"tag-de","13":"tag-deutschland","14":"tag-dieter-reiter","15":"tag-eu","16":"tag-europe","17":"tag-fermeture","18":"tag-fete-de-la-biere","19":"tag-germany","20":"tag-lincendie-dune-maison","21":"tag-news","22":"tag-raison-d","23":"tag-republique-federale-dallemagne"},"share_on_mastodon":{"url":"https:\/\/pubeurope.com\/@fr\/115301607372939993","error":""},"_links":{"self":[{"href":"https:\/\/www.europesays.com\/fr\/wp-json\/wp\/v2\/posts\/432329","targetHints":{"allow":["GET"]}}],"collection":[{"href":"https:\/\/www.europesays.com\/fr\/wp-json\/wp\/v2\/posts"}],"about":[{"href":"https:\/\/www.europesays.com\/fr\/wp-json\/wp\/v2\/types\/post"}],"author":[{"embeddable":true,"href":"https:\/\/www.europesays.com\/fr\/wp-json\/wp\/v2\/users\/2"}],"replies":[{"embeddable":true,"href":"https:\/\/www.europesays.com\/fr\/wp-json\/wp\/v2\/comments?post=432329"}],"version-history":[{"count":0,"href":"https:\/\/www.europesays.com\/fr\/wp-json\/wp\/v2\/posts\/432329\/revisions"}],"wp:featuredmedia":[{"embeddable":true,"href":"https:\/\/www.europesays.com\/fr\/wp-json\/wp\/v2\/media\/432330"}],"wp:attachment":[{"href":"https:\/\/www.europesays.com\/fr\/wp-json\/wp\/v2\/media?parent=432329"}],"wp:term":[{"taxonomy":"category","embeddable":true,"href":"https:\/\/www.europesays.com\/fr\/wp-json\/wp\/v2\/categories?post=432329"},{"taxonomy":"post_tag","embeddable":true,"href":"https:\/\/www.europesays.com\/fr\/wp-json\/wp\/v2\/tags?post=432329"}],"curies":[{"name":"wp","href":"https:\/\/api.w.org\/{rel}","templated":true}]}}